{"id":1511,"date":"2024-02-13T18:01:48","date_gmt":"2024-02-13T16:01:48","guid":{"rendered":"https:\/\/chalons.catholique.fr\/vesle\/?p=1511"},"modified":"2024-02-13T18:03:45","modified_gmt":"2024-02-13T16:03:45","slug":"zoom-sur-le-sacrement-des-malades","status":"publish","type":"post","link":"https:\/\/chalons.catholique.fr\/vesle\/2024\/02\/13\/zoom-sur-le-sacrement-des-malades\/","title":{"rendered":"ZOOM sur le sacrement des malades"},"content":{"rendered":"<p><strong>Il est promulgu\u00e9 dans l\u2019\u00e9p\u00eetre de saint Jacques. <\/strong>L\u2019onction des malades est l\u2019un des sept sacrements de l\u2019Eglise catholique. Elle est le signe de la pr\u00e9sence du Christ ressuscit\u00e9 aupr\u00e8s des personnes \u00e9prouv\u00e9es par la maladie physique ou psychique ou par la vieillesse. Ce sacrement est c\u00e9l\u00e9br\u00e9 par un pr\u00eatre et consiste en l\u2019onction d\u2019huile b\u00e9nite sur le front et en l\u2019imposition des mains ce qui apporte aux malades force et douceur. On le re\u00e7oit lors de la messe ou chez soi, si l\u2019impossibilit\u00e9 de se d\u00e9placer nous y contraint. Les malades d\u00e9signent ce sacrement, qu\u2019ils peuvent recevoir \u00e0 plusieurs reprises, comme une aide \u00e0 vivre une p\u00e9riode difficile et comme un soutien essentiel pour traverser des moments douloureux.<\/p>\n<p>&nbsp;<\/p>\n","protected":false},"excerpt":{"rendered":"<p>Il est promulgu\u00e9 dans l\u2019\u00e9p\u00eetre de saint Jacques. L\u2019onction des malades est l\u2019un des sept sacrements de l\u2019Eglise catholique. Elle est le signe de la pr\u00e9sence du Christ ressuscit\u00e9 aupr\u00e8s des personnes \u00e9prouv\u00e9es par la maladie physique ou psychique ou par la vieillesse. Ce sacrement est c\u00e9l\u00e9br\u00e9 par un pr\u00eatre et consiste en l\u2019onction d\u2019huile [&hellip;]<\/p>\n","protected":false},"author":5,"featured_media":0,"comment_status":"closed","ping_status":"open","sticky":false,"template":"","format":"standard","meta":{"xn-wppe-expiration":[],"xn-wppe-expiration-action":[],"xn-wppe-expiration-prefix":[],"footnotes":""},"categories":[32],"tags":[33,36,35],"_links":{"self":[{"href":"https:\/\/chalons.catholique.fr\/vesle\/wp-json\/wp\/v2\/posts\/1511"}],"collection":[{"href":"https:\/\/chalons.catholique.fr\/vesle\/wp-json\/wp\/v2\/posts"}],"about":[{"href":"https:\/\/chalons.catholique.fr\/vesle\/wp-json\/wp\/v2\/types\/post"}],"author":[{"embeddable":true,"href":"https:\/\/chalons.catholique.fr\/vesle\/wp-json\/wp\/v2\/users\/5"}],"replies":[{"embeddable":true,"href":"https:\/\/chalons.catholique.fr\/vesle\/wp-json\/wp\/v2\/comments?post=1511"}],"version-history":[{"count":2,"href":"https:\/\/chalons.catholique.fr\/vesle\/wp-json\/wp\/v2\/posts\/1511\/revisions"}],"predecessor-version":[{"id":1513,"href":"https:\/\/chalons.catholique.fr\/vesle\/wp-json\/wp\/v2\/posts\/1511\/revisions\/1513"}],"wp:attachment":[{"href":"https:\/\/chalons.catholique.fr\/vesle\/wp-json\/wp\/v2\/media?parent=1511"}],"wp:term":[{"taxonomy":"category","embeddable":true,"href":"https:\/\/chalons.catholique.fr\/vesle\/wp-json\/wp\/v2\/categories?post=1511"},{"taxonomy":"post_tag","embeddable":true,"href":"https:\/\/chalons.catholique.fr\/vesle\/wp-json\/wp\/v2\/tags?post=1511"}],"curies":[{"name":"wp","href":"https:\/\/api.w.org\/{rel}","templated":true}]}}