{"id":1489,"date":"2024-01-19T12:51:59","date_gmt":"2024-01-19T10:51:59","guid":{"rendered":"https:\/\/chalons.catholique.fr\/vesle\/?p=1489"},"modified":"2024-01-19T12:51:59","modified_gmt":"2024-01-19T10:51:59","slug":"zoom-sur-lequipe-bapteme","status":"publish","type":"post","link":"https:\/\/chalons.catholique.fr\/vesle\/2024\/01\/19\/zoom-sur-lequipe-bapteme\/","title":{"rendered":"Zoom sur l&rsquo;\u00e9quipe Bapt\u00eame"},"content":{"rendered":"<p>\u2026 qui comprend une dizaine de membres exclusivement f\u00e9minin au c\u00f4t\u00e9 du diacre et du pr\u00eatre de la paroisse. Il s\u2019agit d\u2019accompagner les familles au cours de deux rencontres officielles\u00a0: la premi\u00e8re, avec le pr\u00eatre, le diacre et les familles, pour rappeler le sens du bapt\u00eame et la symbolique de la c\u00e9r\u00e9monie et \u00e9changer sur la lecture d\u2019une image sur le choix du sacrement. La seconde rencontre concerne seulement un des membres de l\u2019\u00e9quipe qui se rend dans la famille pour choisir textes et chants et cr\u00e9er ensemble le livret du bapt\u00eame. La responsable de l\u2019\u00e9quipe depuis une dizaine d\u2019ann\u00e9es, H\u00e9l\u00e8ne Gobillard reconnait le bonheur ressenti \u00e0 rencontrer des couples dans cette d\u00e9marche li\u00e9e \u00e0 leur foi, \u00e0 leurs valeurs ou \u00e0 ce que repr\u00e9sente pour eux le bapt\u00eame. C\u2019est aussi un enrichissement personnel et un apport r\u00e9ciproque facilit\u00e9s par la libert\u00e9 offerte par Don J\u00e9r\u00f4me du jour (samedi ou dimanche) comme du lieu (basilique ou \u00e9glises de paroisse) du sacrement.<\/p>\n<p>&nbsp;<\/p>\n","protected":false},"excerpt":{"rendered":"<p>\u2026 qui comprend une dizaine de membres exclusivement f\u00e9minin au c\u00f4t\u00e9 du diacre et du pr\u00eatre de la paroisse. Il s\u2019agit d\u2019accompagner les familles au cours de deux rencontres officielles\u00a0: la premi\u00e8re, avec le pr\u00eatre, le diacre et les familles, pour rappeler le sens du bapt\u00eame et la symbolique de la c\u00e9r\u00e9monie et \u00e9changer sur [&hellip;]<\/p>\n","protected":false},"author":5,"featured_media":0,"comment_status":"closed","ping_status":"open","sticky":false,"template":"","format":"standard","meta":{"xn-wppe-expiration":[],"xn-wppe-expiration-action":[],"xn-wppe-expiration-prefix":[],"footnotes":""},"categories":[32],"tags":[33,36,35],"_links":{"self":[{"href":"https:\/\/chalons.catholique.fr\/vesle\/wp-json\/wp\/v2\/posts\/1489"}],"collection":[{"href":"https:\/\/chalons.catholique.fr\/vesle\/wp-json\/wp\/v2\/posts"}],"about":[{"href":"https:\/\/chalons.catholique.fr\/vesle\/wp-json\/wp\/v2\/types\/post"}],"author":[{"embeddable":true,"href":"https:\/\/chalons.catholique.fr\/vesle\/wp-json\/wp\/v2\/users\/5"}],"replies":[{"embeddable":true,"href":"https:\/\/chalons.catholique.fr\/vesle\/wp-json\/wp\/v2\/comments?post=1489"}],"version-history":[{"count":2,"href":"https:\/\/chalons.catholique.fr\/vesle\/wp-json\/wp\/v2\/posts\/1489\/revisions"}],"predecessor-version":[{"id":1491,"href":"https:\/\/chalons.catholique.fr\/vesle\/wp-json\/wp\/v2\/posts\/1489\/revisions\/1491"}],"wp:attachment":[{"href":"https:\/\/chalons.catholique.fr\/vesle\/wp-json\/wp\/v2\/media?parent=1489"}],"wp:term":[{"taxonomy":"category","embeddable":true,"href":"https:\/\/chalons.catholique.fr\/vesle\/wp-json\/wp\/v2\/categories?post=1489"},{"taxonomy":"post_tag","embeddable":true,"href":"https:\/\/chalons.catholique.fr\/vesle\/wp-json\/wp\/v2\/tags?post=1489"}],"curies":[{"name":"wp","href":"https:\/\/api.w.org\/{rel}","templated":true}]}}