{"id":1460,"date":"2024-01-16T17:35:22","date_gmt":"2024-01-16T15:35:22","guid":{"rendered":"https:\/\/chalons.catholique.fr\/vesle\/?p=1460"},"modified":"2024-01-16T17:35:22","modified_gmt":"2024-01-16T15:35:22","slug":"voeux-2024","status":"publish","type":"post","link":"https:\/\/chalons.catholique.fr\/vesle\/2024\/01\/16\/voeux-2024\/","title":{"rendered":"V\u0153ux 2024"},"content":{"rendered":"<div class=\"video-shortcode\"><iframe title=\"V\u0153ux 2024\" width=\"1100\" height=\"619\" src=\"https:\/\/www.youtube.com\/embed\/I94p010Llb8?feature=oembed\" frameborder=\"0\" allow=\"accelerometer; autoplay; clipboard-write; encrypted-media; gyroscope; picture-in-picture; web-share\" allowfullscreen><\/iframe><\/div>\n<p>V\u0153ux du P\u00e8re Denis V\u00e9jux, administrateur dioc\u00e9sain.<\/p>\n","protected":false},"excerpt":{"rendered":"<p>V\u0153ux du P\u00e8re Denis V\u00e9jux, administrateur dioc\u00e9sain.<\/p>\n","protected":false},"author":158,"featured_media":0,"comment_status":"closed","ping_status":"open","sticky":false,"template":"","format":"standard","meta":{"xn-wppe-expiration":[],"xn-wppe-expiration-action":[],"xn-wppe-expiration-prefix":[],"footnotes":""},"categories":[32],"tags":[33,36,35],"_links":{"self":[{"href":"https:\/\/chalons.catholique.fr\/vesle\/wp-json\/wp\/v2\/posts\/1460"}],"collection":[{"href":"https:\/\/chalons.catholique.fr\/vesle\/wp-json\/wp\/v2\/posts"}],"about":[{"href":"https:\/\/chalons.catholique.fr\/vesle\/wp-json\/wp\/v2\/types\/post"}],"author":[{"embeddable":true,"href":"https:\/\/chalons.catholique.fr\/vesle\/wp-json\/wp\/v2\/users\/158"}],"replies":[{"embeddable":true,"href":"https:\/\/chalons.catholique.fr\/vesle\/wp-json\/wp\/v2\/comments?post=1460"}],"version-history":[{"count":1,"href":"https:\/\/chalons.catholique.fr\/vesle\/wp-json\/wp\/v2\/posts\/1460\/revisions"}],"predecessor-version":[{"id":1461,"href":"https:\/\/chalons.catholique.fr\/vesle\/wp-json\/wp\/v2\/posts\/1460\/revisions\/1461"}],"wp:attachment":[{"href":"https:\/\/chalons.catholique.fr\/vesle\/wp-json\/wp\/v2\/media?parent=1460"}],"wp:term":[{"taxonomy":"category","embeddable":true,"href":"https:\/\/chalons.catholique.fr\/vesle\/wp-json\/wp\/v2\/categories?post=1460"},{"taxonomy":"post_tag","embeddable":true,"href":"https:\/\/chalons.catholique.fr\/vesle\/wp-json\/wp\/v2\/tags?post=1460"}],"curies":[{"name":"wp","href":"https:\/\/api.w.org\/{rel}","templated":true}]}}