{"id":1410,"date":"2024-01-03T10:41:56","date_gmt":"2024-01-03T08:41:56","guid":{"rendered":"https:\/\/chalons.catholique.fr\/vesle\/?p=1410"},"modified":"2024-01-03T10:42:50","modified_gmt":"2024-01-03T08:42:50","slug":"zoom-sur-la-veillee-de-noel","status":"publish","type":"post","link":"https:\/\/chalons.catholique.fr\/vesle\/2024\/01\/03\/zoom-sur-la-veillee-de-noel\/","title":{"rendered":"Zoom sur la veill\u00e9e de No\u00ebl"},"content":{"rendered":"<p>En ce soir du 24 d\u00e9cembre, une quinzaine d\u2019enfants, guid\u00e9e par trois parents et Don J\u00e9r\u00f4me, ont pr\u00e9par\u00e9 une veill\u00e9e sobre, solennelle et touchante. Apr\u00e8s 6 heures de r\u00e9p\u00e9tition, l\u2019apprentissage de leur texte et chants, les enfants sont apparus au fond de l\u2019\u00e9glise de Courtisols et ont spirituellement progress\u00e9 vers la cr\u00e8che. Ils ont orient\u00e9, par leurs chants et leurs lumi\u00e8res, leur c\u0153ur vers la venue du Seigneur. Ce fut un moment de paix, de joie et de contemplation de l\u2019Enfant J\u00e9sus nouveau-n\u00e9 avant la c\u00e9l\u00e9bration de la messe.<\/p>\n","protected":false},"excerpt":{"rendered":"<p>En ce soir du 24 d\u00e9cembre, une quinzaine d\u2019enfants, guid\u00e9e par trois parents et Don J\u00e9r\u00f4me, ont pr\u00e9par\u00e9 une veill\u00e9e sobre, solennelle et touchante. Apr\u00e8s 6 heures de r\u00e9p\u00e9tition, l\u2019apprentissage de leur texte et chants, les enfants sont apparus au fond de l\u2019\u00e9glise de Courtisols et ont spirituellement progress\u00e9 vers la cr\u00e8che. Ils ont orient\u00e9, [&hellip;]<\/p>\n","protected":false},"author":5,"featured_media":0,"comment_status":"closed","ping_status":"open","sticky":false,"template":"","format":"standard","meta":{"xn-wppe-expiration":[],"xn-wppe-expiration-action":[],"xn-wppe-expiration-prefix":[],"footnotes":""},"categories":[32],"tags":[33,36,35],"_links":{"self":[{"href":"https:\/\/chalons.catholique.fr\/vesle\/wp-json\/wp\/v2\/posts\/1410"}],"collection":[{"href":"https:\/\/chalons.catholique.fr\/vesle\/wp-json\/wp\/v2\/posts"}],"about":[{"href":"https:\/\/chalons.catholique.fr\/vesle\/wp-json\/wp\/v2\/types\/post"}],"author":[{"embeddable":true,"href":"https:\/\/chalons.catholique.fr\/vesle\/wp-json\/wp\/v2\/users\/5"}],"replies":[{"embeddable":true,"href":"https:\/\/chalons.catholique.fr\/vesle\/wp-json\/wp\/v2\/comments?post=1410"}],"version-history":[{"count":3,"href":"https:\/\/chalons.catholique.fr\/vesle\/wp-json\/wp\/v2\/posts\/1410\/revisions"}],"predecessor-version":[{"id":1413,"href":"https:\/\/chalons.catholique.fr\/vesle\/wp-json\/wp\/v2\/posts\/1410\/revisions\/1413"}],"wp:attachment":[{"href":"https:\/\/chalons.catholique.fr\/vesle\/wp-json\/wp\/v2\/media?parent=1410"}],"wp:term":[{"taxonomy":"category","embeddable":true,"href":"https:\/\/chalons.catholique.fr\/vesle\/wp-json\/wp\/v2\/categories?post=1410"},{"taxonomy":"post_tag","embeddable":true,"href":"https:\/\/chalons.catholique.fr\/vesle\/wp-json\/wp\/v2\/tags?post=1410"}],"curies":[{"name":"wp","href":"https:\/\/api.w.org\/{rel}","templated":true}]}}