{"id":1393,"date":"2023-12-03T12:03:40","date_gmt":"2023-12-03T10:03:40","guid":{"rendered":"https:\/\/chalons.catholique.fr\/vesle\/?p=1393"},"modified":"2023-12-22T12:04:28","modified_gmt":"2023-12-22T10:04:28","slug":"zoom-sur-lenfance-missionnaire","status":"publish","type":"post","link":"https:\/\/chalons.catholique.fr\/vesle\/2023\/12\/03\/zoom-sur-lenfance-missionnaire\/","title":{"rendered":"Zoom sur L\u2019Enfance Missionnaire"},"content":{"rendered":"<p><strong>\u00ab\u00a0<\/strong><strong>Les enfants aident les enfants, les enfants \u00e9vang\u00e9lisent les enfants \u00bb <\/strong><\/p>\n<p>L\u2019\u0152uvre pontificale de l\u2019Enfance missionnaire fut cr\u00e9\u00e9e en <strong>1843<\/strong> par <strong>Mgr Toussaint de Forbin-Janson,<\/strong> Ev\u00eaque de Nancy, pour \u00e9duquer les enfants \u00e0 l\u2019esprit missionnaire, en les int\u00e9ressant aux besoins des jeunes de leur \u00e2ge vivant dans les pays de mission au travers de l\u2019offrande de pri\u00e8res et d\u2019aides mat\u00e9rielles. Il propose aux enfants de France de l\u2019aider \u00e0 r\u00e9aliser son r\u00eave\u00a0: faire sortir les enfants de la pauvret\u00e9 et leur annoncer l\u2019Evangile, suite \u00e0 l\u2019histoire de Pauline Jaricot,\u00a0lyonnaise, qui \u00e0 17 ans, offre sa vie au Seigneur et d\u00e9cide de mettre toute son \u00e9nergie \u00e0 aider les pauvres.<\/p>\n<p>L\u2019objectif est d\u2019<strong>aider les enfants \u00e0 d\u00e9couvrir que leur foi les rend solidaires des enfants des autres pays,<\/strong> et de leur permettre de <strong>jouer un r\u00f4le actif dans la construction du monde<\/strong>. C\u2019est une invitation \u00e0 <strong>prendre sa place de chr\u00e9tien dans le monde.<\/strong><\/p>\n<p>Ce sera l\u2019\u0153uvre de la Sainte-Enfance, aujourd\u2019hui l\u2019<strong>EM<\/strong>, qui est r\u00e9pandue dans le monde entier sous la protection de Saint Paul Chen, jeune martyr chinois mort en 1861, qui avait \u00e9t\u00e9 scolaris\u00e9 gr\u00e2ce au soutien de l\u2019\u0153uvre. Depuis 1922, la Propagation de la Foi, l\u2019Enfance Missionnaire et deux autres \u0153uvres sont r\u00e9unis sous la banni\u00e8re du pape et sont devenues des \u0153uvres pontificales.<\/p>\n<p>L\u2019Enfance Missionnaire pr\u00e9pare et accompagne <strong>l\u2019engagement des<\/strong> <strong>enfants.<\/strong> C\u2019est <strong>un r\u00e9el projet \u00e9ducatif et p\u00e9dagogique<\/strong> qui ouvre \u00e0 la communion universelle de l\u2019Eglise par\u00a0l\u2019\u00e9coute, la curiosit\u00e9, l\u2019\u00e9merveillement devant la beaut\u00e9 de la cr\u00e9ation, la gratitude, le don de soi, la fid\u00e9lit\u00e9, la charit\u00e9, la solidarit\u00e9, la responsabilit\u00e9 et la fraternit\u00e9. Il s\u2019agit de la p\u00e9dagogie des trois P\u00a0: <strong>Prier, Partager, Parler.<\/strong><\/p>\n<p>C\u2019est d\u2019abord <strong>une gr\u00e2ce eccl\u00e9siale.<\/strong> L\u2019enfant est reconnu comme acteur de la mission de l\u2019Eglise. Ce n\u2019est pas plus tard, mais aujourd\u2019hui qu\u2019il s\u2019engage. <strong>Les enfants devront prier chaque jour et offrir leur argent<\/strong> <strong>de poche.<\/strong> Ils ont l\u2019\u00e9lan du c\u0153ur rapide et spontan\u00e9. Ils prennent conscience de ce qu\u2019ils ont et de ce que les autres n\u2019ont pas. C\u2019est un chemin de foi dont ils font l\u2019exp\u00e9rience.<\/p>\n<p>L\u2019esprit missionnaire est l\u2019esprit m\u00eame de J\u00e9sus qui veut du bien a\u0300 tous, qui veut que tous soient sauv\u00e9s et heureux de vivre avec Dieu. \u00ca<strong>tre un enfant-missionnaire, c\u2019est aussi \u00eatre t\u00e9moin de l\u2019amour infini<\/strong> <strong>de Dieu et vivre de l\u2019Evangile.<\/strong><\/p>\n<p>L\u2019Enfance Missionnaire invite \u00e0 organiser d\u2019une mani\u00e8re solennelle une <strong>c\u00e9l\u00e9bration d\u2019engagement<\/strong> qui aura lieu <strong>le 17 d\u00e9cembre \u00e0 la basilique<\/strong> <strong>Notre-Dame de l\u2019Epine<\/strong> o\u00f9 l\u2019enfant va dire une parole \u00ab\u00a0Me voici\u00a0\u00bb, faire un geste\u00a0(s\u2019approcher de l\u2019autel et du pr\u00eatre), recevoir de l\u2019Eglise sa mission de pri\u00e8re (dioc\u00e8se et pays) et une \u00e9charpe, signe concret de son appartenance \u00e0 l\u2019Enfance Missionnaire. (Echarpe ayant la couleur du continent o\u00f9 se trouve le dioc\u00e8se pour lequel il prie). Il re\u00e7oit aussi une carte d\u2019engagement qui l\u2019accompagne dans sa d\u00e9marche spirituelle. Cet engagement peut \u00eatre renouvel\u00e9 chaque ann\u00e9e.<\/p>\n","protected":false},"excerpt":{"rendered":"<p>\u00ab\u00a0Les enfants aident les enfants, les enfants \u00e9vang\u00e9lisent les enfants \u00bb L\u2019\u0152uvre pontificale de l\u2019Enfance missionnaire fut cr\u00e9\u00e9e en 1843 par Mgr Toussaint de Forbin-Janson, Ev\u00eaque de Nancy, pour \u00e9duquer les enfants \u00e0 l\u2019esprit missionnaire, en les int\u00e9ressant aux besoins des jeunes de leur \u00e2ge vivant dans les pays de mission au travers de l\u2019offrande [&hellip;]<\/p>\n","protected":false},"author":5,"featured_media":0,"comment_status":"closed","ping_status":"open","sticky":false,"template":"","format":"standard","meta":{"xn-wppe-expiration":[],"xn-wppe-expiration-action":[],"xn-wppe-expiration-prefix":[],"footnotes":""},"categories":[32],"tags":[34],"_links":{"self":[{"href":"https:\/\/chalons.catholique.fr\/vesle\/wp-json\/wp\/v2\/posts\/1393"}],"collection":[{"href":"https:\/\/chalons.catholique.fr\/vesle\/wp-json\/wp\/v2\/posts"}],"about":[{"href":"https:\/\/chalons.catholique.fr\/vesle\/wp-json\/wp\/v2\/types\/post"}],"author":[{"embeddable":true,"href":"https:\/\/chalons.catholique.fr\/vesle\/wp-json\/wp\/v2\/users\/5"}],"replies":[{"embeddable":true,"href":"https:\/\/chalons.catholique.fr\/vesle\/wp-json\/wp\/v2\/comments?post=1393"}],"version-history":[{"count":3,"href":"https:\/\/chalons.catholique.fr\/vesle\/wp-json\/wp\/v2\/posts\/1393\/revisions"}],"predecessor-version":[{"id":1396,"href":"https:\/\/chalons.catholique.fr\/vesle\/wp-json\/wp\/v2\/posts\/1393\/revisions\/1396"}],"wp:attachment":[{"href":"https:\/\/chalons.catholique.fr\/vesle\/wp-json\/wp\/v2\/media?parent=1393"}],"wp:term":[{"taxonomy":"category","embeddable":true,"href":"https:\/\/chalons.catholique.fr\/vesle\/wp-json\/wp\/v2\/categories?post=1393"},{"taxonomy":"post_tag","embeddable":true,"href":"https:\/\/chalons.catholique.fr\/vesle\/wp-json\/wp\/v2\/tags?post=1393"}],"curies":[{"name":"wp","href":"https:\/\/api.w.org\/{rel}","templated":true}]}}