{"id":1,"date":"2018-03-06T16:31:37","date_gmt":"2018-03-06T15:31:37","guid":{"rendered":"http:\/\/chalons.catholique.fr\/stetienne\/?p=1"},"modified":"2018-03-06T16:31:37","modified_gmt":"2018-03-06T15:31:37","slug":"bonjour-tout-le-monde","status":"publish","type":"post","link":"https:\/\/chalons.catholique.fr\/stetienne\/2018\/03\/06\/bonjour-tout-le-monde\/","title":{"rendered":"Bonjour tout le monde\u00a0!"},"content":{"rendered":"<p>Bienvenue dans <a href=\"https:\/\/chalons.catholique.fr\/\">R\u00e9seau Dioc\u00e8se de Ch\u00e2lons-en-Champagne<\/a>. Ceci est votre premier article. Modifiez-le ou supprimez-le, puis lancez-vous&nbsp;!<\/p>\n","protected":false},"excerpt":{"rendered":"<p>Bienvenue dans R\u00e9seau Dioc\u00e8se de Ch\u00e2lons-en-Champagne. Ceci est votre premier [&hellip;]<\/p>\n","protected":false},"author":1,"featured_media":0,"comment_status":"open","ping_status":"open","sticky":false,"template":"","format":"standard","meta":{"xn-wppe-expiration":[],"xn-wppe-expiration-action":[],"xn-wppe-expiration-prefix":[],"footnotes":""},"categories":[1],"tags":[],"_links":{"self":[{"href":"https:\/\/chalons.catholique.fr\/stetienne\/wp-json\/wp\/v2\/posts\/1"}],"collection":[{"href":"https:\/\/chalons.catholique.fr\/stetienne\/wp-json\/wp\/v2\/posts"}],"about":[{"href":"https:\/\/chalons.catholique.fr\/stetienne\/wp-json\/wp\/v2\/types\/post"}],"author":[{"embeddable":true,"href":"https:\/\/chalons.catholique.fr\/stetienne\/wp-json\/wp\/v2\/users\/1"}],"replies":[{"embeddable":true,"href":"https:\/\/chalons.catholique.fr\/stetienne\/wp-json\/wp\/v2\/comments?post=1"}],"version-history":[{"count":0,"href":"https:\/\/chalons.catholique.fr\/stetienne\/wp-json\/wp\/v2\/posts\/1\/revisions"}],"wp:attachment":[{"href":"https:\/\/chalons.catholique.fr\/stetienne\/wp-json\/wp\/v2\/media?parent=1"}],"wp:term":[{"taxonomy":"category","embeddable":true,"href":"https:\/\/chalons.catholique.fr\/stetienne\/wp-json\/wp\/v2\/categories?post=1"},{"taxonomy":"post_tag","embeddable":true,"href":"https:\/\/chalons.catholique.fr\/stetienne\/wp-json\/wp\/v2\/tags?post=1"}],"curies":[{"name":"wp","href":"https:\/\/api.w.org\/{rel}","templated":true}]}}