{"id":821,"date":"2016-10-09T19:24:01","date_gmt":"2016-10-09T18:24:01","guid":{"rendered":"http:\/\/chalons.catholique.fr\/saintleu\/?p=821"},"modified":"2016-11-01T12:10:17","modified_gmt":"2016-11-01T11:10:17","slug":"accueil-des-futurs-baptises-2","status":"publish","type":"post","link":"https:\/\/chalons.catholique.fr\/saintleu\/accueil-des-futurs-baptises-2\/","title":{"rendered":"Accueil des futurs baptis\u00e9s"},"content":{"rendered":"<p>A l&rsquo;issue de la messe de ce dimanche, nous avons eu le plaisir d&rsquo;accueillir trois familles pr\u00e9sentant un de leurs enfants en vue du bapt\u00eame. Nous souhaitons \u00e0 ces trois enfants un bel avenir humain et chr\u00e9tien.<\/p>\n\n\t\t<style type=\"text\/css\">\n\t\t\t#gallery-1 {\n\t\t\t\tmargin: auto;\n\t\t\t}\n\t\t\t#gallery-1 .gallery-item {\n\t\t\t\tfloat: left;\n\t\t\t\tmargin-top: 10px;\n\t\t\t\ttext-align: center;\n\t\t\t\twidth: 50%;\n\t\t\t}\n\t\t\t#gallery-1 img {\n\t\t\t\tborder: 2px solid #cfcfcf;\n\t\t\t}\n\t\t\t#gallery-1 .gallery-caption {\n\t\t\t\tmargin-left: 0;\n\t\t\t}\n\t\t\t\/* see gallery_shortcode() in wp-includes\/media.php *\/\n\t\t<\/style>\n\t\t<div id='gallery-1' class='gallery galleryid-821 gallery-columns-2 gallery-size-thumbnail'><dl class='gallery-item'>\n\t\t\t<dt class='gallery-icon landscape'>\n\t\t\t\t<a data-rel=\"iLightbox[postimages]\" data-title=\"p1180423\" data-caption=\"\" href='https:\/\/chalons.catholique.fr\/saintleu\/p1180423-2\/'><img width=\"150\" height=\"150\" src=\"https:\/\/chalons.catholique.fr\/saintleu\/wp-content\/uploads\/sites\/12\/2016\/10\/P1180423-1-150x150.jpg\" class=\"attachment-thumbnail size-thumbnail\" alt=\"\" decoding=\"async\" srcset=\"https:\/\/chalons.catholique.fr\/saintleu\/wp-content\/uploads\/sites\/12\/2016\/10\/P1180423-1-66x66.jpg 66w, https:\/\/chalons.catholique.fr\/saintleu\/wp-content\/uploads\/sites\/12\/2016\/10\/P1180423-1-150x150.jpg 150w, https:\/\/chalons.catholique.fr\/saintleu\/wp-content\/uploads\/sites\/12\/2016\/10\/P1180423-1-200x200.jpg 200w, https:\/\/chalons.catholique.fr\/saintleu\/wp-content\/uploads\/sites\/12\/2016\/10\/P1180423-1-300x300.jpg 300w, https:\/\/chalons.catholique.fr\/saintleu\/wp-content\/uploads\/sites\/12\/2016\/10\/P1180423-1-400x400.jpg 400w, https:\/\/chalons.catholique.fr\/saintleu\/wp-content\/uploads\/sites\/12\/2016\/10\/P1180423-1-600x600.jpg 600w, https:\/\/chalons.catholique.fr\/saintleu\/wp-content\/uploads\/sites\/12\/2016\/10\/P1180423-1-768x768.jpg 768w, https:\/\/chalons.catholique.fr\/saintleu\/wp-content\/uploads\/sites\/12\/2016\/10\/P1180423-1-800x800.jpg 800w, https:\/\/chalons.catholique.fr\/saintleu\/wp-content\/uploads\/sites\/12\/2016\/10\/P1180423-1-1024x1024.jpg 1024w, https:\/\/chalons.catholique.fr\/saintleu\/wp-content\/uploads\/sites\/12\/2016\/10\/P1180423-1-1200x1200.jpg 1200w\" sizes=\"(max-width: 150px) 100vw, 150px\" \/><\/a>\n\t\t\t<\/dt><\/dl><dl class='gallery-item'>\n\t\t\t<dt class='gallery-icon landscape'>\n\t\t\t\t<a data-rel=\"iLightbox[postimages]\" data-title=\"p1180422\" data-caption=\"\" href='https:\/\/chalons.catholique.fr\/saintleu\/accueil-des-futurs-baptises-2\/p1180422-3\/'><img width=\"150\" height=\"150\" src=\"https:\/\/chalons.catholique.fr\/saintleu\/wp-content\/uploads\/sites\/12\/2016\/10\/P1180422-2-e1476729061155-150x150.jpg\" class=\"attachment-thumbnail size-thumbnail\" alt=\"\" decoding=\"async\" srcset=\"https:\/\/chalons.catholique.fr\/saintleu\/wp-content\/uploads\/sites\/12\/2016\/10\/P1180422-2-e1476729061155-66x66.jpg 66w, https:\/\/chalons.catholique.fr\/saintleu\/wp-content\/uploads\/sites\/12\/2016\/10\/P1180422-2-e1476729061155-150x150.jpg 150w, https:\/\/chalons.catholique.fr\/saintleu\/wp-content\/uploads\/sites\/12\/2016\/10\/P1180422-2-e1476729061155-200x200.jpg 200w, https:\/\/chalons.catholique.fr\/saintleu\/wp-content\/uploads\/sites\/12\/2016\/10\/P1180422-2-e1476729061155-300x300.jpg 300w, https:\/\/chalons.catholique.fr\/saintleu\/wp-content\/uploads\/sites\/12\/2016\/10\/P1180422-2-e1476729061155-400x400.jpg 400w, https:\/\/chalons.catholique.fr\/saintleu\/wp-content\/uploads\/sites\/12\/2016\/10\/P1180422-2-e1476729061155-600x600.jpg 600w, https:\/\/chalons.catholique.fr\/saintleu\/wp-content\/uploads\/sites\/12\/2016\/10\/P1180422-2-e1476729061155-768x768.jpg 768w, https:\/\/chalons.catholique.fr\/saintleu\/wp-content\/uploads\/sites\/12\/2016\/10\/P1180422-2-e1476729061155-800x800.jpg 800w, https:\/\/chalons.catholique.fr\/saintleu\/wp-content\/uploads\/sites\/12\/2016\/10\/P1180422-2-e1476729061155-1024x1024.jpg 1024w, https:\/\/chalons.catholique.fr\/saintleu\/wp-content\/uploads\/sites\/12\/2016\/10\/P1180422-2-e1476729061155-1200x1200.jpg 1200w\" sizes=\"(max-width: 150px) 100vw, 150px\" \/><\/a>\n\t\t\t<\/dt><\/dl><br style=\"clear: both\" \/>\n\t\t<\/div>\n\n","protected":false},"excerpt":{"rendered":"<p>A l&rsquo;issue de la messe de ce dimanche, nous avons eu le plaisir d&rsquo;accueillir trois familles pr\u00e9sentant un de leurs enfants en vue du bapt\u00eame. Nous souhaitons \u00e0 ces trois enfants un bel avenir humain et chr\u00e9tien.<\/p>\n","protected":false},"author":36,"featured_media":0,"comment_status":"closed","ping_status":"closed","sticky":false,"template":"","format":"standard","meta":{"xn-wppe-expiration":[],"xn-wppe-expiration-action":[],"xn-wppe-expiration-prefix":[],"footnotes":""},"categories":[1],"tags":[],"_links":{"self":[{"href":"https:\/\/chalons.catholique.fr\/saintleu\/wp-json\/wp\/v2\/posts\/821"}],"collection":[{"href":"https:\/\/chalons.catholique.fr\/saintleu\/wp-json\/wp\/v2\/posts"}],"about":[{"href":"https:\/\/chalons.catholique.fr\/saintleu\/wp-json\/wp\/v2\/types\/post"}],"author":[{"embeddable":true,"href":"https:\/\/chalons.catholique.fr\/saintleu\/wp-json\/wp\/v2\/users\/36"}],"replies":[{"embeddable":true,"href":"https:\/\/chalons.catholique.fr\/saintleu\/wp-json\/wp\/v2\/comments?post=821"}],"version-history":[{"count":0,"href":"https:\/\/chalons.catholique.fr\/saintleu\/wp-json\/wp\/v2\/posts\/821\/revisions"}],"wp:attachment":[{"href":"https:\/\/chalons.catholique.fr\/saintleu\/wp-json\/wp\/v2\/media?parent=821"}],"wp:term":[{"taxonomy":"category","embeddable":true,"href":"https:\/\/chalons.catholique.fr\/saintleu\/wp-json\/wp\/v2\/categories?post=821"},{"taxonomy":"post_tag","embeddable":true,"href":"https:\/\/chalons.catholique.fr\/saintleu\/wp-json\/wp\/v2\/tags?post=821"}],"curies":[{"name":"wp","href":"https:\/\/api.w.org\/{rel}","templated":true}]}}