{"id":5768,"date":"2019-11-29T07:43:03","date_gmt":"2019-11-29T06:43:03","guid":{"rendered":"http:\/\/chalons.catholique.fr\/saintleu\/?p=5768"},"modified":"2019-11-29T07:51:30","modified_gmt":"2019-11-29T06:51:30","slug":"sainte-cecile-fetee-en-leglise-saint-martin-de-vertus-et-un-vingt-cinquieme-anniversaire-pour-lharmonie-les-chardonnay","status":"publish","type":"post","link":"https:\/\/chalons.catholique.fr\/saintleu\/sainte-cecile-fetee-en-leglise-saint-martin-de-vertus-et-un-vingt-cinquieme-anniversaire-pour-lharmonie-les-chardonnay\/","title":{"rendered":"Sainte C\u00e9cile f\u00eat\u00e9e en l&rsquo;\u00e9glise Saint Martin de Vertus, et un vingt-cinqui\u00e8me anniversaire pour l\u2019Harmonie \u2019\u2019Les Chardonnay\u2019\u2019"},"content":{"rendered":"<h5>Dans le calendrier liturgique, il existe plusieurs Sainte C\u00e9cile\u00a0: Sainte C\u00e9cile de Remiremont, f\u00eat\u00e9e le 12 ao\u00fbt, Sainte C\u00e9cile de Cor\u00e9e, honor\u00e9e le 6 mai. C\u2019est Sainte C\u00e9cile de Rome que nous f\u00eatons vers le 22 novembre la patronne des musiciens\u00a0: instrumentistes, choristes, compositeurs\u2026<\/h5>\n<h5>C\u2019est en l\u2019\u00e9glise de Vertus que cette sainte patronne a \u00e9t\u00e9 v\u00e9n\u00e9r\u00e9e. L\u2019office \u00e9tait c\u00e9l\u00e9br\u00e9 par le P\u00e8re Gr\u00e9goire Herman, en pr\u00e9sence notamment de monsieur Perrot, maire et des \u00e9lus locaux. L\u2019harmonie municipale \u00ab\u00a0Les Chardonnay\u00a0\u00bb, qui arborait une nouvelle tenue et conduite par Vincent Boutillier son directeur, a accompagn\u00e9 cette messe de c\u00e9l\u00e9bration par des airs connus\u00a0: \u00ab\u00a0Black or white\u00a0\u00bb, \u00ab\u00a0L\u2019aigle noir\u00a0\u00bb, \u00ab\u00a0from Russia with love\u00a0\u00bb et par un brillant trio de trompettes\u00a0:\u00a0\u00bbBugler\u2019s holiday\u00a0\u00bb. Cet office n\u2019aurait pas \u00e9t\u00e9 complet sans une chorale dynamique men\u00e9e par Marie-Claire Mangeot et accompagn\u00e9e \u00e0 l\u2019orgue par Michel M\u00e9a. Cette g\u00e9n\u00e9rosit\u00e9 et cette magnificence ont \u00e9t\u00e9 ovationn\u00e9es par les applaudissements des fid\u00e8les pr\u00e9sents \u00e0 la fin de l\u2019office.<\/h5>\n<h5>Pour que la f\u00eate soit compl\u00e8te, un vin d\u2019honneur a \u00e9t\u00e9 servi \u00e0 la salle des f\u00eates, occasion de remettre quelques m\u00e9dailles aux musiciens m\u00e9ritants pour leur fid\u00e9lit\u00e9\u00a0: Mesdames Tapin-Dealberto Marie Fran\u00e7oise, Champy Florence, Raj Christabel et Dervaux Sylvie, et pour les messieurs\u00a0: Cintra Jean et Lepage Jean-Louis. Dans son discours, le maire, Pascal Perrot a f\u00e9licit\u00e9 tout cet ensemble et pr\u00e9cis\u00e9 qu\u2019il envisageait de d\u00e9placer la maison des associations, vers le b\u00e2timent de l\u2019ancienne maison de retraite qui sera lib\u00e9r\u00e9e d\u00e8s la fin de cette ann\u00e9e. Affaire \u00e0 suivre. Le chef d\u2019orchestre et professeur\u00a0: Vincent Boutillier n\u2019a pas \u00e9t\u00e9 oubli\u00e9, et pour 30 ann\u00e9es de participation au sein de plusieurs formations, il s\u2019est vu remettre avec \u00e9motion en guise de cadeau et t\u00e9moignage d\u2019amiti\u00e9, un pupitre\u2026 de chef\u00a0! Ce dernier a pr\u00e9cis\u00e9 en outre qu\u2019il a re\u00e7u plusieurs offres de prestations pour 2020, notamment une sortie \u00e0 Anglure, le prochain congr\u00e8s des pompiers et le d\u00e9fil\u00e9 des f\u00eates Henri IV \u00e0 A\u00ff<\/h5>\n<h5>Dans une ambiance joyeuse et conviviale, la soir\u00e9e s\u2019est termin\u00e9e par un repas dansant anim\u00e9 par Vincent Boutillier.<\/h5>\n<p><a href=\"https:\/\/chalons.catholique.fr\/saintleu\/wp-content\/uploads\/sites\/12\/2019\/11\/P1030269.jpg\"><img decoding=\"async\" class=\"alignnone wp-image-5760 size-medium\" src=\"https:\/\/chalons.catholique.fr\/saintleu\/wp-content\/uploads\/sites\/12\/2019\/11\/P1030269-300x225.jpg\" alt=\"\" width=\"300\" height=\"225\" srcset=\"https:\/\/chalons.catholique.fr\/saintleu\/wp-content\/uploads\/sites\/12\/2019\/11\/P1030269-200x150.jpg 200w, https:\/\/chalons.catholique.fr\/saintleu\/wp-content\/uploads\/sites\/12\/2019\/11\/P1030269-300x225.jpg 300w, https:\/\/chalons.catholique.fr\/saintleu\/wp-content\/uploads\/sites\/12\/2019\/11\/P1030269-400x300.jpg 400w, https:\/\/chalons.catholique.fr\/saintleu\/wp-content\/uploads\/sites\/12\/2019\/11\/P1030269-600x450.jpg 600w, https:\/\/chalons.catholique.fr\/saintleu\/wp-content\/uploads\/sites\/12\/2019\/11\/P1030269-768x576.jpg 768w, https:\/\/chalons.catholique.fr\/saintleu\/wp-content\/uploads\/sites\/12\/2019\/11\/P1030269.jpg 800w\" sizes=\"(max-width: 300px) 100vw, 300px\" \/><\/a> <a href=\"https:\/\/chalons.catholique.fr\/saintleu\/wp-content\/uploads\/sites\/12\/2019\/11\/Michel-M\u00e9a.jpg\"><img decoding=\"async\" class=\"alignnone wp-image-5770 size-medium\" src=\"https:\/\/chalons.catholique.fr\/saintleu\/wp-content\/uploads\/sites\/12\/2019\/11\/Michel-M\u00e9a-300x225.jpg\" alt=\"\" width=\"300\" height=\"225\" srcset=\"https:\/\/chalons.catholique.fr\/saintleu\/wp-content\/uploads\/sites\/12\/2019\/11\/Michel-M\u00e9a-200x150.jpg 200w, https:\/\/chalons.catholique.fr\/saintleu\/wp-content\/uploads\/sites\/12\/2019\/11\/Michel-M\u00e9a-300x225.jpg 300w, https:\/\/chalons.catholique.fr\/saintleu\/wp-content\/uploads\/sites\/12\/2019\/11\/Michel-M\u00e9a-400x300.jpg 400w, https:\/\/chalons.catholique.fr\/saintleu\/wp-content\/uploads\/sites\/12\/2019\/11\/Michel-M\u00e9a-600x450.jpg 600w, https:\/\/chalons.catholique.fr\/saintleu\/wp-content\/uploads\/sites\/12\/2019\/11\/Michel-M\u00e9a-768x576.jpg 768w, https:\/\/chalons.catholique.fr\/saintleu\/wp-content\/uploads\/sites\/12\/2019\/11\/Michel-M\u00e9a.jpg 800w\" sizes=\"(max-width: 300px) 100vw, 300px\" \/><\/a><a href=\"https:\/\/chalons.catholique.fr\/saintleu\/wp-content\/uploads\/sites\/12\/2019\/11\/P1030271.jpg\"><img decoding=\"async\" class=\"alignnone wp-image-5761 size-medium\" src=\"https:\/\/chalons.catholique.fr\/saintleu\/wp-content\/uploads\/sites\/12\/2019\/11\/P1030271-300x225.jpg\" alt=\"\" width=\"300\" height=\"225\" srcset=\"https:\/\/chalons.catholique.fr\/saintleu\/wp-content\/uploads\/sites\/12\/2019\/11\/P1030271-200x150.jpg 200w, https:\/\/chalons.catholique.fr\/saintleu\/wp-content\/uploads\/sites\/12\/2019\/11\/P1030271-300x225.jpg 300w, https:\/\/chalons.catholique.fr\/saintleu\/wp-content\/uploads\/sites\/12\/2019\/11\/P1030271-400x300.jpg 400w, https:\/\/chalons.catholique.fr\/saintleu\/wp-content\/uploads\/sites\/12\/2019\/11\/P1030271-600x450.jpg 600w, https:\/\/chalons.catholique.fr\/saintleu\/wp-content\/uploads\/sites\/12\/2019\/11\/P1030271-768x576.jpg 768w, https:\/\/chalons.catholique.fr\/saintleu\/wp-content\/uploads\/sites\/12\/2019\/11\/P1030271.jpg 800w\" sizes=\"(max-width: 300px) 100vw, 300px\" \/><\/a> <a href=\"https:\/\/chalons.catholique.fr\/saintleu\/wp-content\/uploads\/sites\/12\/2019\/11\/P1030274.jpg\"><img decoding=\"async\" class=\"alignnone wp-image-5762 size-medium\" src=\"https:\/\/chalons.catholique.fr\/saintleu\/wp-content\/uploads\/sites\/12\/2019\/11\/P1030274-300x225.jpg\" alt=\"\" width=\"300\" height=\"225\" srcset=\"https:\/\/chalons.catholique.fr\/saintleu\/wp-content\/uploads\/sites\/12\/2019\/11\/P1030274-200x150.jpg 200w, https:\/\/chalons.catholique.fr\/saintleu\/wp-content\/uploads\/sites\/12\/2019\/11\/P1030274-300x225.jpg 300w, https:\/\/chalons.catholique.fr\/saintleu\/wp-content\/uploads\/sites\/12\/2019\/11\/P1030274-400x300.jpg 400w, https:\/\/chalons.catholique.fr\/saintleu\/wp-content\/uploads\/sites\/12\/2019\/11\/P1030274-600x450.jpg 600w, https:\/\/chalons.catholique.fr\/saintleu\/wp-content\/uploads\/sites\/12\/2019\/11\/P1030274-768x576.jpg 768w, https:\/\/chalons.catholique.fr\/saintleu\/wp-content\/uploads\/sites\/12\/2019\/11\/P1030274.jpg 800w\" sizes=\"(max-width: 300px) 100vw, 300px\" \/><\/a> <a href=\"https:\/\/chalons.catholique.fr\/saintleu\/wp-content\/uploads\/sites\/12\/2019\/11\/P1030277.jpg\"><img decoding=\"async\" class=\"alignnone wp-image-5763 size-medium\" src=\"https:\/\/chalons.catholique.fr\/saintleu\/wp-content\/uploads\/sites\/12\/2019\/11\/P1030277-300x225.jpg\" alt=\"\" width=\"300\" height=\"225\" srcset=\"https:\/\/chalons.catholique.fr\/saintleu\/wp-content\/uploads\/sites\/12\/2019\/11\/P1030277-200x150.jpg 200w, https:\/\/chalons.catholique.fr\/saintleu\/wp-content\/uploads\/sites\/12\/2019\/11\/P1030277-300x225.jpg 300w, https:\/\/chalons.catholique.fr\/saintleu\/wp-content\/uploads\/sites\/12\/2019\/11\/P1030277-400x300.jpg 400w, https:\/\/chalons.catholique.fr\/saintleu\/wp-content\/uploads\/sites\/12\/2019\/11\/P1030277-600x450.jpg 600w, https:\/\/chalons.catholique.fr\/saintleu\/wp-content\/uploads\/sites\/12\/2019\/11\/P1030277-768x576.jpg 768w, https:\/\/chalons.catholique.fr\/saintleu\/wp-content\/uploads\/sites\/12\/2019\/11\/P1030277.jpg 800w\" sizes=\"(max-width: 300px) 100vw, 300px\" \/><\/a> <a href=\"https:\/\/chalons.catholique.fr\/saintleu\/wp-content\/uploads\/sites\/12\/2019\/11\/P1030283.jpg\"><img decoding=\"async\" class=\"alignnone wp-image-5764 size-medium\" src=\"https:\/\/chalons.catholique.fr\/saintleu\/wp-content\/uploads\/sites\/12\/2019\/11\/P1030283-300x225.jpg\" alt=\"\" width=\"300\" height=\"225\" srcset=\"https:\/\/chalons.catholique.fr\/saintleu\/wp-content\/uploads\/sites\/12\/2019\/11\/P1030283-200x150.jpg 200w, https:\/\/chalons.catholique.fr\/saintleu\/wp-content\/uploads\/sites\/12\/2019\/11\/P1030283-300x225.jpg 300w, https:\/\/chalons.catholique.fr\/saintleu\/wp-content\/uploads\/sites\/12\/2019\/11\/P1030283-400x300.jpg 400w, https:\/\/chalons.catholique.fr\/saintleu\/wp-content\/uploads\/sites\/12\/2019\/11\/P1030283-600x450.jpg 600w, https:\/\/chalons.catholique.fr\/saintleu\/wp-content\/uploads\/sites\/12\/2019\/11\/P1030283-768x576.jpg 768w, https:\/\/chalons.catholique.fr\/saintleu\/wp-content\/uploads\/sites\/12\/2019\/11\/P1030283.jpg 800w\" sizes=\"(max-width: 300px) 100vw, 300px\" \/><\/a> <a href=\"https:\/\/chalons.catholique.fr\/saintleu\/wp-content\/uploads\/sites\/12\/2019\/11\/Photo-2.jpg\"><img decoding=\"async\" class=\"alignnone wp-image-5766 size-medium\" src=\"https:\/\/chalons.catholique.fr\/saintleu\/wp-content\/uploads\/sites\/12\/2019\/11\/Photo-2-300x225.jpg\" alt=\"\" width=\"300\" height=\"225\" srcset=\"https:\/\/chalons.catholique.fr\/saintleu\/wp-content\/uploads\/sites\/12\/2019\/11\/Photo-2-200x150.jpg 200w, https:\/\/chalons.catholique.fr\/saintleu\/wp-content\/uploads\/sites\/12\/2019\/11\/Photo-2-300x225.jpg 300w, https:\/\/chalons.catholique.fr\/saintleu\/wp-content\/uploads\/sites\/12\/2019\/11\/Photo-2-400x300.jpg 400w, https:\/\/chalons.catholique.fr\/saintleu\/wp-content\/uploads\/sites\/12\/2019\/11\/Photo-2-600x450.jpg 600w, https:\/\/chalons.catholique.fr\/saintleu\/wp-content\/uploads\/sites\/12\/2019\/11\/Photo-2-768x576.jpg 768w, https:\/\/chalons.catholique.fr\/saintleu\/wp-content\/uploads\/sites\/12\/2019\/11\/Photo-2.jpg 800w\" sizes=\"(max-width: 300px) 100vw, 300px\" \/><\/a> <a href=\"https:\/\/chalons.catholique.fr\/saintleu\/wp-content\/uploads\/sites\/12\/2019\/11\/Photo-3.jpg\"><img decoding=\"async\" class=\"alignnone wp-image-5767 size-medium\" src=\"https:\/\/chalons.catholique.fr\/saintleu\/wp-content\/uploads\/sites\/12\/2019\/11\/Photo-3-300x225.jpg\" alt=\"\" width=\"300\" height=\"225\" srcset=\"https:\/\/chalons.catholique.fr\/saintleu\/wp-content\/uploads\/sites\/12\/2019\/11\/Photo-3-200x150.jpg 200w, https:\/\/chalons.catholique.fr\/saintleu\/wp-content\/uploads\/sites\/12\/2019\/11\/Photo-3-300x225.jpg 300w, https:\/\/chalons.catholique.fr\/saintleu\/wp-content\/uploads\/sites\/12\/2019\/11\/Photo-3-400x300.jpg 400w, https:\/\/chalons.catholique.fr\/saintleu\/wp-content\/uploads\/sites\/12\/2019\/11\/Photo-3-600x450.jpg 600w, https:\/\/chalons.catholique.fr\/saintleu\/wp-content\/uploads\/sites\/12\/2019\/11\/Photo-3-768x576.jpg 768w, https:\/\/chalons.catholique.fr\/saintleu\/wp-content\/uploads\/sites\/12\/2019\/11\/Photo-3.jpg 800w\" sizes=\"(max-width: 300px) 100vw, 300px\" \/><\/a><a href=\"https:\/\/chalons.catholique.fr\/saintleu\/wp-content\/uploads\/sites\/12\/2019\/11\/P1030310.jpg\"><img decoding=\"async\" class=\"alignnone wp-image-5765 size-medium\" src=\"https:\/\/chalons.catholique.fr\/saintleu\/wp-content\/uploads\/sites\/12\/2019\/11\/P1030310-300x225.jpg\" alt=\"\" width=\"300\" height=\"225\" srcset=\"https:\/\/chalons.catholique.fr\/saintleu\/wp-content\/uploads\/sites\/12\/2019\/11\/P1030310-200x150.jpg 200w, https:\/\/chalons.catholique.fr\/saintleu\/wp-content\/uploads\/sites\/12\/2019\/11\/P1030310-300x225.jpg 300w, https:\/\/chalons.catholique.fr\/saintleu\/wp-content\/uploads\/sites\/12\/2019\/11\/P1030310-400x300.jpg 400w, https:\/\/chalons.catholique.fr\/saintleu\/wp-content\/uploads\/sites\/12\/2019\/11\/P1030310-600x450.jpg 600w, https:\/\/chalons.catholique.fr\/saintleu\/wp-content\/uploads\/sites\/12\/2019\/11\/P1030310-768x576.jpg 768w, https:\/\/chalons.catholique.fr\/saintleu\/wp-content\/uploads\/sites\/12\/2019\/11\/P1030310.jpg 800w\" sizes=\"(max-width: 300px) 100vw, 300px\" \/><\/a><\/p>\n","protected":false},"excerpt":{"rendered":"<p>Dans le calendrier liturgique, il existe plusieurs Sainte C\u00e9cile\u00a0: Sainte C\u00e9cile de Remiremont, f\u00eat\u00e9e le 12 ao\u00fbt, Sainte C\u00e9cile de Cor\u00e9e, honor\u00e9e le 6 mai. C\u2019est Sainte C\u00e9cile de Rome que nous f\u00eatons vers le 22 novembre la patronne des musiciens\u00a0: instrumentistes, choristes, compositeurs\u2026 C\u2019est en l\u2019\u00e9glise de Vertus que cette sainte patronne a \u00e9t\u00e9 [&hellip;]<\/p>\n","protected":false},"author":32,"featured_media":0,"comment_status":"closed","ping_status":"closed","sticky":false,"template":"","format":"standard","meta":{"xn-wppe-expiration":[],"xn-wppe-expiration-action":[],"xn-wppe-expiration-prefix":[],"footnotes":""},"categories":[1],"tags":[],"_links":{"self":[{"href":"https:\/\/chalons.catholique.fr\/saintleu\/wp-json\/wp\/v2\/posts\/5768"}],"collection":[{"href":"https:\/\/chalons.catholique.fr\/saintleu\/wp-json\/wp\/v2\/posts"}],"about":[{"href":"https:\/\/chalons.catholique.fr\/saintleu\/wp-json\/wp\/v2\/types\/post"}],"author":[{"embeddable":true,"href":"https:\/\/chalons.catholique.fr\/saintleu\/wp-json\/wp\/v2\/users\/32"}],"replies":[{"embeddable":true,"href":"https:\/\/chalons.catholique.fr\/saintleu\/wp-json\/wp\/v2\/comments?post=5768"}],"version-history":[{"count":0,"href":"https:\/\/chalons.catholique.fr\/saintleu\/wp-json\/wp\/v2\/posts\/5768\/revisions"}],"wp:attachment":[{"href":"https:\/\/chalons.catholique.fr\/saintleu\/wp-json\/wp\/v2\/media?parent=5768"}],"wp:term":[{"taxonomy":"category","embeddable":true,"href":"https:\/\/chalons.catholique.fr\/saintleu\/wp-json\/wp\/v2\/categories?post=5768"},{"taxonomy":"post_tag","embeddable":true,"href":"https:\/\/chalons.catholique.fr\/saintleu\/wp-json\/wp\/v2\/tags?post=5768"}],"curies":[{"name":"wp","href":"https:\/\/api.w.org\/{rel}","templated":true}]}}