{"id":1963,"date":"2016-09-27T18:33:37","date_gmt":"2016-09-27T17:33:37","guid":{"rendered":"http:\/\/chalons.catholique.fr\/saintleu\/?p=584"},"modified":"2016-09-27T18:33:37","modified_gmt":"2016-09-27T17:33:37","slug":"mariage-de-pauline-et-yann-2","status":"publish","type":"post","link":"https:\/\/chalons.catholique.fr\/saintleu\/mariage-de-pauline-et-yann-2\/","title":{"rendered":"mariage de Pauline et Yann"},"content":{"rendered":"<p><a href=\"https:\/\/chalons.catholique.fr\/saintleu\/wp-content\/uploads\/sites\/12\/2016\/09\/P1000291-1.jpg\"><img decoding=\"async\" class=\"size-medium wp-image-585 aligncenter\" src=\"https:\/\/chalons.catholique.fr\/saintleu\/wp-content\/uploads\/sites\/12\/2016\/09\/P1000291-1-232x300.jpg\" alt=\"p1000291\" width=\"232\" height=\"300\" srcset=\"https:\/\/chalons.catholique.fr\/saintleu\/wp-content\/uploads\/sites\/12\/2016\/09\/P1000291-1-200x258.jpg 200w, https:\/\/chalons.catholique.fr\/saintleu\/wp-content\/uploads\/sites\/12\/2016\/09\/P1000291-1-232x300.jpg 232w, https:\/\/chalons.catholique.fr\/saintleu\/wp-content\/uploads\/sites\/12\/2016\/09\/P1000291-1-400x517.jpg 400w, https:\/\/chalons.catholique.fr\/saintleu\/wp-content\/uploads\/sites\/12\/2016\/09\/P1000291-1-600x775.jpg 600w, https:\/\/chalons.catholique.fr\/saintleu\/wp-content\/uploads\/sites\/12\/2016\/09\/P1000291-1-768x992.jpg 768w, https:\/\/chalons.catholique.fr\/saintleu\/wp-content\/uploads\/sites\/12\/2016\/09\/P1000291-1-793x1024.jpg 793w, https:\/\/chalons.catholique.fr\/saintleu\/wp-content\/uploads\/sites\/12\/2016\/09\/P1000291-1-800x1034.jpg 800w, https:\/\/chalons.catholique.fr\/saintleu\/wp-content\/uploads\/sites\/12\/2016\/09\/P1000291-1-1200x1551.jpg 1200w, https:\/\/chalons.catholique.fr\/saintleu\/wp-content\/uploads\/sites\/12\/2016\/09\/P1000291-1.jpg 1787w\" sizes=\"(max-width: 232px) 100vw, 232px\" \/><\/a><\/p>\n<p>&nbsp;<\/p>\n<p style=\"text-align: center\">Nous leur souhaitons beaucoup de bonheur \u00e0 la suite d&rsquo;une si belle c\u00e9r\u00e9monie.<\/p>\n\n\t\t<style type=\"text\/css\">\n\t\t\t#gallery-1 {\n\t\t\t\tmargin: auto;\n\t\t\t}\n\t\t\t#gallery-1 .gallery-item {\n\t\t\t\tfloat: left;\n\t\t\t\tmargin-top: 10px;\n\t\t\t\ttext-align: center;\n\t\t\t\twidth: 100%;\n\t\t\t}\n\t\t\t#gallery-1 img {\n\t\t\t\tborder: 2px solid #cfcfcf;\n\t\t\t}\n\t\t\t#gallery-1 .gallery-caption {\n\t\t\t\tmargin-left: 0;\n\t\t\t}\n\t\t\t\/* see gallery_shortcode() in wp-includes\/media.php *\/\n\t\t<\/style>\n\t\t<div id='gallery-1' class='gallery galleryid-1963 gallery-columns-1 gallery-size-thumbnail'><dl class='gallery-item'>\n\t\t\t<dt class='gallery-icon landscape'>\n\t\t\t\t<a data-rel=\"iLightbox[postimages]\" data-title=\"img_4752-3\" data-caption=\"\" href='https:\/\/chalons.catholique.fr\/saintleu\/?attachment_id=795'><img width=\"150\" height=\"150\" src=\"https:\/\/chalons.catholique.fr\/saintleu\/wp-content\/uploads\/sites\/12\/2016\/10\/IMG_4752-3-150x150.jpg\" class=\"attachment-thumbnail size-thumbnail\" alt=\"\" decoding=\"async\" srcset=\"https:\/\/chalons.catholique.fr\/saintleu\/wp-content\/uploads\/sites\/12\/2016\/10\/IMG_4752-3-66x66.jpg 66w, https:\/\/chalons.catholique.fr\/saintleu\/wp-content\/uploads\/sites\/12\/2016\/10\/IMG_4752-3-150x150.jpg 150w\" sizes=\"(max-width: 150px) 100vw, 150px\" \/><\/a>\n\t\t\t<\/dt><\/dl><br style=\"clear: both\" \/>\n\t\t<\/div>\n\n","protected":false},"excerpt":{"rendered":"<p>&nbsp; Nous leur souhaitons beaucoup de bonheur \u00e0 la suite d&rsquo;une si belle c\u00e9r\u00e9monie.<\/p>\n","protected":false},"author":36,"featured_media":0,"comment_status":"closed","ping_status":"closed","sticky":false,"template":"","format":"standard","meta":{"xn-wppe-expiration":[],"xn-wppe-expiration-action":[],"xn-wppe-expiration-prefix":[],"footnotes":""},"categories":[4],"tags":[],"_links":{"self":[{"href":"https:\/\/chalons.catholique.fr\/saintleu\/wp-json\/wp\/v2\/posts\/1963"}],"collection":[{"href":"https:\/\/chalons.catholique.fr\/saintleu\/wp-json\/wp\/v2\/posts"}],"about":[{"href":"https:\/\/chalons.catholique.fr\/saintleu\/wp-json\/wp\/v2\/types\/post"}],"author":[{"embeddable":true,"href":"https:\/\/chalons.catholique.fr\/saintleu\/wp-json\/wp\/v2\/users\/36"}],"replies":[{"embeddable":true,"href":"https:\/\/chalons.catholique.fr\/saintleu\/wp-json\/wp\/v2\/comments?post=1963"}],"version-history":[{"count":0,"href":"https:\/\/chalons.catholique.fr\/saintleu\/wp-json\/wp\/v2\/posts\/1963\/revisions"}],"wp:attachment":[{"href":"https:\/\/chalons.catholique.fr\/saintleu\/wp-json\/wp\/v2\/media?parent=1963"}],"wp:term":[{"taxonomy":"category","embeddable":true,"href":"https:\/\/chalons.catholique.fr\/saintleu\/wp-json\/wp\/v2\/categories?post=1963"},{"taxonomy":"post_tag","embeddable":true,"href":"https:\/\/chalons.catholique.fr\/saintleu\/wp-json\/wp\/v2\/tags?post=1963"}],"curies":[{"name":"wp","href":"https:\/\/api.w.org\/{rel}","templated":true}]}}