{"id":1528,"date":"2017-01-30T11:53:42","date_gmt":"2017-01-30T10:53:42","guid":{"rendered":"http:\/\/chalons.catholique.fr\/saintaugustin\/?p=1528"},"modified":"2019-09-24T14:11:05","modified_gmt":"2019-09-24T12:11:05","slug":"la-pastorale-de-la-sante","status":"publish","type":"post","link":"https:\/\/chalons.catholique.fr\/saintaugustin\/la-pastorale-de-la-sante\/","title":{"rendered":"La pastorale de la sant\u00e9"},"content":{"rendered":"<div class=\"fusion-fullwidth fullwidth-box fusion-builder-row-1 hundred-percent-fullwidth non-hundred-percent-height-scrolling\" style=\"--awb-border-radius-top-left:0px;--awb-border-radius-top-right:0px;--awb-border-radius-bottom-right:0px;--awb-border-radius-bottom-left:0px;--awb-overflow:visible;--awb-flex-wrap:wrap;\" ><div class=\"fusion-builder-row fusion-row\"><div class=\"fusion-layout-column fusion_builder_column fusion-builder-column-0 fusion_builder_column_1_1 1_1 fusion-one-full fusion-column-first fusion-column-last fusion-column-no-min-height\" style=\"--awb-bg-size:cover;\"><div class=\"fusion-column-wrapper fusion-flex-column-wrapper-legacy\"><div class=\"fusion-text fusion-text-1\"><\/div>\n<h2 style=\"text-align: center\"><span style=\"color: #000000\">La pastorale de la sant\u00e9<\/span><\/h2>\n<p style=\"text-align: left\">Elle accompagne et soutient les personnes malades, \u00e2g\u00e9es ou handicap\u00e9es dans leur village ou leur quartier, \u00e0 l\u2019h\u00f4pital ou en maison de retraite.<br \/>\n\u00catre membre de la Pastorale de la Sant\u00e9, c\u2019est \u00eatre envoy\u00e9 par l\u2019\u00c9glise aupr\u00e8s des personnes malades, au nom de l\u2019\u00c9vangile.<br \/>\nLa personne qui visite n\u2019est pas l\u00e0 pour soigner, soulager celui ou celle qui souffre. Nous avons une relation de bienveillance, d\u2019attention, d\u2019encouragement et surtout d\u2019\u00e9coute. Avec le temps, cette relation devient plus profonde, elle sort la personne visit\u00e9e de son isolement. C\u2019est une pr\u00e9sence aussi aupr\u00e8s des membres de la famille.<br \/>\nNous apportons notre bonne humeur \u00e0 toutes ces personnes qui se plaignent rarement. En retour, leur sourire est souvent le plus grand des mercis et un encouragement \u00e0 poursuivre nos visite<\/p>\n<p style=\"text-align: left\">Responsable de la Pastorale de la Sant\u00e9 : Marie-No\u00eblle Misset Tel : 03 26 81 04 22.<br \/>\nRen\u00e9e Villain. Tel : 03 26 42 09 52<\/p>\n<p style=\"text-align: left\">Autres membres : \u00a0Michel Laurant, Marie-Lucie Omer, Marie Rosay, Jacqueline Collard, Marie-Th\u00e9r\u00e8se Simonnot, Marie-Liesse Gandon, Anne-Marie Nicodemski, Josette Foy.<\/p>\n<p>&nbsp;<\/p>\n<div class=\"fusion-clearfix\"><\/div><\/div><\/div><\/div><\/div>\n","protected":false},"excerpt":{"rendered":"","protected":false},"author":8,"featured_media":2465,"comment_status":"closed","ping_status":"open","sticky":false,"template":"","format":"standard","meta":{"xn-wppe-expiration":[],"xn-wppe-expiration-action":[],"xn-wppe-expiration-prefix":[],"footnotes":""},"categories":[15],"tags":[],"_links":{"self":[{"href":"https:\/\/chalons.catholique.fr\/saintaugustin\/wp-json\/wp\/v2\/posts\/1528"}],"collection":[{"href":"https:\/\/chalons.catholique.fr\/saintaugustin\/wp-json\/wp\/v2\/posts"}],"about":[{"href":"https:\/\/chalons.catholique.fr\/saintaugustin\/wp-json\/wp\/v2\/types\/post"}],"author":[{"embeddable":true,"href":"https:\/\/chalons.catholique.fr\/saintaugustin\/wp-json\/wp\/v2\/users\/8"}],"replies":[{"embeddable":true,"href":"https:\/\/chalons.catholique.fr\/saintaugustin\/wp-json\/wp\/v2\/comments?post=1528"}],"version-history":[{"count":0,"href":"https:\/\/chalons.catholique.fr\/saintaugustin\/wp-json\/wp\/v2\/posts\/1528\/revisions"}],"wp:featuredmedia":[{"embeddable":true,"href":"https:\/\/chalons.catholique.fr\/saintaugustin\/wp-json\/wp\/v2\/media\/2465"}],"wp:attachment":[{"href":"https:\/\/chalons.catholique.fr\/saintaugustin\/wp-json\/wp\/v2\/media?parent=1528"}],"wp:term":[{"taxonomy":"category","embeddable":true,"href":"https:\/\/chalons.catholique.fr\/saintaugustin\/wp-json\/wp\/v2\/categories?post=1528"},{"taxonomy":"post_tag","embeddable":true,"href":"https:\/\/chalons.catholique.fr\/saintaugustin\/wp-json\/wp\/v2\/tags?post=1528"}],"curies":[{"name":"wp","href":"https:\/\/api.w.org\/{rel}","templated":true}]}}