{"id":1441,"date":"2017-01-23T00:32:06","date_gmt":"2017-01-22T23:32:06","guid":{"rendered":"http:\/\/chalons.catholique.fr\/saintaugustin\/?p=1441"},"modified":"2021-04-11T17:16:56","modified_gmt":"2021-04-11T15:16:56","slug":"enfants-jeunes","status":"publish","type":"post","link":"https:\/\/chalons.catholique.fr\/saintaugustin\/enfants-jeunes\/","title":{"rendered":"Enfants &amp; Jeunes"},"content":{"rendered":"<p style=\"text-align: center\"><div class=\"fusion-fullwidth fullwidth-box fusion-builder-row-1 hundred-percent-fullwidth non-hundred-percent-height-scrolling\" style=\"--awb-border-radius-top-left:0px;--awb-border-radius-top-right:0px;--awb-border-radius-bottom-right:0px;--awb-border-radius-bottom-left:0px;--awb-overflow:visible;--awb-flex-wrap:wrap;\" ><div class=\"fusion-builder-row fusion-row\"><div class=\"fusion-layout-column fusion_builder_column fusion-builder-column-0 fusion_builder_column_1_1 1_1 fusion-one-full fusion-column-first fusion-column-last fusion-column-no-min-height\" style=\"--awb-bg-size:cover;\"><div class=\"fusion-column-wrapper fusion-flex-column-wrapper-legacy\"><div class=\"fusion-text fusion-text-1\"><\/div>\n<h2 style=\"text-align: center\"><span style=\"color: #000000\">GRANDIR DANS LA FOI<\/span><\/h2>\n<h2 style=\"text-align: center\">EVEIL A LA FOI<\/h2>\n<p style=\"text-align: justify\"><strong>\u00a0Pourquoi ce projet ?<\/strong><br \/>\nL&rsquo;Evangile nous dit combien J\u00e9sus-Christ s&rsquo;est montr\u00e9 accueillant pour les petits enfants. Ils avaient \u00e0 ses yeux une place de pr\u00e9dilection, nous disant m\u00eame que leur ange gardien voit la face de Dieu.<br \/>\nL&rsquo;exp\u00e9rience de l&rsquo;Eglise aupr\u00e8s des enfants nous montre qu&rsquo;ils sont g\u00e9n\u00e9reusement ouverts \u00e0 la vie spirituelle. Leur c\u0153ur se laisse toucher par J\u00e9sus, et tout particuli\u00e8rement J\u00e9sus pr\u00e9sent dans l&rsquo;eucharistie.<br \/>\nL&rsquo;\u00e9cole veut leur offrir la joie d&rsquo;une rencontre personnelle avec J\u00e9sus. Ils apprendront les premiers rudiments de la pri\u00e8re du c\u0153ur, comment lui parler, lui confier ses parents, l&rsquo;honorer par quelques gestes tout simples.<br \/>\nNous leur apprendrons des chants d&rsquo;enfants compos\u00e9s de paroles de la Bible. Ils pourront utiliser le dessin pour offrir leur propre pr\u00e9sent \u00e0 J\u00e9sus.<\/p>\n<p style=\"text-align: justify\">Pour tous les enfants de 3 ans \u00e0 7 ans , tous les parents peuvent les inscrire \u00e0 l&rsquo;\u00e9veil de la foi : contactez la paroisse \u00a0au : tel 03 26 42 40 38<br \/>\nou email paroisse-st-augustin@orange.fr<img decoding=\"async\" class=\"aligncenter size-medium wp-image-4295\" src=\"https:\/\/chalons.catholique.fr\/saintaugustin\/wp-content\/uploads\/sites\/30\/2018\/12\/DSC_0002-300x200.jpg\" alt=\"\" width=\"300\" height=\"200\" srcset=\"https:\/\/chalons.catholique.fr\/saintaugustin\/wp-content\/uploads\/sites\/30\/2018\/12\/DSC_0002-200x133.jpg 200w, https:\/\/chalons.catholique.fr\/saintaugustin\/wp-content\/uploads\/sites\/30\/2018\/12\/DSC_0002-300x200.jpg 300w, https:\/\/chalons.catholique.fr\/saintaugustin\/wp-content\/uploads\/sites\/30\/2018\/12\/DSC_0002-400x267.jpg 400w, https:\/\/chalons.catholique.fr\/saintaugustin\/wp-content\/uploads\/sites\/30\/2018\/12\/DSC_0002-600x400.jpg 600w, https:\/\/chalons.catholique.fr\/saintaugustin\/wp-content\/uploads\/sites\/30\/2018\/12\/DSC_0002-768x512.jpg 768w, https:\/\/chalons.catholique.fr\/saintaugustin\/wp-content\/uploads\/sites\/30\/2018\/12\/DSC_0002-800x533.jpg 800w, https:\/\/chalons.catholique.fr\/saintaugustin\/wp-content\/uploads\/sites\/30\/2018\/12\/DSC_0002-1024x683.jpg 1024w, https:\/\/chalons.catholique.fr\/saintaugustin\/wp-content\/uploads\/sites\/30\/2018\/12\/DSC_0002-1200x800.jpg 1200w\" sizes=\"(max-width: 300px) 100vw, 300px\" \/><\/p>\n<h2 style=\"text-align: center\">CAT\u00c9CHISME<\/h2>\n<p>&nbsp;<\/p>\n<p>D\u00e9couvrir J\u00e9sus et son enseignement, Entrer dans la pri\u00e8re, Partager sa foi avec d\u2019autres enfants\u2026<br \/>\nLe temps du cat\u00e9chisme est un temps de consolidation de l\u2019enseignement chr\u00e9tien re\u00e7u par les parents. Par des s\u00e9ances hebdomadaires, l\u2019enfant \u00e9largit sa vision familiale de la foi pour d\u00e9couvrir quelle est celle de l\u2019Eglise. Il n\u2019est pas seul. Il fait partie d\u2019un corps.<br \/>\nLe cat\u00e9chisme accueille aussi les enfants non chr\u00e9tiens et accompagne leur cheminement.<br \/>\nEn plus des temps de cat\u00e9chisme, des rendez-vous sont pr\u00e9vus pour se pr\u00e9parer au bapt\u00eame et \u00e0 la communion.<br \/>\nLes cat\u00e9chistes pr\u00e9parent ceux qui le souhaitent aux sacrements.<\/p>\n<h2 style=\"text-align: center\"><span style=\"color: #000000\">1\u00e8re communion<\/span><\/h2>\n<h3 style=\"text-align: center\">\u00ab Prenez et mangez, ceci est mon corps livr\u00e9 pour vous ! \u00bb (Mt 26,26)<span style=\"color: #0000ff\">\u00a0<\/span><\/h3>\n<p style=\"text-align: justify\">J\u00e9sus d\u00e9sire venir habiter nos c\u0153urs. Enfants ou adultes, nous pouvons nous pr\u00e9parer \u00e0 ce c\u0153ur \u00e0 c\u0153ur par le cat\u00e9chisme ou le cat\u00e9chum\u00e9nat. Apr\u00e8s deux ans de formation, nous proposons \u00e0 ceux qui le d\u00e9sirent de vivre cette premi\u00e8re communion.<\/p>\n<p style=\"text-align: justify\">Pour les enfants, trois conditions : \u00eatre baptis\u00e9 depuis au moins un an, participer r\u00e9guli\u00e8rement \u00e0 la messe du dimanche et \u00eatre fid\u00e8le aux rendez-vous du cat\u00e9chisme ou de l\u2019aum\u00f4nerie.<\/p>\n<p style=\"text-align: justify\">Cat\u00e9chisme des enfants (CE1, CE2, CM1 et CM2).<\/p>\n<p style=\"text-align: justify\">Rencontres hebdomadaires mercredi \u00a0de 14h00 \u00e0 15h30 samedi de 10h00 \u00e0 11h30.<\/p>\n<h2 style=\"text-align: center\">Profession de foi<\/h2>\n<h3 style=\"text-align: center\">\u00ab Je crois, viens au secours de mon peu de foi ! \u00bb (Mc 9,24)<\/h3>\n<p>Baptis\u00e9 enfant, affermi par le cat\u00e9chisme, le jeune n\u2019a plus seulement re\u00e7u sa foi des parents. Il y adh\u00e8re personnellement. Un jeune en route vers la confirmation peut de lui-m\u00eame professer sa foi, foi de toute l\u2019Eglise. A partir de la 5\u00e8me, au moment favorable, chaque jeune se d\u00e9terminera personnellement pour cette nouvelle \u00e9tape.<\/p>\n<h2 style=\"text-align: center\">les servants d&rsquo;autel<\/h2>\n<p><img decoding=\"async\" class=\"aligncenter size-medium wp-image-4299\" src=\"https:\/\/chalons.catholique.fr\/saintaugustin\/wp-content\/uploads\/sites\/30\/2018\/12\/DSC_0003-300x217.jpg\" alt=\"\" width=\"300\" height=\"217\" srcset=\"https:\/\/chalons.catholique.fr\/saintaugustin\/wp-content\/uploads\/sites\/30\/2018\/12\/DSC_0003-200x145.jpg 200w, https:\/\/chalons.catholique.fr\/saintaugustin\/wp-content\/uploads\/sites\/30\/2018\/12\/DSC_0003-300x217.jpg 300w, https:\/\/chalons.catholique.fr\/saintaugustin\/wp-content\/uploads\/sites\/30\/2018\/12\/DSC_0003-400x289.jpg 400w, https:\/\/chalons.catholique.fr\/saintaugustin\/wp-content\/uploads\/sites\/30\/2018\/12\/DSC_0003-600x434.jpg 600w, https:\/\/chalons.catholique.fr\/saintaugustin\/wp-content\/uploads\/sites\/30\/2018\/12\/DSC_0003-768x555.jpg 768w, https:\/\/chalons.catholique.fr\/saintaugustin\/wp-content\/uploads\/sites\/30\/2018\/12\/DSC_0003-800x578.jpg 800w, https:\/\/chalons.catholique.fr\/saintaugustin\/wp-content\/uploads\/sites\/30\/2018\/12\/DSC_0003-1024x740.jpg 1024w, https:\/\/chalons.catholique.fr\/saintaugustin\/wp-content\/uploads\/sites\/30\/2018\/12\/DSC_0003-1200x868.jpg 1200w\" sizes=\"(max-width: 300px) 100vw, 300px\" \/><\/p>\n<p>&nbsp;<\/p>\n<p style=\"text-align: justify\">Tu es un gar\u00e7on\u00a0ou une fille, tu as 8 ans ou plus, tu es baptis\u00e9, tu vas au cat\u00e9chisme et SURTOUT, tu as le d\u00e9sir de vivre la messe un peu plus pr\u00e8s de J\u00e9sus, rejoins le groupe des servants d&rsquo;autel de la paroisse !<br \/>\nLes gar\u00e7ons et les filles \u00a0sont invit\u00e9s \u00e0 servir l&rsquo;autel lors des messes dominicales et des grandes f\u00eates. Un carnet de progression les aidera \u00e0 avancer en responsabilit\u00e9s dans les diff\u00e9rentes t\u00e2ches liturgiques.<\/p>\n<h2 style=\"text-align: center\"><span style=\"color: #000000\">COLLEGIENS-LYCEENS<\/span><\/h2>\n<p style=\"text-align: justify\">Parcours dans le cadre du cat\u00e9chisme ou de l\u2019aum\u00f4nerie. La participation \u00e0 la messe dominicale fait partie du chemin.<br \/>\nLes coll\u00e9giens et lyc\u00e9ens (5\u00e8me \u00e0 terminale) rejoignent le p\u00e8re Jean Baptiste \u00a0qui leur propose le sacrement de confirmation.<br \/>\nPour le contacter au num\u00e9ro de la paroisse: 03 26 42 40 38 ou au email : vu.dattien@yahoo.fr . possibilit\u00e9 de rejoindre l&rsquo;aum\u00f4nerie du coll\u00e8ge (5\u00e9me\/4\u00e8me\/3\u00e8me) anim\u00e9e par le p\u00e8re Jean Baptiste.*<\/p>\n<h2 style=\"text-align: center\"><span style=\"color: #3366ff\">\u00a0 \u00a0 \u00a0<span style=\"color: #000000\"> LES CATECHISTES DE LA PAROISSE<\/span><\/span><\/h2>\n<p><img decoding=\"async\" class=\"aligncenter size-medium wp-image-4297\" src=\"https:\/\/chalons.catholique.fr\/saintaugustin\/wp-content\/uploads\/sites\/30\/2018\/12\/DSC_0051-300x200.jpg\" alt=\"\" width=\"300\" height=\"200\" srcset=\"https:\/\/chalons.catholique.fr\/saintaugustin\/wp-content\/uploads\/sites\/30\/2018\/12\/DSC_0051-200x133.jpg 200w, https:\/\/chalons.catholique.fr\/saintaugustin\/wp-content\/uploads\/sites\/30\/2018\/12\/DSC_0051-300x200.jpg 300w, https:\/\/chalons.catholique.fr\/saintaugustin\/wp-content\/uploads\/sites\/30\/2018\/12\/DSC_0051-400x267.jpg 400w, https:\/\/chalons.catholique.fr\/saintaugustin\/wp-content\/uploads\/sites\/30\/2018\/12\/DSC_0051-600x400.jpg 600w, https:\/\/chalons.catholique.fr\/saintaugustin\/wp-content\/uploads\/sites\/30\/2018\/12\/DSC_0051-768x512.jpg 768w, https:\/\/chalons.catholique.fr\/saintaugustin\/wp-content\/uploads\/sites\/30\/2018\/12\/DSC_0051-800x533.jpg 800w, https:\/\/chalons.catholique.fr\/saintaugustin\/wp-content\/uploads\/sites\/30\/2018\/12\/DSC_0051-1024x683.jpg 1024w, https:\/\/chalons.catholique.fr\/saintaugustin\/wp-content\/uploads\/sites\/30\/2018\/12\/DSC_0051-1200x800.jpg 1200w\" sizes=\"(max-width: 300px) 100vw, 300px\" \/><\/p>\n<p>&nbsp;<\/p>\n<p style=\"text-align: justify\">CHEMIN Brigitte (CE1) &#8211; 33 rue Gengoulf 51320 Haussimont &#8211; 03 26 67 48 20 &#8211; \u00a0renaud.chemin@orange.fr<\/p>\n<p style=\"text-align: justify\">RICHARD-RICHON\u00a0\u00a0 Laurence- 350, Rue du pont de la Saule 51230 F\u00e8re-Champenoise &#8211; 06 20 65 44 38 &#8211; l.richard-richon@orange.fr<\/p>\n<p>MANCE Ludovic &#8211; 490, Grande rue 51230 Norm\u00e9e &#8211; 03 26 42 00 98-ludovic.mance@orange.fr<\/p>\n<p>GEANT Clarisse &#8211; 3, Rue des ouches 51320 Sommesous -06 13 52 25 93-clarisse.geant@orange.fr<\/p>\n<p>LAURENT Florence &#8211; 43, Rue des Cray\u00e8res 51230-F\u00e8re-Champenoise-06 73 44 34 95 -guillaume.gui@gmail.com<\/p>\n<p>TOUVIER C\u00e9cile -19, Avenue Prieur de la Marne 51320-Sommesous- 03 26 64 52 76 -etouvier@wanadoo.fr<\/p>\n<p>Responsable de la Pastorale des Jeunes : \u00a0 P\u00e8re Jean Baptiste.<\/p>\n<h2><\/h2>\n<div class=\"fusion-clearfix\"><\/div><\/div><\/div><\/div><\/div>\n","protected":false},"excerpt":{"rendered":"","protected":false},"author":8,"featured_media":4293,"comment_status":"open","ping_status":"open","sticky":false,"template":"","format":"standard","meta":{"xn-wppe-expiration":[],"xn-wppe-expiration-action":[],"xn-wppe-expiration-prefix":[],"footnotes":""},"categories":[22],"tags":[],"_links":{"self":[{"href":"https:\/\/chalons.catholique.fr\/saintaugustin\/wp-json\/wp\/v2\/posts\/1441"}],"collection":[{"href":"https:\/\/chalons.catholique.fr\/saintaugustin\/wp-json\/wp\/v2\/posts"}],"about":[{"href":"https:\/\/chalons.catholique.fr\/saintaugustin\/wp-json\/wp\/v2\/types\/post"}],"author":[{"embeddable":true,"href":"https:\/\/chalons.catholique.fr\/saintaugustin\/wp-json\/wp\/v2\/users\/8"}],"replies":[{"embeddable":true,"href":"https:\/\/chalons.catholique.fr\/saintaugustin\/wp-json\/wp\/v2\/comments?post=1441"}],"version-history":[{"count":0,"href":"https:\/\/chalons.catholique.fr\/saintaugustin\/wp-json\/wp\/v2\/posts\/1441\/revisions"}],"wp:featuredmedia":[{"embeddable":true,"href":"https:\/\/chalons.catholique.fr\/saintaugustin\/wp-json\/wp\/v2\/media\/4293"}],"wp:attachment":[{"href":"https:\/\/chalons.catholique.fr\/saintaugustin\/wp-json\/wp\/v2\/media?parent=1441"}],"wp:term":[{"taxonomy":"category","embeddable":true,"href":"https:\/\/chalons.catholique.fr\/saintaugustin\/wp-json\/wp\/v2\/categories?post=1441"},{"taxonomy":"post_tag","embeddable":true,"href":"https:\/\/chalons.catholique.fr\/saintaugustin\/wp-json\/wp\/v2\/tags?post=1441"}],"curies":[{"name":"wp","href":"https:\/\/api.w.org\/{rel}","templated":true}]}}