{"id":1404,"date":"2017-01-31T19:45:41","date_gmt":"2017-01-31T18:45:41","guid":{"rendered":"http:\/\/chalons.catholique.fr\/saintaugustin\/?p=1404"},"modified":"2020-01-27T10:50:13","modified_gmt":"2020-01-27T09:50:13","slug":"horaires-des-messes","status":"publish","type":"post","link":"https:\/\/chalons.catholique.fr\/saintaugustin\/horaires-des-messes\/","title":{"rendered":"Horaires des messes"},"content":{"rendered":"<div class=\"fusion-fullwidth fullwidth-box fusion-builder-row-1 nonhundred-percent-fullwidth non-hundred-percent-height-scrolling\" style=\"--awb-background-position:left top;--awb-border-radius-top-left:0px;--awb-border-radius-top-right:0px;--awb-border-radius-bottom-right:0px;--awb-border-radius-bottom-left:0px;--awb-padding-top:20px;--awb-padding-bottom:20px;--awb-border-sizes-top:0px;--awb-border-sizes-bottom:0px;--awb-flex-wrap:wrap;\" ><div class=\"fusion-builder-row fusion-row\"><div class=\"fusion-layout-column fusion_builder_column fusion-builder-column-0 fusion_builder_column_1_1 1_1 fusion-one-full fusion-column-first fusion-column-last fusion-column-no-min-height\" style=\"--awb-bg-size:cover;\"><div class=\"fusion-column-wrapper fusion-flex-column-wrapper-legacy\"><div class=\"fusion-text fusion-text-1\"><h1 style=\"text-align: center\"><span style=\"color: #000000\">C\u00e9l\u00e9brer la messe<\/span><\/h1>\n<p>Chaque dimanche la messe est c\u00e9l\u00e9br\u00e9e dans un des villages de la paroisse \u00e0 10h30. Exceptionnellement, il peut y avoir une c\u00e9l\u00e9bration eucharistique le samedi \u00e0 18h30 (saint \u00c9loi, sainte C\u00e9cile\u2026). Le lieu de la messe est indiqu\u00e9 dans le bulletin paroissial qui para\u00eet tout les\u00a0 deux mois et qui est distribu\u00e9 dans toutes les bo\u00eetes aux lettres des 18 villages. Les lieux des messes sont aussi affich\u00e9s dans les panneaux ext\u00e9rieurs aux \u00e9glises.<\/p>\n<h4 style=\"text-align: center\"><span style=\"color: #000000\">\u00a0 \u00a0 \u00a0 La pri\u00e8re prend des formes tr\u00e8s diverses dans la tradition chr\u00e9tienne<\/span><\/h4>\n<p style=\"text-align: justify\"><strong><br \/>\nLa pr\u00e9sence r\u00e9elle de J\u00e9sus dans l\u2019Eucharistie<\/strong> est au c\u0153ur de la foi catholique. Nous croyons que Dieu a voulu se faire tellement proche de nous que, par sa Parole, il s\u2019est incarn\u00e9 en une femme la Vierge Marie. Ce fut la naissance de J\u00e9sus. Son abaissement a atteint son paroxysme lors de sa passion et de sa crucifixion \u00e0 J\u00e9rusalem.<\/p>\n<p style=\"text-align: justify\">Aujourd\u2019hui ,ce sacrifice continue par la messe (appel\u00e9e eucharistie c.a.d. remerciement) par laquelle Dieu sauve tous les hommes par son pardon et sa Vie offerte (m\u00eame les non chr\u00e9tiens !). La pr\u00e9sence de J\u00e9sus est l\u00e0 dans l\u2019hostie consacr\u00e9e devenue son corps que nous pouvons regarder quand elle est expos\u00e9e sur l\u2019autel. Ces moments de c\u0153ur \u00e0 c\u0153ur sont magnifiques par leur intensit\u00e9 et leur intimit\u00e9.<\/p>\n<p style=\"text-align: justify\">Chaque jeudi et vendredi messe \u00e0 11h00 ; le premier\u00a0 vendredi du mois \u00e0 10h00 adoration du Saint Sacrement c\u00e9l\u00e9br\u00e9e \u00e0 la chapelle st Augustin \u00e0 F\u00e8re-Champenoise.<br \/>\nLe p\u00e8re Jean-Baptiste est disponible pour aller c\u00e9l\u00e9brer une messe chez des personnes \u00e2g\u00e9es ou malades. N\u2019h\u00e9sitez pas \u00e0 le contacter au : 03 26 42 40 38.<\/p>\n<h2 style=\"text-align: center\"><span style=\"color: #000000\">le sacrement de la r\u00e9conciliation\u00a0<\/span><\/h2>\n<p><img decoding=\"async\" class=\"alignnone size-full wp-image-1793 aligncenter\" src=\"https:\/\/chalons.catholique.fr\/saintaugustin\/wp-content\/uploads\/sites\/30\/2017\/02\/reconciliation.jpg\" alt=\"\" width=\"299\" height=\"171\" srcset=\"https:\/\/chalons.catholique.fr\/saintaugustin\/wp-content\/uploads\/sites\/30\/2017\/02\/reconciliation-200x114.jpg 200w, https:\/\/chalons.catholique.fr\/saintaugustin\/wp-content\/uploads\/sites\/30\/2017\/02\/reconciliation.jpg 299w\" sizes=\"(max-width: 299px) 100vw, 299px\" \/><\/p>\n<p style=\"text-align: justify\">Vous souhaitez recevoir le sacrement de r\u00e9conciliation ou simplement \u00e9changer avec un pr\u00eatre<br \/>\nContactez le : 03 26 42 40 38.<br \/>\n\u00ab Venez \u00e0 moi, vous tous qui peinez et ployez sous le fardeau, et moi je vous soulagerai.<br \/>\nChargez-vous de mon joug et mettez-vous \u00e0 mon \u00e9cole, car je suis doux et humble de c\u0153ur, et vous trouverez soulagement pour vos \u00e2mes. Oui mon joug est ais\u00e9 et mon fardeau l\u00e9ger. \u00bb (Mt 11,28-30).<\/p>\n<h2 style=\"text-align: center\"><span style=\"color: #000000\">\u00a0 Le Sacrement des malades<\/span><\/h2>\n<p style=\"text-align: justify\">J\u00e9sus, durant les trois ann\u00e9es de sa vie publique, s\u2019est pench\u00e9 tant de fois sur les malades, les estropi\u00e9s et les poss\u00e9d\u00e9s pour les gu\u00e9rir. Sa mission \u00e9tait d\u2019annoncer le Royaume de Dieu. Cependant sa compassion pour les malades exprimait toute sa tendresse pour les hommes.<\/p>\n<p style=\"text-align: justify\">Aujourd\u2019hui, l\u2019Eglise continue ses gestes, comme invite \u00e0 le faire l\u2019ap\u00f4tre saint Jacques (Jc 5,14-15), en donnant le sacrement des malades. A ceux dont la vie est menac\u00e9e, quand l\u2019\u00e2ge est avanc\u00e9, lorsque l\u2019on est diminu\u00e9 et souffrant, les pr\u00eatres imposent les mains et oignent de l\u2019huile des malades.<\/p>\n<p style=\"text-align: justify\">Ces gestes fortifient la foi, soulagent dans la souffrance et concourt \u00e0 la sant\u00e9 de la personne. N\u2019ayez pas peur de le demander ! C\u2019est un sacrement pour mieux vivre.Ce sacrement est donn\u00e9 soit \u00e0 domicile,soit \u00e0 l&rsquo;h\u00f4pital,soit \u00e0 la paroisse. \u00a0Contacter l&rsquo;accueil paroissial ou en appelant un pr\u00eatre.<\/p>\n<h2 style=\"text-align: center\"><span style=\"color: #000000\">la chorale paroissiale<\/span><\/h2>\n<p><img decoding=\"async\" class=\"size-medium wp-image-2063 aligncenter\" src=\"https:\/\/chalons.catholique.fr\/saintaugustin\/wp-content\/uploads\/sites\/30\/2017\/03\/chorale-1-300x170.jpg\" alt=\"\" width=\"300\" height=\"170\" srcset=\"https:\/\/chalons.catholique.fr\/saintaugustin\/wp-content\/uploads\/sites\/30\/2017\/03\/chorale-1-200x113.jpg 200w, https:\/\/chalons.catholique.fr\/saintaugustin\/wp-content\/uploads\/sites\/30\/2017\/03\/chorale-1-300x170.jpg 300w, https:\/\/chalons.catholique.fr\/saintaugustin\/wp-content\/uploads\/sites\/30\/2017\/03\/chorale-1-400x227.jpg 400w, https:\/\/chalons.catholique.fr\/saintaugustin\/wp-content\/uploads\/sites\/30\/2017\/03\/chorale-1-600x340.jpg 600w, https:\/\/chalons.catholique.fr\/saintaugustin\/wp-content\/uploads\/sites\/30\/2017\/03\/chorale-1-768x435.jpg 768w, https:\/\/chalons.catholique.fr\/saintaugustin\/wp-content\/uploads\/sites\/30\/2017\/03\/chorale-1-800x454.jpg 800w, https:\/\/chalons.catholique.fr\/saintaugustin\/wp-content\/uploads\/sites\/30\/2017\/03\/chorale-1-1024x580.jpg 1024w, https:\/\/chalons.catholique.fr\/saintaugustin\/wp-content\/uploads\/sites\/30\/2017\/03\/chorale-1-1200x680.jpg 1200w, https:\/\/chalons.catholique.fr\/saintaugustin\/wp-content\/uploads\/sites\/30\/2017\/03\/chorale-1.jpg 1600w\" sizes=\"(max-width: 300px) 100vw, 300px\" \/><\/p>\n<p style=\"text-align: justify\">Pour pr\u00e9parer les c\u00e9l\u00e9brations la chorale paroissiale se r\u00e9unit tous les mercredis soirs, \u00e0 la salle st Augustin, de 20h \u00e0 21h30. Lorsque la c\u00e9l\u00e9bration a lieu dans un des villages de la vall\u00e9e de la Somme, la r\u00e9p\u00e9tition se d\u00e9roule chez Clarisse au : 3 rue des Ouches \u00e0 Sommesous, de 20h30 \u00e0 22h.<br \/>\nDans chaque village, une ou deux personnes se chargent du fleurissement de l\u2019\u00e9glise.<\/p>\n<\/div><div class=\"fusion-clearfix\"><\/div><\/div><\/div><\/div><\/div>\n","protected":false},"excerpt":{"rendered":"","protected":false},"author":8,"featured_media":4302,"comment_status":"open","ping_status":"open","sticky":false,"template":"","format":"standard","meta":{"xn-wppe-expiration":[],"xn-wppe-expiration-action":[],"xn-wppe-expiration-prefix":[],"footnotes":""},"categories":[17],"tags":[],"_links":{"self":[{"href":"https:\/\/chalons.catholique.fr\/saintaugustin\/wp-json\/wp\/v2\/posts\/1404"}],"collection":[{"href":"https:\/\/chalons.catholique.fr\/saintaugustin\/wp-json\/wp\/v2\/posts"}],"about":[{"href":"https:\/\/chalons.catholique.fr\/saintaugustin\/wp-json\/wp\/v2\/types\/post"}],"author":[{"embeddable":true,"href":"https:\/\/chalons.catholique.fr\/saintaugustin\/wp-json\/wp\/v2\/users\/8"}],"replies":[{"embeddable":true,"href":"https:\/\/chalons.catholique.fr\/saintaugustin\/wp-json\/wp\/v2\/comments?post=1404"}],"version-history":[{"count":0,"href":"https:\/\/chalons.catholique.fr\/saintaugustin\/wp-json\/wp\/v2\/posts\/1404\/revisions"}],"wp:featuredmedia":[{"embeddable":true,"href":"https:\/\/chalons.catholique.fr\/saintaugustin\/wp-json\/wp\/v2\/media\/4302"}],"wp:attachment":[{"href":"https:\/\/chalons.catholique.fr\/saintaugustin\/wp-json\/wp\/v2\/media?parent=1404"}],"wp:term":[{"taxonomy":"category","embeddable":true,"href":"https:\/\/chalons.catholique.fr\/saintaugustin\/wp-json\/wp\/v2\/categories?post=1404"},{"taxonomy":"post_tag","embeddable":true,"href":"https:\/\/chalons.catholique.fr\/saintaugustin\/wp-json\/wp\/v2\/tags?post=1404"}],"curies":[{"name":"wp","href":"https:\/\/api.w.org\/{rel}","templated":true}]}}