{"id":767,"date":"2017-07-20T11:14:32","date_gmt":"2017-07-20T09:14:32","guid":{"rendered":"http:\/\/chalons.catholique.fr\/formation\/?p=767"},"modified":"2017-10-03T16:25:03","modified_gmt":"2017-10-03T14:25:03","slug":"equipe-tandem","status":"publish","type":"post","link":"https:\/\/chalons.catholique.fr\/formation\/equipe-tandem\/","title":{"rendered":"\u00c9quipe Tandem"},"content":{"rendered":"<div class=\"fusion-fullwidth fullwidth-box fusion-builder-row-1 hundred-percent-fullwidth non-hundred-percent-height-scrolling\" style=\"--awb-border-radius-top-left:0px;--awb-border-radius-top-right:0px;--awb-border-radius-bottom-right:0px;--awb-border-radius-bottom-left:0px;--awb-overflow:visible;--awb-flex-wrap:wrap;\" ><div class=\"fusion-builder-row fusion-row\"><div class=\"fusion-layout-column fusion_builder_column fusion-builder-column-0 fusion_builder_column_1_3 1_3 fusion-one-third fusion-column-first\" style=\"--awb-bg-size:cover;width:30.6666%; margin-right: 4%;\"><div class=\"fusion-column-wrapper fusion-flex-column-wrapper-legacy\"><ul style=\"--awb-size:13px;--awb-line-height:22.1px;--awb-icon-width:22.1px;--awb-icon-height:22.1px;--awb-icon-margin:9.1px;--awb-content-margin:31.2px;--awb-circlecolor:#f05858;--awb-circle-yes-font-size:11.44px;\" class=\"fusion-checklist fusion-checklist-1 fusion-checklist-default type-icons\"><li class=\"fusion-li-item\" style=\"\"><span class=\"icon-wrapper circle-yes\"><i class=\"fusion-li-icon fa fa-user\" aria-hidden=\"true\"><\/i><\/span><div class=\"fusion-li-item-content\"><strong>Public :\u00a0<\/strong>Couples \u00abjust-married\u00bb ou avec un projet de mariage \u00e0 l\u2019\u00c9glise.<\/div><\/li><li class=\"fusion-li-item\" style=\"\"><span class=\"icon-wrapper circle-yes\"><i class=\"fusion-li-icon fa fa-pencil\" aria-hidden=\"true\"><\/i><\/span><div class=\"fusion-li-item-content\"><strong>Rythme :\u00a0<\/strong>Parcours sur 2 ans \u00e0 raison d\u2019une soir\u00e9e par mois.<\/div><\/li><li class=\"fusion-li-item\" style=\"\"><span class=\"icon-wrapper circle-yes\"><i class=\"fusion-li-icon fa fa-comments\" aria-hidden=\"true\"><\/i><\/span><div class=\"fusion-li-item-content\"><strong>Contact :\u00a0<\/strong>Service dioc\u00e9sain de Pastorale des Familles<\/div><\/li><\/ul><div class=\"fusion-clearfix\"><\/div><\/div><\/div><div class=\"fusion-layout-column fusion_builder_column fusion-builder-column-1 fusion_builder_column_2_3 2_3 fusion-two-third fusion-column-last\" style=\"--awb-bg-size:cover;width:65.3333%;\"><div class=\"fusion-column-wrapper fusion-flex-column-wrapper-legacy\"><div class=\"fusion-text fusion-text-1\"><h3 class=\"Prsentationformation\" style=\"text-align: left;margin: 0cm 7.05pt 0.0001pt -49.65pt;padding-left: 90px\" align=\"left\"><span class=\"Textes\"><span style=\"font-family: 'Proxima Nova'\">Objectifs :<\/span><\/span><\/h3>\n<ul>\n<li class=\"objectifsetthmes\" style=\"text-align: left;text-indent: 0cm;margin: 0cm 7.05pt 0.0001pt -49.65pt;padding-left: 90px\"><span class=\"Textes\"><span style=\"font-family: 'Proxima Nova'\">Permettre \u00e0 4\/5 jeunes couples de prendre du temps pour concr\u00e9tiser et actualiser leur projet de couple<\/span><\/span><\/li>\n<li class=\"objectifsetthmes\" style=\"text-align: left;text-indent: 0cm;margin: 0cm 7.05pt 0.0001pt -49.65pt;padding-left: 90px\"><span class=\"Textes\"><span style=\"font-family: 'Proxima Nova'\">Echanger et r\u00e9fl\u00e9chir avec d\u2019autres sur les divers aspects de la vie quotidienne<\/span><\/span><\/li>\n<li class=\"objectifsetthmes\" style=\"text-align: left;text-indent: 0cm;margin: 0cm 7.05pt 0.0001pt -49.65pt;padding-left: 90px\"><span class=\"Textes\"><span style=\"font-family: 'Proxima Nova'\">Eclairer le sens de leur vie \u00e0 la lumi\u00e8re de la foi chr\u00e9tienne et des \u00e9vangiles.<\/span><\/span><\/li>\n<\/ul>\n<p class=\"objectifsetthmes\" style=\"text-align: left;text-indent: 0cm;margin: 0cm 7.05pt 0.0001pt -49.65pt;padding-left: 90px\" align=\"left\"><span class=\"Textes\"><span style=\"font-family: 'Proxima Nova'\">\u00a0<\/span><\/span><\/p>\n<h3 class=\"objectifsetthmes\" style=\"text-align: left;text-indent: 0cm;margin: 0cm 7.05pt 0.0001pt -49.65pt;padding-left: 90px\" align=\"left\"><span class=\"Textes\"><span style=\"font-family: 'Proxima Nova'\">Support :<\/span><\/span><\/h3>\n<p class=\"objectifsetthmes\" style=\"text-align: left;text-indent: 0cm;margin: 0cm 7.05pt 0.0001pt -49.65pt;padding-left: 90px\" align=\"left\"><span class=\"Textes\"><span style=\"font-family: 'Proxima Nova'\">un livret proposant 22 th\u00e8mes en rapport avec la vie quotidienne.<\/span><\/span><\/p>\n<\/div><div class=\"fusion-clearfix\"><\/div><\/div><\/div><\/div><\/div>\n","protected":false},"excerpt":{"rendered":"","protected":false},"author":8,"featured_media":768,"comment_status":"open","ping_status":"open","sticky":false,"template":"","format":"standard","meta":{"xn-wppe-expiration":[],"xn-wppe-expiration-action":[],"xn-wppe-expiration-prefix":[],"footnotes":""},"categories":[32],"tags":[],"_links":{"self":[{"href":"https:\/\/chalons.catholique.fr\/formation\/wp-json\/wp\/v2\/posts\/767"}],"collection":[{"href":"https:\/\/chalons.catholique.fr\/formation\/wp-json\/wp\/v2\/posts"}],"about":[{"href":"https:\/\/chalons.catholique.fr\/formation\/wp-json\/wp\/v2\/types\/post"}],"author":[{"embeddable":true,"href":"https:\/\/chalons.catholique.fr\/formation\/wp-json\/wp\/v2\/users\/8"}],"replies":[{"embeddable":true,"href":"https:\/\/chalons.catholique.fr\/formation\/wp-json\/wp\/v2\/comments?post=767"}],"version-history":[{"count":0,"href":"https:\/\/chalons.catholique.fr\/formation\/wp-json\/wp\/v2\/posts\/767\/revisions"}],"wp:featuredmedia":[{"embeddable":true,"href":"https:\/\/chalons.catholique.fr\/formation\/wp-json\/wp\/v2\/media\/768"}],"wp:attachment":[{"href":"https:\/\/chalons.catholique.fr\/formation\/wp-json\/wp\/v2\/media?parent=767"}],"wp:term":[{"taxonomy":"category","embeddable":true,"href":"https:\/\/chalons.catholique.fr\/formation\/wp-json\/wp\/v2\/categories?post=767"},{"taxonomy":"post_tag","embeddable":true,"href":"https:\/\/chalons.catholique.fr\/formation\/wp-json\/wp\/v2\/tags?post=767"}],"curies":[{"name":"wp","href":"https:\/\/api.w.org\/{rel}","templated":true}]}}