{"id":985,"date":"2016-10-18T10:20:41","date_gmt":"2016-10-18T09:20:41","guid":{"rendered":"http:\/\/chalons.catholique.fr\/familles\/?p=985"},"modified":"2017-10-09T16:55:10","modified_gmt":"2017-10-09T15:55:10","slug":"les-mouvements-educatifs","status":"publish","type":"post","link":"https:\/\/chalons.catholique.fr\/familles\/les-mouvements-educatifs\/","title":{"rendered":"Les mouvements \u00e9ducatifs-original"},"content":{"rendered":"<div class=\"fusion-fullwidth fullwidth-box fusion-builder-row-1 nonhundred-percent-fullwidth non-hundred-percent-height-scrolling\" style=\"--awb-background-position:left top;--awb-border-radius-top-left:0px;--awb-border-radius-top-right:0px;--awb-border-radius-bottom-right:0px;--awb-border-radius-bottom-left:0px;--awb-padding-top:20px;--awb-padding-bottom:20px;--awb-border-sizes-top:0px;--awb-border-sizes-bottom:0px;--awb-flex-wrap:wrap;\" ><div class=\"fusion-builder-row fusion-row\"><div class=\"fusion-layout-column fusion_builder_column fusion-builder-column-0 fusion_builder_column_1_1 1_1 fusion-one-full fusion-column-first fusion-column-last fusion-column-no-min-height\" style=\"--awb-bg-size:cover;--awb-margin-bottom:0px;\"><div class=\"fusion-column-wrapper fusion-flex-column-wrapper-legacy\"><div class=\"fusion-image-element fusion-image-align-right in-legacy-container\" style=\"text-align:right;--awb-caption-title-font-family:var(--h2_typography-font-family);--awb-caption-title-font-weight:var(--h2_typography-font-weight);--awb-caption-title-font-style:var(--h2_typography-font-style);--awb-caption-title-size:var(--h2_typography-font-size);--awb-caption-title-transform:var(--h2_typography-text-transform);--awb-caption-title-line-height:var(--h2_typography-line-height);--awb-caption-title-letter-spacing:var(--h2_typography-letter-spacing);\"><span class=\" fusion-imageframe imageframe-none imageframe-1 hover-type-none\" style=\"margin-left:25px;float:right;\"><img decoding=\"async\" src=\"https:\/\/chalons.catholique.fr\/familles\/wp-content\/uploads\/sites\/19\/2015\/12\/teenager-959125_640-300x201.jpg\" alt class=\"img-responsive\"\/><\/span><\/div><div class=\"fusion-clearfix\"><\/div><\/div><\/div><div class=\"fusion-layout-column fusion_builder_column fusion-builder-column-1 fusion_builder_column_3_5 3_5 fusion-three-fifth fusion-column-first\" style=\"--awb-bg-color:#b5db81;--awb-bg-color-hover:#b5db81;--awb-bg-size:cover;width:58.4%; margin-right: 4%;\"><div class=\"fusion-column-wrapper fusion-flex-column-wrapper-legacy\"><div class=\"fusion-title title fusion-title-1 fusion-sep-none fusion-title-center fusion-title-text fusion-title-size-one\"><h1 class=\"fusion-title-heading title-heading-center fusion-responsive-typography-calculated\" style=\"margin:0;--fontSize:28;line-height:1.79;\"><p style=\"text-align: center;\">ACE<\/p><\/h1><\/div><div class=\"fusion-sep-clear\"><\/div><div class=\"fusion-separator fusion-full-width-sep\" style=\"margin-left: auto;margin-right: auto;margin-top:10px;width:100%;\"><\/div><div class=\"fusion-sep-clear\"><\/div><div class=\"fusion-text fusion-text-1\"><p style=\"text-align: justify;\">L\u2019<a href=\"http:\/\/www.ace.asso.fr\/\" target=\"_blank\">Action Catholique des Enfants<\/a> (ACE) est une association loi 1901 reconnue d\u2019\u00e9ducation populaire et membre de l\u2019\u00c9glise de France. Elle rassemble partout en France les enfants de 6 \u00e0 15 ans, quels que soient leur culture, leur milieu social, leur religion. En groupes de copains, accompagn\u00e9s par des adultes attentifs \u00e0 ce qu\u2019ils vivent et disent, les enfants jouent, discutent et m\u00e8nent des projets communs. \u00c0 l\u2019ACE, ils exp\u00e9rimentent une vie bas\u00e9e sur des valeurs humaines et chr\u00e9tiennes qui leur permet de se construire et de devenir acteurs et citoyens.<\/p>\n<p>A l\u2019ACE, nous croyons que les enfants sont des personnes \u00e0 part enti\u00e8re, capables de s\u2019exprimer, de prendre des responsabilit\u00e9s et de construire le monde de demain. Cette conviction forte, l\u2019ACE s\u2019attache \u00e0 la d\u00e9fendre dans la soci\u00e9t\u00e9 dans l\u2019esprit de la Convention Internationale des Droits de l\u2019Enfant (CIDE).<\/p>\n<p>Contact :<\/p>\n<p>Maison Dioc\u00e9saine &#8211; Odette Pr\u00e9vost<br \/>\n1 bis rue St Joseph<br \/>\n51000 CHALONS EN CHAMPAGNE<br \/>\nTel : 03 26 22 12 37<br \/>\n<span class=\"location_detail_label\">T\u00e9l\u00e9phone:<\/span> 03 26 22 12 44<br \/>\n<a href=\"mailto:acechalons@orange.fr\" target=\"_blank\">acechalons@orange.fr<\/a><br \/>\n<a href=\"https:\/\/www.facebook.com\/ace51chalons\/\" target=\"_blank\">Facebook<\/a><\/p>\n<\/div><div class=\"fusion-clearfix\"><\/div><\/div><\/div><div class=\"fusion-layout-column fusion_builder_column fusion-builder-column-2 fusion_builder_column_2_5 2_5 fusion-two-fifth fusion-column-last\" style=\"--awb-bg-color:#b5db81;--awb-bg-color-hover:#b5db81;--awb-bg-size:cover;width:37.6%;\"><div class=\"fusion-column-wrapper fusion-flex-column-wrapper-legacy\"><div class=\"fusion-column-content-centered\"><div class=\"fusion-column-content\"><div class=\"fusion-sep-clear\"><\/div><div class=\"fusion-separator fusion-full-width-sep\" style=\"margin-left: auto;margin-right: auto;margin-top:10px;width:100%;\"><\/div><div class=\"fusion-sep-clear\"><\/div><div class=\"fusion-title title fusion-title-2 fusion-sep-none fusion-title-center fusion-title-text fusion-title-size-one\"><h1 class=\"fusion-title-heading title-heading-center fusion-responsive-typography-calculated\" style=\"margin:0;--fontSize:28;line-height:1.79;\">MEJ<\/h1><\/div><div class=\"fusion-sep-clear\"><\/div><div class=\"fusion-separator fusion-full-width-sep\" style=\"margin-left: auto;margin-right: auto;margin-top:10px;width:100%;\"><\/div><div class=\"fusion-sep-clear\"><\/div><div class=\"fusion-text fusion-text-2\"><p style=\"text-align: justify;\">Pour chaque jeune, le <a href=\"http:\/\/www.mej.fr\/\" target=\"_blank\">MEJ<\/a> se propose comme un chemin de croissance humaine et spirituelle. Au fil des ans, ils peuvent d\u00e9velopper petit \u00e0 petit leurs capacit\u00e9s \u00e0\u00a0: Faire \u00e9quipe, un lieu pour apprendre \u00e0 mieux \u00e9couter et mieux s\u2019exprimer, \u00e0 d\u00e9couvrir la vie ensemble avec ses richesses et ses difficult\u00e9s.<\/p>\n<p style=\"text-align: justify;\">Contact Ch\u00e2lons : Fabienne et Pascal Mansuy Chambrillon<\/p>\n<\/div><\/div><\/div><div class=\"fusion-clearfix\"><\/div><\/div><\/div><div class=\"fusion-layout-column fusion_builder_column fusion-builder-column-3 fusion_builder_column_1_3 1_3 fusion-one-third fusion-column-first\" style=\"--awb-bg-color:#eac664;--awb-bg-color-hover:#eac664;--awb-bg-size:cover;width:30.6666%; margin-right: 4%;\"><div class=\"fusion-column-wrapper fusion-flex-column-wrapper-legacy\"><div class=\"fusion-title title fusion-title-3 fusion-sep-none fusion-title-center fusion-title-text fusion-title-size-one\"><h1 class=\"fusion-title-heading title-heading-center fusion-responsive-typography-calculated\" style=\"margin:0;--fontSize:28;line-height:1.79;\"><p style=\"text-align: center;\">SCOUTS DE FRANCE<\/p><\/h1><\/div><div class=\"fusion-sep-clear\"><\/div><div class=\"fusion-separator fusion-full-width-sep\" style=\"margin-left: auto;margin-right: auto;margin-top:10px;width:100%;\"><\/div><div class=\"fusion-sep-clear\"><\/div><div class=\"fusion-text fusion-text-3\"><p>Groupe 4 vents de Ch\u00e2lons-en-Champagne<br \/>\n63 rue Lamairesse &#8211; 51000 CHALONS-EN-CHAMPAGNE<br \/>\n06 72 86 07 64<br \/>\n<a href=\"mailto:sgdf.groupedechalons@gmail.com\" target=\"_blank\">sgdf.groupedechalons@gmail.com<\/a><\/p>\n<p><strong>Groupe Abel Faivre d&rsquo;Epernay<\/strong><br \/>\nResponsable : Philippe<br \/>\n<a href=\"mailto:contact@sgdf-epernay.org\">contact@sgdf-epernay.org<\/a><br \/>\n<a href=\"https:\/\/blogs.sgdf.fr\/abel-faivre\/bienvenue\/\" target=\"_blank\">https:\/\/blogs.sgdf.fr\/abel-faivre\/bienvenue\/<\/a><\/p>\n<p><strong>Groupe Charles de Foucauld de Vitry le Fran\u00e7ois<br \/>\n<\/strong>responsables \u00a0: Aude et Giancarlo IACUS<br \/>\n<a href=\"mailto:responsables@sgdf-vitry.fr\" target=\"_blank\"><span class=\"Apple-style-span\">responsables@sgdf-vitry.fr\u00a0<\/span><\/a><\/p>\n<\/div><div class=\"fusion-clearfix\"><\/div><\/div><\/div><div class=\"fusion-layout-column fusion_builder_column fusion-builder-column-4 fusion_builder_column_1_3 1_3 fusion-one-third\" style=\"--awb-bg-color:#eac664;--awb-bg-color-hover:#eac664;--awb-bg-size:cover;width:30.6666%; margin-right: 4%;\"><div class=\"fusion-column-wrapper fusion-flex-column-wrapper-legacy\"><div class=\"fusion-title title fusion-title-4 fusion-title-center fusion-title-text fusion-title-size-one\"><div class=\"title-sep-container title-sep-container-left\"><div class=\"title-sep sep-double sep-solid\" style=\"border-color:#e0dede;\"><\/div><\/div><span class=\"awb-title-spacer\"><\/span><h1 class=\"fusion-title-heading title-heading-center fusion-responsive-typography-calculated\" style=\"margin:0;--fontSize:28;line-height:1.79;\"><p style=\"text-align: center;\">SCOUTS UNITAIRES DE FRANCE<\/p><\/h1><span class=\"awb-title-spacer\"><\/span><div class=\"title-sep-container title-sep-container-right\"><div class=\"title-sep sep-double sep-solid\" style=\"border-color:#e0dede;\"><\/div><\/div><\/div><div class=\"fusion-sep-clear\"><\/div><div class=\"fusion-separator fusion-full-width-sep\" style=\"margin-left: auto;margin-right: auto;margin-top:10px;width:100%;\"><\/div><div class=\"fusion-sep-clear\"><\/div><div class=\"fusion-text fusion-text-4\"><p style=\"text-align: justify;\">Groupe SUF St Georges \u00e0 Ch\u00e2lons<br \/>\nChefs de groupe<br \/>\nCorinne et St\u00e9phane Delattre<br \/>\n06 30 49 43 92<br \/>\n<a href=\"mailto:sufchalons@gmail.com\" target=\"_blank\">sufchalons@gmail.com<\/a><br \/>\nLocal Scout SUF situ\u00e9 \u00e0 l&rsquo;Ev\u00e9ch\u00e9.<\/p>\n<\/div><div class=\"fusion-clearfix\"><\/div><\/div><\/div><div class=\"fusion-layout-column fusion_builder_column fusion-builder-column-5 fusion_builder_column_1_3 1_3 fusion-one-third fusion-column-last\" style=\"--awb-bg-color:#eac664;--awb-bg-color-hover:#eac664;--awb-bg-size:cover;width:30.6666%;\"><div class=\"fusion-column-wrapper fusion-flex-column-wrapper-legacy\"><div class=\"fusion-title title fusion-title-5 fusion-title-center fusion-title-text fusion-title-size-one\"><div class=\"title-sep-container title-sep-container-left\"><div class=\"title-sep sep-double sep-solid\" style=\"border-color:#e0dede;\"><\/div><\/div><span class=\"awb-title-spacer\"><\/span><h1 class=\"fusion-title-heading title-heading-center fusion-responsive-typography-calculated\" style=\"margin:0;--fontSize:28;line-height:1.79;\"><p style=\"text-align: center;\">SCOUTS ET GUIDES D&rsquo;EUROPE<\/p><\/h1><span class=\"awb-title-spacer\"><\/span><div class=\"title-sep-container title-sep-container-right\"><div class=\"title-sep sep-double sep-solid\" style=\"border-color:#e0dede;\"><\/div><\/div><\/div><div class=\"fusion-sep-clear\"><\/div><div class=\"fusion-separator fusion-full-width-sep\" style=\"margin-left: auto;margin-right: auto;margin-top:10px;width:100%;\"><\/div><div class=\"fusion-sep-clear\"><\/div><div class=\"fusion-text fusion-text-5\"><p>R\u00e9gion d&rsquo;Epernay :<\/p>\n<p>Guides d&rsquo; Europe : catherine D\u00e9prez : 03 26 57 69 11<\/p>\n<p>Scouts d&rsquo; Europe : Romain Loyaux : 06 31 30 46 10<\/p>\n<\/div><div class=\"fusion-clearfix\"><\/div><\/div><\/div><\/div><\/div>\n","protected":false},"excerpt":{"rendered":"","protected":false},"author":8,"featured_media":680,"comment_status":"closed","ping_status":"closed","sticky":false,"template":"","format":"standard","meta":{"xn-wppe-expiration":[],"xn-wppe-expiration-action":[],"xn-wppe-expiration-prefix":[],"footnotes":""},"categories":[7],"tags":[],"_links":{"self":[{"href":"https:\/\/chalons.catholique.fr\/familles\/wp-json\/wp\/v2\/posts\/985"}],"collection":[{"href":"https:\/\/chalons.catholique.fr\/familles\/wp-json\/wp\/v2\/posts"}],"about":[{"href":"https:\/\/chalons.catholique.fr\/familles\/wp-json\/wp\/v2\/types\/post"}],"author":[{"embeddable":true,"href":"https:\/\/chalons.catholique.fr\/familles\/wp-json\/wp\/v2\/users\/8"}],"replies":[{"embeddable":true,"href":"https:\/\/chalons.catholique.fr\/familles\/wp-json\/wp\/v2\/comments?post=985"}],"version-history":[{"count":0,"href":"https:\/\/chalons.catholique.fr\/familles\/wp-json\/wp\/v2\/posts\/985\/revisions"}],"wp:featuredmedia":[{"embeddable":true,"href":"https:\/\/chalons.catholique.fr\/familles\/wp-json\/wp\/v2\/media\/680"}],"wp:attachment":[{"href":"https:\/\/chalons.catholique.fr\/familles\/wp-json\/wp\/v2\/media?parent=985"}],"wp:term":[{"taxonomy":"category","embeddable":true,"href":"https:\/\/chalons.catholique.fr\/familles\/wp-json\/wp\/v2\/categories?post=985"},{"taxonomy":"post_tag","embeddable":true,"href":"https:\/\/chalons.catholique.fr\/familles\/wp-json\/wp\/v2\/tags?post=985"}],"curies":[{"name":"wp","href":"https:\/\/api.w.org\/{rel}","templated":true}]}}