{"id":90,"date":"2015-12-08T16:54:02","date_gmt":"2015-12-08T15:54:02","guid":{"rendered":"http:\/\/chalons.catholique.fr\/familles\/?p=90"},"modified":"2017-11-22T17:39:59","modified_gmt":"2017-11-22T16:39:59","slug":"preparer-son-livret","status":"publish","type":"post","link":"https:\/\/chalons.catholique.fr\/familles\/preparer-son-livret\/","title":{"rendered":"Pr\u00e9parer sa c\u00e9l\u00e9bration"},"content":{"rendered":"<div class=\"fusion-fullwidth fullwidth-box fusion-builder-row-1 hundred-percent-fullwidth non-hundred-percent-height-scrolling\" style=\"--awb-background-position:left top;--awb-border-radius-top-left:0px;--awb-border-radius-top-right:0px;--awb-border-radius-bottom-right:0px;--awb-border-radius-bottom-left:0px;--awb-padding-top:20px;--awb-padding-bottom:20px;--awb-border-sizes-top:0px;--awb-border-sizes-bottom:0px;--awb-flex-wrap:wrap;\" ><div class=\"fusion-builder-row fusion-row\"><div class=\"fusion-layout-column fusion_builder_column fusion-builder-column-0 fusion_builder_column_1_4 1_4 fusion-one-fourth fusion-column-first\" style=\"--awb-bg-size:cover;width:22%; margin-right: 4%;\"><div class=\"fusion-column-wrapper fusion-flex-column-wrapper-legacy\"><div class=\"fusion-clearfix\"><\/div><\/div><\/div><div class=\"fusion-layout-column fusion_builder_column fusion-builder-column-1 fusion_builder_column_1_2 1_2 fusion-one-half\" style=\"--awb-bg-size:cover;width:48%; margin-right: 4%;\"><div class=\"fusion-column-wrapper fusion-flex-column-wrapper-legacy\"><div class=\"fusion-image-element in-legacy-container\" style=\"--awb-caption-title-font-family:var(--h2_typography-font-family);--awb-caption-title-font-weight:var(--h2_typography-font-weight);--awb-caption-title-font-style:var(--h2_typography-font-style);--awb-caption-title-size:var(--h2_typography-font-size);--awb-caption-title-transform:var(--h2_typography-text-transform);--awb-caption-title-line-height:var(--h2_typography-line-height);--awb-caption-title-letter-spacing:var(--h2_typography-letter-spacing);\"><span class=\" fusion-imageframe imageframe-none imageframe-1 hover-type-none\"><img decoding=\"async\" width=\"640\" height=\"426\" title=\"alliances-1619392_640\" src=\"https:\/\/chalons.catholique.fr\/familles\/wp-content\/uploads\/sites\/19\/2016\/09\/alliances-1619392_640.jpg\" alt class=\"img-responsive wp-image-404\" srcset=\"https:\/\/chalons.catholique.fr\/familles\/wp-content\/uploads\/sites\/19\/2016\/09\/alliances-1619392_640-200x133.jpg 200w, https:\/\/chalons.catholique.fr\/familles\/wp-content\/uploads\/sites\/19\/2016\/09\/alliances-1619392_640-400x266.jpg 400w, https:\/\/chalons.catholique.fr\/familles\/wp-content\/uploads\/sites\/19\/2016\/09\/alliances-1619392_640-600x399.jpg 600w, https:\/\/chalons.catholique.fr\/familles\/wp-content\/uploads\/sites\/19\/2016\/09\/alliances-1619392_640.jpg 640w\" sizes=\"(max-width: 800px) 100vw, 600px\" \/><\/span><\/div><div class=\"fusion-clearfix\"><\/div><\/div><\/div><div class=\"fusion-layout-column fusion_builder_column fusion-builder-column-2 fusion_builder_column_1_4 1_4 fusion-one-fourth fusion-column-last\" style=\"--awb-bg-size:cover;width:22%;\"><div class=\"fusion-column-wrapper fusion-flex-column-wrapper-legacy\"><div class=\"fusion-clearfix\"><\/div><\/div><\/div><div class=\"fusion-layout-column fusion_builder_column fusion-builder-column-3 fusion_builder_column_1_1 1_1 fusion-one-full fusion-column-first fusion-column-last fusion-column-no-min-height\" style=\"--awb-bg-size:cover;--awb-margin-bottom:0px;\"><div class=\"fusion-column-wrapper fusion-flex-column-wrapper-legacy\"><div class=\"fusion-title title fusion-title-1 fusion-sep-none fusion-title-text fusion-title-size-one\"><h1 class=\"fusion-title-heading title-heading-left fusion-responsive-typography-calculated\" style=\"margin:0;--fontSize:28;line-height:1.79;\"><h2 style=\"text-align: center\">La c\u00e9l\u00e9bration \u00e0 l\u2019Eglise est le moment fort de votre mariage.<\/h2><\/h1><\/div><div class=\"fusion-text fusion-text-1\"><h3><b>Pr\u00e9voir plusieurs semaines pour pr\u00e9parer la c\u00e9r\u00e9monie.<\/b><\/h3>\n<h3>Des questions sur la c\u00e9l\u00e9bration\u00a0<strong><a href=\"http:\/\/croire.la-croix.com\/Definitions\/Sacrements\/Mariage\" target=\"_blank\" rel=\"noopener noreferrer\">Cliquez ici<\/a>\u00a0<\/strong><\/h3>\n<h3>Des revues pour pr\u00e9parer<\/h3>\n<ul>\n<li>\n<h3>\u00ab 2 oui pour la vie \u00bb revue des CPM (Centres de Pr\u00e9paration au Mariage)<\/h3>\n<\/li>\n<li>\n<h3>\u00ab Signes d\u2019aujourd\u2019hui, c\u00e9l\u00e9brez notre mariage \u00bb, Hors-s\u00e9rie \u00e9ditions Bayard<\/h3>\n<\/li>\n<\/ul>\n<\/div><div class=\"fusion-clearfix\"><\/div><\/div><\/div><div class=\"fusion-layout-column fusion_builder_column fusion-builder-column-4 fusion_builder_column_1_5 1_5 fusion-one-fifth fusion-column-first\" style=\"--awb-bg-size:cover;width:16.8%; margin-right: 4%;\"><div class=\"fusion-column-wrapper fusion-flex-column-wrapper-legacy\"><div class=\"fusion-clearfix\"><\/div><\/div><\/div><div class=\"fusion-layout-column fusion_builder_column fusion-builder-column-5 fusion_builder_column_3_5 3_5 fusion-three-fifth\" style=\"--awb-bg-size:cover;width:58.4%; margin-right: 4%;\"><div class=\"fusion-column-wrapper fusion-flex-column-wrapper-legacy\"><div class=\"fusion-video fusion-youtube\" style=\"--awb-max-width:600px;--awb-max-height:350px;\"><div class=\"video-shortcode\"><div class=\"fluid-width-video-wrapper\" style=\"padding-top:58.33%;\" ><iframe title=\"YouTube video player 1\" src=\"https:\/\/www.youtube.com\/embed\/PR3QLZpWvAk?wmode=transparent&autoplay=0\" width=\"600\" height=\"350\" allowfullscreen allow=\"autoplay; fullscreen\"><\/iframe><\/div><\/div><\/div><div class=\"fusion-clearfix\"><\/div><\/div><\/div><div class=\"fusion-layout-column fusion_builder_column fusion-builder-column-6 fusion_builder_column_1_5 1_5 fusion-one-fifth fusion-column-last\" style=\"--awb-bg-size:cover;width:16.8%;\"><div class=\"fusion-column-wrapper fusion-flex-column-wrapper-legacy\"><div class=\"fusion-clearfix\"><\/div><\/div><\/div><div class=\"fusion-layout-column fusion_builder_column fusion-builder-column-7 fusion_builder_column_1_1 1_1 fusion-one-full fusion-column-first fusion-column-last fusion-column-no-min-height\" style=\"--awb-bg-size:cover;--awb-margin-bottom:0px;\"><div class=\"fusion-column-wrapper fusion-flex-column-wrapper-legacy\"><div class=\"fusion-content-boxes content-boxes columns row fusion-columns-3 fusion-columns-total-3 fusion-content-boxes-1 content-boxes-icon-on-top content-left\" style=\"--awb-backgroundcolor:#eaeaea;--awb-hover-accent-color:#e84100;--awb-circle-hover-accent-color:#e84100;\" data-animationOffset=\"top-into-view\"><div style=\"--awb-backgroundcolor:#eaeaea;\" class=\"fusion-column content-box-column content-box-column content-box-column-1 col-lg-4 col-md-4 col-sm-4 fusion-content-box-hover content-box-column-first-in-row\"><div class=\"col content-box-wrapper content-wrapper-background link-area-box link-type-text icon-hover-animation-none\" data-link=\"http:\/\/cybercure.fr\/je-celebre-les-sacrements\/mariage\/article\/celebration-du-mariage-catholique#prettySociable\/2\/\" data-link-target=\"_blank\" data-animationOffset=\"top-into-view\"><div class=\"heading icon-left\"><a class=\"heading-link\" href=\"http:\/\/cybercure.fr\/je-celebre-les-sacrements\/mariage\/article\/celebration-du-mariage-catholique#prettySociable\/2\/\" target=\"_blank\" rel=\"noopener noreferrer\"><h2 class=\"content-box-heading fusion-responsive-typography-calculated\" style=\"--h2_typography-font-size:18px;--fontSize:18;line-height:1.3;\">Coutumes du mariage<\/h2><\/a><\/div><\/div><\/div><div style=\"--awb-backgroundcolor:#eaeaea;\" class=\"fusion-column content-box-column content-box-column content-box-column-2 col-lg-4 col-md-4 col-sm-4 fusion-content-box-hover \"><div class=\"col content-box-wrapper content-wrapper-background link-area-box link-type-text icon-hover-animation-none\" data-link=\"http:\/\/www.preparation-mariage.info\/le-mariage\/rubrique-2\/preparer-sa-celebration-a-leglise\" data-link-target=\"_blank\" data-animationOffset=\"top-into-view\"><div class=\"heading icon-left\"><a class=\"heading-link\" href=\"http:\/\/www.preparation-mariage.info\/le-mariage\/rubrique-2\/preparer-sa-celebration-a-leglise\" target=\"_blank\" rel=\"noopener noreferrer\"><h2 class=\"content-box-heading fusion-responsive-typography-calculated\" style=\"--h2_typography-font-size:18px;--fontSize:18;line-height:1.3;\">D\u00e9roulement type de la c\u00e9l\u00e9bration<\/h2><\/a><\/div><\/div><\/div><div style=\"--awb-backgroundcolor:#eaeaea;\" class=\"fusion-column content-box-column content-box-column content-box-column-3 col-lg-4 col-md-4 col-sm-4 fusion-content-box-hover content-box-column-last content-box-column-last-in-row\"><div class=\"col content-box-wrapper content-wrapper-background link-area-box link-type-text icon-hover-animation-none\" data-link=\"http:\/\/www.liturgiecatholique.fr\/Quel-est-le-deroulement-du-rite-du.html\" data-link-target=\"_blank\" data-animationOffset=\"top-into-view\"><div class=\"heading icon-left\"><a class=\"heading-link\" href=\"http:\/\/www.liturgiecatholique.fr\/Quel-est-le-deroulement-du-rite-du.html\" target=\"_blank\" rel=\"noopener noreferrer\"><h2 class=\"content-box-heading fusion-responsive-typography-calculated\" style=\"--h2_typography-font-size:18px;--fontSize:18;line-height:1.3;\">Plan de la c\u00e9l\u00e9bration<\/h2><\/a><\/div><\/div><\/div><div class=\"fusion-clearfix\"><\/div><\/div><div class=\"fusion-clearfix\"><\/div><\/div><\/div><div class=\"fusion-layout-column fusion_builder_column fusion-builder-column-8 fusion_builder_column_1_1 1_1 fusion-one-full fusion-column-first fusion-column-last fusion-column-no-min-height\" style=\"--awb-bg-size:cover;--awb-margin-bottom:0px;\"><div class=\"fusion-column-wrapper fusion-flex-column-wrapper-legacy\"><div class=\"fusion-content-boxes content-boxes columns row fusion-columns-3 fusion-columns-total-3 fusion-content-boxes-2 content-boxes-icon-on-top content-left\" style=\"--awb-backgroundcolor:#eaeaea;--awb-hover-accent-color:#e84100;--awb-circle-hover-accent-color:#e84100;\" data-animationOffset=\"top-into-view\"><div style=\"--awb-backgroundcolor:#eaeaea;\" class=\"fusion-column content-box-column content-box-column content-box-column-1 col-lg-4 col-md-4 col-sm-4 fusion-content-box-hover content-box-column-first-in-row\"><div class=\"col content-box-wrapper content-wrapper-background link-area-box link-type-text icon-hover-animation-none\" data-link=\"http:\/\/www.web-mag-catho.fr\/articles\/sacrements\/bapteme\/musique-et-chants\" data-link-target=\"_blank\" data-animationOffset=\"top-into-view\"><div class=\"heading icon-left\"><a class=\"heading-link\" href=\"http:\/\/www.web-mag-catho.fr\/articles\/sacrements\/bapteme\/musique-et-chants\" target=\"_blank\" rel=\"noopener noreferrer\"><h2 class=\"content-box-heading fusion-responsive-typography-calculated\" style=\"--h2_typography-font-size:18px;--fontSize:18;line-height:1.3;\">Choisir chants et textes<\/h2><\/a><\/div><\/div><\/div><div style=\"--awb-backgroundcolor:#eaeaea;\" class=\"fusion-column content-box-column content-box-column content-box-column-2 col-lg-4 col-md-4 col-sm-4 fusion-content-box-hover \"><div class=\"col content-box-wrapper content-wrapper-background link-area-box link-type-text icon-hover-animation-none\" data-link=\"http:\/\/www.paris.catholique.fr\/-creez-votre-livret-de-messe-de-4579-.html\" data-link-target=\"_blank\" data-animationOffset=\"top-into-view\"><div class=\"heading icon-left\"><a class=\"heading-link\" href=\"http:\/\/www.paris.catholique.fr\/-creez-votre-livret-de-messe-de-4579-.html\" target=\"_blank\" rel=\"noopener noreferrer\"><h2 class=\"content-box-heading fusion-responsive-typography-calculated\" style=\"--h2_typography-font-size:18px;--fontSize:18;line-height:1.3;\">Cr\u00e9er son livret<\/h2><\/a><\/div><\/div><\/div><div style=\"--awb-backgroundcolor:#eaeaea;\" class=\"fusion-column content-box-column content-box-column content-box-column-3 col-lg-4 col-md-4 col-sm-4 fusion-content-box-hover content-box-column-last content-box-column-last-in-row\"><div class=\"col content-box-wrapper content-wrapper-background link-area-box link-type-text icon-hover-animation-none\" data-link=\"http:\/\/www.liturgiecatholique.fr\/Fleurir-au-mariage.html\" data-link-target=\"_blank\" data-animationOffset=\"top-into-view\"><div class=\"heading icon-left\"><a class=\"heading-link\" href=\"http:\/\/www.liturgiecatholique.fr\/Fleurir-au-mariage.html\" target=\"_blank\" rel=\"noopener noreferrer\"><h2 class=\"content-box-heading fusion-responsive-typography-calculated\" style=\"--h2_typography-font-size:18px;--fontSize:18;line-height:1.3;\">Fleurir l'\u00e9glise<\/h2><\/a><\/div><\/div><\/div><div class=\"fusion-clearfix\"><\/div><\/div><div class=\"fusion-clearfix\"><\/div><\/div><\/div><div class=\"fusion-layout-column fusion_builder_column fusion-builder-column-9 fusion_builder_column_1_1 1_1 fusion-one-full fusion-column-first fusion-column-last fusion-column-no-min-height\" style=\"--awb-bg-size:cover;--awb-margin-bottom:0px;\"><div class=\"fusion-column-wrapper fusion-flex-column-wrapper-legacy\"><div class=\"fusion-title title fusion-title-2 fusion-title-center fusion-title-text fusion-title-size-one\"><div class=\"title-sep-container title-sep-container-left\"><div class=\"title-sep sep-double sep-solid\" style=\"border-color:#e0dede;\"><\/div><\/div><span class=\"awb-title-spacer\"><\/span><h1 class=\"fusion-title-heading title-heading-center fusion-responsive-typography-calculated\" style=\"margin:0;--fontSize:28;line-height:1.79;\"><h2 style=\"text-align: center\"><strong>\u00ab Etre heureux dans son mariage n\u2019arrive pas par hasard ! \u00bb<\/strong><\/h2><\/h1><span class=\"awb-title-spacer\"><\/span><div class=\"title-sep-container title-sep-container-right\"><div class=\"title-sep sep-double sep-solid\" style=\"border-color:#e0dede;\"><\/div><\/div><\/div><div class=\"fusion-text fusion-text-2\"><h3 style=\"text-align: center\"><strong><a href=\"https:\/\/chalons.catholique.fr\/familles\/la-vie-de-couple\/\">Fortifier, consolider, renforcer sa vie de couple<\/a>\u00a0<\/strong><\/h3>\n<\/div><div class=\"fusion-clearfix\"><\/div><\/div><\/div><\/div><\/div>\n","protected":false},"excerpt":{"rendered":"","protected":false},"author":1,"featured_media":404,"comment_status":"closed","ping_status":"closed","sticky":false,"template":"","format":"standard","meta":{"xn-wppe-expiration":[],"xn-wppe-expiration-action":[],"xn-wppe-expiration-prefix":[],"footnotes":""},"categories":[4],"tags":[],"_links":{"self":[{"href":"https:\/\/chalons.catholique.fr\/familles\/wp-json\/wp\/v2\/posts\/90"}],"collection":[{"href":"https:\/\/chalons.catholique.fr\/familles\/wp-json\/wp\/v2\/posts"}],"about":[{"href":"https:\/\/chalons.catholique.fr\/familles\/wp-json\/wp\/v2\/types\/post"}],"author":[{"embeddable":true,"href":"https:\/\/chalons.catholique.fr\/familles\/wp-json\/wp\/v2\/users\/1"}],"replies":[{"embeddable":true,"href":"https:\/\/chalons.catholique.fr\/familles\/wp-json\/wp\/v2\/comments?post=90"}],"version-history":[{"count":0,"href":"https:\/\/chalons.catholique.fr\/familles\/wp-json\/wp\/v2\/posts\/90\/revisions"}],"wp:featuredmedia":[{"embeddable":true,"href":"https:\/\/chalons.catholique.fr\/familles\/wp-json\/wp\/v2\/media\/404"}],"wp:attachment":[{"href":"https:\/\/chalons.catholique.fr\/familles\/wp-json\/wp\/v2\/media?parent=90"}],"wp:term":[{"taxonomy":"category","embeddable":true,"href":"https:\/\/chalons.catholique.fr\/familles\/wp-json\/wp\/v2\/categories?post=90"},{"taxonomy":"post_tag","embeddable":true,"href":"https:\/\/chalons.catholique.fr\/familles\/wp-json\/wp\/v2\/tags?post=90"}],"curies":[{"name":"wp","href":"https:\/\/api.w.org\/{rel}","templated":true}]}}