{"id":88,"date":"2015-12-08T16:53:44","date_gmt":"2015-12-08T15:53:44","guid":{"rendered":"http:\/\/chalons.catholique.fr\/familles\/?p=88"},"modified":"2017-10-23T10:47:53","modified_gmt":"2017-10-23T09:47:53","slug":"le-dossier","status":"publish","type":"post","link":"https:\/\/chalons.catholique.fr\/familles\/le-dossier\/","title":{"rendered":"Constituer le dossier administratif"},"content":{"rendered":"<div class=\"fusion-fullwidth fullwidth-box fusion-builder-row-1 hundred-percent-fullwidth non-hundred-percent-height-scrolling\" style=\"--awb-background-position:left top;--awb-border-radius-top-left:0px;--awb-border-radius-top-right:0px;--awb-border-radius-bottom-right:0px;--awb-border-radius-bottom-left:0px;--awb-padding-top:20px;--awb-padding-bottom:20px;--awb-border-sizes-top:0px;--awb-border-sizes-bottom:0px;--awb-flex-wrap:wrap;\" ><div class=\"fusion-builder-row fusion-row\"><div class=\"fusion-layout-column fusion_builder_column fusion-builder-column-0 fusion_builder_column_1_4 1_4 fusion-one-fourth fusion-column-first\" style=\"--awb-bg-size:cover;width:22%; margin-right: 4%;\"><div class=\"fusion-column-wrapper fusion-flex-column-wrapper-legacy\"><div class=\"fusion-clearfix\"><\/div><\/div><\/div><div class=\"fusion-layout-column fusion_builder_column fusion-builder-column-1 fusion_builder_column_1_2 1_2 fusion-one-half\" style=\"--awb-bg-size:cover;width:48%; margin-right: 4%;\"><div class=\"fusion-column-wrapper fusion-flex-column-wrapper-legacy\"><div class=\"fusion-image-element in-legacy-container\" style=\"--awb-caption-title-font-family:var(--h2_typography-font-family);--awb-caption-title-font-weight:var(--h2_typography-font-weight);--awb-caption-title-font-style:var(--h2_typography-font-style);--awb-caption-title-size:var(--h2_typography-font-size);--awb-caption-title-transform:var(--h2_typography-text-transform);--awb-caption-title-line-height:var(--h2_typography-line-height);--awb-caption-title-letter-spacing:var(--h2_typography-letter-spacing);\"><span class=\" fusion-imageframe imageframe-none imageframe-1 hover-type-none\"><img decoding=\"async\" width=\"640\" height=\"426\" title=\"mayor-917147_640\" src=\"https:\/\/chalons.catholique.fr\/familles\/wp-content\/uploads\/sites\/19\/2015\/12\/mayor-917147_640.jpg\" alt class=\"img-responsive wp-image-363\" srcset=\"https:\/\/chalons.catholique.fr\/familles\/wp-content\/uploads\/sites\/19\/2015\/12\/mayor-917147_640-200x133.jpg 200w, https:\/\/chalons.catholique.fr\/familles\/wp-content\/uploads\/sites\/19\/2015\/12\/mayor-917147_640-400x266.jpg 400w, https:\/\/chalons.catholique.fr\/familles\/wp-content\/uploads\/sites\/19\/2015\/12\/mayor-917147_640-600x399.jpg 600w, https:\/\/chalons.catholique.fr\/familles\/wp-content\/uploads\/sites\/19\/2015\/12\/mayor-917147_640.jpg 640w\" sizes=\"(max-width: 800px) 100vw, 600px\" \/><\/span><\/div><div class=\"fusion-clearfix\"><\/div><\/div><\/div><div class=\"fusion-layout-column fusion_builder_column fusion-builder-column-2 fusion_builder_column_1_4 1_4 fusion-one-fourth fusion-column-last\" style=\"--awb-bg-size:cover;width:22%;\"><div class=\"fusion-column-wrapper fusion-flex-column-wrapper-legacy\"><div class=\"fusion-clearfix\"><\/div><\/div><\/div><div class=\"fusion-layout-column fusion_builder_column fusion-builder-column-3 fusion_builder_column_1_1 1_1 fusion-one-full fusion-column-first fusion-column-last\" style=\"--awb-bg-size:cover;\"><div class=\"fusion-column-wrapper fusion-flex-column-wrapper-legacy\"><div class=\"fusion-text fusion-text-1\"><h3 style=\"text-align: justify\">Le mariage \u00e0 l\u2019Eglise est un acte officiel qui n\u00e9cessite la constitution d\u2019un dossier pour lequel certains documents sont requis\u00a0:<\/h3>\n<ul>\n<li>\n<h3 style=\"text-align: justify\">Les copies int\u00e9grales des actes de naissance (avec mentions marginales), d\u00e9livr\u00e9s par la mairie du lieu de naissance. C\u2019est \u00e0 vous de les demander. Il faut un acte de moins de douze mois avant la date de la c\u00e9r\u00e9monie. Les Fran\u00e7ais n\u00e9s \u00e0 l\u2019\u00e9tranger doivent demander une copie d\u2019acte de naissance au Minist\u00e8re des Affaires \u00c9trang\u00e8res &#8211; Service central de l\u2019\u00c9tat Civil &#8211; 44941 NANTES CEDEX 09 &#8211; ou au D\u00e9p\u00f4t des papiers publics des DOM-TOM &#8211; 27 rue Oudinot &#8211; 75007 PARIS &#8211; si vous \u00eates n\u00e9s dans un Dom-Tom<\/h3>\n<\/li>\n<li>\n<h3 style=\"text-align: justify\">Les actes de bapt\u00eame datant de moins de six mois avant la date de la c\u00e9l\u00e9bration\u00a0:\u00a0<b>ils ne peuvent \u00eatre obtenus que par le pr\u00eatre qui se charge de constituer le Dossier administratif en vue du mariage religieux<\/b>. \u00c0 vous de rechercher la paroisse ou la chapelle dans laquelle a eu lieu votre bapt\u00eame, ainsi que sa date et de les communiquer au pr\u00eatre.<\/h3>\n<\/li>\n<li>\n<h3 style=\"text-align: justify\">L\u2019acte de mariage civil devra \u00e9galement \u00eatre fourni au plus tard au d\u00e9but de la c\u00e9l\u00e9bration. En vertu du droit fran\u00e7ais, le mariage civil doit pr\u00e9c\u00e9der le mariage religieux, c\u2019est pourquoi le passage par la mairie pr\u00e9c\u00e8de toujours la c\u00e9l\u00e9bration religieuse.<\/h3>\n<\/li>\n<\/ul>\n<\/div><div class=\"fusion-clearfix\"><\/div><\/div><\/div><\/div><\/div>\n","protected":false},"excerpt":{"rendered":"","protected":false},"author":1,"featured_media":363,"comment_status":"closed","ping_status":"closed","sticky":false,"template":"","format":"standard","meta":{"xn-wppe-expiration":[],"xn-wppe-expiration-action":[],"xn-wppe-expiration-prefix":[],"footnotes":""},"categories":[4],"tags":[],"_links":{"self":[{"href":"https:\/\/chalons.catholique.fr\/familles\/wp-json\/wp\/v2\/posts\/88"}],"collection":[{"href":"https:\/\/chalons.catholique.fr\/familles\/wp-json\/wp\/v2\/posts"}],"about":[{"href":"https:\/\/chalons.catholique.fr\/familles\/wp-json\/wp\/v2\/types\/post"}],"author":[{"embeddable":true,"href":"https:\/\/chalons.catholique.fr\/familles\/wp-json\/wp\/v2\/users\/1"}],"replies":[{"embeddable":true,"href":"https:\/\/chalons.catholique.fr\/familles\/wp-json\/wp\/v2\/comments?post=88"}],"version-history":[{"count":0,"href":"https:\/\/chalons.catholique.fr\/familles\/wp-json\/wp\/v2\/posts\/88\/revisions"}],"wp:featuredmedia":[{"embeddable":true,"href":"https:\/\/chalons.catholique.fr\/familles\/wp-json\/wp\/v2\/media\/363"}],"wp:attachment":[{"href":"https:\/\/chalons.catholique.fr\/familles\/wp-json\/wp\/v2\/media?parent=88"}],"wp:term":[{"taxonomy":"category","embeddable":true,"href":"https:\/\/chalons.catholique.fr\/familles\/wp-json\/wp\/v2\/categories?post=88"},{"taxonomy":"post_tag","embeddable":true,"href":"https:\/\/chalons.catholique.fr\/familles\/wp-json\/wp\/v2\/tags?post=88"}],"curies":[{"name":"wp","href":"https:\/\/api.w.org\/{rel}","templated":true}]}}