{"id":711,"date":"2016-10-08T14:50:08","date_gmt":"2016-10-08T13:50:08","guid":{"rendered":"http:\/\/chalons.catholique.fr\/familles\/?p=711"},"modified":"2025-07-03T13:44:00","modified_gmt":"2025-07-03T12:44:00","slug":"comment-sy-preparer","status":"publish","type":"post","link":"https:\/\/chalons.catholique.fr\/familles\/comment-sy-preparer\/","title":{"rendered":"Comment s&rsquo;y pr\u00e9parer ?"},"content":{"rendered":"<div class=\"fusion-fullwidth fullwidth-box fusion-builder-row-1 hundred-percent-fullwidth non-hundred-percent-height-scrolling\" style=\"--awb-background-position:left top;--awb-border-sizes-top:0px;--awb-border-sizes-bottom:0px;--awb-border-sizes-left:0px;--awb-border-sizes-right:0px;--awb-border-radius-top-left:0px;--awb-border-radius-top-right:0px;--awb-border-radius-bottom-right:0px;--awb-border-radius-bottom-left:0px;--awb-padding-top:20px;--awb-flex-wrap:wrap;\" ><div class=\"fusion-builder-row fusion-row\"><div class=\"fusion-layout-column fusion_builder_column fusion-builder-column-0 fusion_builder_column_1_1 1_1 fusion-one-full fusion-column-first fusion-column-last fusion-column-no-min-height\" style=\"--awb-bg-size:cover;--awb-margin-bottom:0px;\"><div class=\"fusion-column-wrapper fusion-flex-column-wrapper-legacy\"><div class=\"fusion-text fusion-text-1\"><h2 style=\"text-align: left\"><strong><span style=\"color: #e85114\">Pourquoi s&rsquo;y pr\u00e9parer\u00a0?<\/span><\/strong><\/h2>\n<h3 style=\"text-align: justify\">Vous vous aimez, vous avez envie de construire \u00e0 deux votre vie, de partager votre quotidien, de vous soutenir dans vos joies vos difficult\u00e9s.<br \/>\nVous \u00eates ouvert \u00e0 la vie, vous voulez vous engager l\u2019un envers l\u2019autre : vous avez d\u00e9cid\u00e9 de vous marier\u00a0!<\/h3>\n<h3 style=\"text-align: justify\">Vous vous aimez d\u2019un amour humain. Vous croyez aussi que votre amour a sa source dans un amour qui vous d\u00e9passe. Vous demandez \u00e0 l\u2019Eglise le<strong>\u00a0Sacrement du Mariage.<\/strong><\/h3>\n<h3 style=\"text-align: justify\">Nous sommes heureux de vous accueillir pour vous accompagner sur ce chemin, en vous proposant une<strong>\u00a0pr\u00e9paration<\/strong>\u00a0\u00e0 ce sacrement.<\/h3>\n<\/div><div class=\"fusion-clearfix\"><\/div><\/div><\/div><div class=\"fusion-layout-column fusion_builder_column fusion-builder-column-1 fusion_builder_column_1_5 1_5 fusion-one-fifth fusion-column-first\" style=\"--awb-bg-size:cover;width:16.8%; margin-right: 4%;\"><div class=\"fusion-column-wrapper fusion-flex-column-wrapper-legacy\"><div class=\"fusion-sep-clear\"><\/div><div class=\"fusion-separator fusion-full-width-sep\" style=\"margin-left: auto;margin-right: auto;margin-top:80px;width:100%;\"><\/div><div class=\"fusion-sep-clear\"><\/div><div class=\"fusion-testimonials clean fusion-testimonials-1\" style=\"--awb-textcolor:#747474;--awb-backgroundcolor:#ffffff;\" data-random=\"0\" data-speed=\"4000\"><div class=\"reviews\"><div class=\"review active-testimonial avatar-image\"><div class=\"testimonial-thumbnail\"><img class=\"testimonial-image\" src=\"https:\/\/chalons.catholique.fr\/familles\/wp-content\/uploads\/sites\/19\/2015\/12\/Francois-site-dio.jpg\" width=\"2115\" height=\"1823\" style=\"--awb-border-radius:50%;\" \/><\/div><blockquote class=\"testimonials-shortcode-blockquote\"><q class=\"fusion-clearfix\"><\/q><\/blockquote><div class=\"author\"><span class=\"company-name\"><\/span><\/div><\/div><\/div><div class=\"testimonial-pagination\" id=\"fusion-testimonials-1\"><\/div><\/div><div class=\"fusion-clearfix\"><\/div><\/div><\/div><div class=\"fusion-layout-column fusion_builder_column fusion-builder-column-2 fusion_builder_column_4_5 4_5 fusion-four-fifth fusion-column-last\" style=\"--awb-bg-size:cover;width:79.2%;\"><div class=\"fusion-column-wrapper fusion-flex-column-wrapper-legacy\"><div class=\"fusion-text fusion-text-2\"><blockquote>\n<h3 style=\"text-align: justify\"><strong>Le\u00a0\u00ab pour toujours\u00a0\u00bb n\u2019est pas seulement une question de dur\u00e9e\u00a0: \u00ab\u00a0Un mariage n\u2019est pas r\u00e9ussi seulement s\u2019il dure, mais sa qualit\u00e9 est importante. Rester ensemble et savoir s\u2019aimer pour toujours\u00a0: voil\u00e0 le d\u00e9fi des \u00e9poux chr\u00e9tiens. \u00bb<\/strong><\/h3>\n<h3 style=\"text-align: justify\"><strong>\u00ab\u00a0Vivre ensemble est un art, un chemin de patience, beau et fascinant\u00a0\u00bb\u00a0qui \u00ab\u00a0a des r\u00e8gles qui peuvent se r\u00e9sumer en trois mots que tu as dit, des mots que tu as r\u00e9p\u00e9t\u00e9 tant de fois \u00e0 tes proches\u00a0: s\u2019il te pla\u00eet \u2013 ou puis-je \u2013 merci et pardon\u00a0\u00bb.<\/strong><\/h3>\n<h3 style=\"text-align: justify\"><strong>Pape Fran\u00e7ois<\/strong><\/h3>\n<\/blockquote>\n<\/div><div class=\"fusion-clearfix\"><\/div><\/div><\/div><div class=\"fusion-layout-column fusion_builder_column fusion-builder-column-3 fusion_builder_column_1_1 1_1 fusion-one-full fusion-column-first fusion-column-last fusion-column-no-min-height\" style=\"--awb-bg-size:cover;--awb-margin-bottom:0px;\" data-motion-effects=\"[{&quot;type&quot;:&quot;&quot;,&quot;scroll_type&quot;:&quot;transition&quot;,&quot;scroll_direction&quot;:&quot;up&quot;,&quot;transition_speed&quot;:&quot;1&quot;,&quot;fade_type&quot;:&quot;in&quot;,&quot;scale_type&quot;:&quot;up&quot;,&quot;initial_scale&quot;:&quot;1&quot;,&quot;max_scale&quot;:&quot;1.5&quot;,&quot;min_scale&quot;:&quot;0.5&quot;,&quot;initial_rotate&quot;:&quot;0&quot;,&quot;end_rotate&quot;:&quot;30&quot;,&quot;initial_blur&quot;:&quot;0&quot;,&quot;end_blur&quot;:&quot;3&quot;,&quot;start_element&quot;:&quot;top&quot;,&quot;start_viewport&quot;:&quot;bottom&quot;,&quot;end_element&quot;:&quot;bottom&quot;,&quot;end_viewport&quot;:&quot;top&quot;,&quot;mouse_effect&quot;:&quot;track&quot;,&quot;mouse_effect_direction&quot;:&quot;opposite&quot;,&quot;mouse_effect_speed&quot;:&quot;2&quot;,&quot;infinite_animation&quot;:&quot;float&quot;,&quot;infinite_animation_speed&quot;:&quot;2&quot;}]\" data-scroll-devices=\"small-visibility,medium-visibility,large-visibility\"><div class=\"fusion-column-wrapper fusion-column-has-shadow fusion-flex-column-wrapper-legacy\"><div class=\"fusion-text fusion-text-3\"><h2><strong><span style=\"color: #e85114\">Comment s&rsquo;y pr\u00e9parer<\/span><\/strong><\/h2>\n<h3 style=\"text-align: justify\">Selon les paroisses, les fa\u00e7ons de faire peuvent diff\u00e9rer.\u00a0N\u00e9anmoins, la pr\u00e9paration au mariage est obligatoire pour se marier \u00e0 l\u2019\u00c9glise.<br \/>\nElle comporte habituellement plusieurs d\u00e9marches :<\/h3>\n<ul>\n<li style=\"text-align: justify\">\n<h3><b>Rencontres avec un pr\u00eatre, ou un diacre <\/b>pour \u00e9changer avec lui sur le sens du mariage chr\u00e9tien, pour r\u00e9diger un projet de vie qu&rsquo;on appelle \u00ab\u00a0d\u00e9claration d&rsquo;intention\u00a0\u00bb, et pour constituer le dossier administratif.<\/h3>\n<\/li>\n<li style=\"text-align: justify\">\n<h3>Rencontre <b>\u00ab\u00a0Session de pr\u00e9paration au mariage\u00a0\u00bb <\/b>avec d&rsquo;autres fianc\u00e9s et accompagn\u00e9s d&rsquo;un couple mari\u00e9, pour partager ensemble sur le sens de votre engagement.<\/h3>\n<\/li>\n<li style=\"text-align: justify\">\n<h3>Participation au <b>parcours \u00ab\u00a0Chemin de foi\u00a0\u00bb<\/b> avec d\u2019autres fianc\u00e9s pour (re)d\u00e9couvrir Dieu, J\u00e9sus-Christ, les Sacrements\u2026 et mieux comprendre le sens sacr\u00e9 de votre mariage : L\u2019Alliance d\u2019Amour que Dieu fait avec les hommes<\/h3>\n<\/li>\n<li style=\"text-align: justify\">\n<h3><b>Pr\u00e9paration\u00a0de la c\u00e9r\u00e9monie\u00a0<\/b>en lien avec le c\u00e9l\u00e9brant : choix des textes et des chants, composition de la pri\u00e8re universelle\u2026<\/h3>\n<\/li>\n<\/ul>\n<\/div><div class=\"fusion-sep-clear\"><\/div><div class=\"fusion-separator fusion-full-width-sep\" style=\"margin-left: auto;margin-right: auto;margin-top:30px;width:100%;\"><\/div><div class=\"fusion-sep-clear\"><\/div><div class=\"fusion-clearfix\"><\/div><\/div><\/div><div class=\"fusion-layout-column fusion_builder_column fusion-builder-column-4 fusion_builder_column_1_1 1_1 fusion-one-full fusion-column-first fusion-column-last fusion-column-no-min-height\" style=\"--awb-bg-size:cover;--awb-margin-bottom:0px;\"><div class=\"fusion-column-wrapper fusion-flex-column-wrapper-legacy\"><div class=\"fusion-content-boxes content-boxes columns row fusion-columns-4 fusion-columns-total-4 fusion-content-boxes-1 content-boxes-clean-vertical content-left content-boxes-icon-on-top\" style=\"--awb-backgroundcolor:#eaeaea;--awb-hover-accent-color:#e84100;--awb-circle-hover-accent-color:#e84100;\" data-animationOffset=\"top-into-view\"><div style=\"--awb-backgroundcolor:#eaeaea;border-color:rgba(255,255,255,0);\" class=\"fusion-column content-box-column content-box-column content-box-column-1 col-lg-3 col-md-3 col-sm-3 fusion-content-box-hover content-box-column-first-in-row\"><div class=\"col content-box-wrapper content-wrapper-background link-area-box link-type-text icon-hover-animation-none\" data-link=\"https:\/\/chalons.catholique.fr\/familles\/rencontrer-le-celebrant\/\" data-link-target=\"_blank\" data-animationOffset=\"top-into-view\"><div class=\"heading heading-with-icon icon-left\"><a class=\"heading-link\" href=\"https:\/\/chalons.catholique.fr\/familles\/rencontrer-le-celebrant\/\" target=\"_blank\" rel=\"noopener noreferrer\"><div aria-hidden=\"true\" class=\"image\"><img src=\"https:\/\/chalons.catholique.fr\/familles\/wp-content\/uploads\/sites\/19\/2016\/09\/HE314-300x200.jpg\" width=\"300\" height=\"300\" alt=\"\" \/><\/div><h2 class=\"content-box-heading fusion-responsive-typography-calculated\" style=\"--h2_typography-font-size:18px;--fontSize:18;line-height:1.3;\">Rencontrer le c\u00e9l\u00e9brant<\/h2><\/a><\/div><\/div><\/div><div style=\"--awb-backgroundcolor:#eaeaea;border-color:rgba(255,255,255,0);\" class=\"fusion-column content-box-column content-box-column content-box-column-2 col-lg-3 col-md-3 col-sm-3 fusion-content-box-hover \"><div class=\"col content-box-wrapper content-wrapper-background link-area-box link-type-text icon-hover-animation-none\" data-link=\"https:\/\/chalons.catholique.fr\/familles\/sinscrire-a-une-session\/\" data-link-target=\"_blank\" data-animationOffset=\"top-into-view\"><div class=\"heading heading-with-icon icon-left\"><a class=\"heading-link\" href=\"https:\/\/chalons.catholique.fr\/familles\/sinscrire-a-une-session\/\" target=\"_blank\" rel=\"noopener noreferrer\"><div aria-hidden=\"true\" class=\"image\"><img src=\"https:\/\/chalons.catholique.fr\/familles\/wp-content\/uploads\/sites\/19\/2016\/09\/love-1472747_640-300x199.jpg\" width=\"300\" height=\"300\" alt=\"\" \/><\/div><h2 class=\"content-box-heading fusion-responsive-typography-calculated\" style=\"--h2_typography-font-size:18px;--fontSize:18;line-height:1.3;\">Session de pr\u00e9paration<\/h2><\/a><\/div><\/div><\/div><div style=\"--awb-backgroundcolor:#eaeaea;border-color:rgba(255,255,255,0);\" class=\"fusion-column content-box-column content-box-column content-box-column-3 col-lg-3 col-md-3 col-sm-3 fusion-content-box-hover \"><div class=\"col content-box-wrapper content-wrapper-background link-area-box link-type-text icon-hover-animation-none\" data-link=\"https:\/\/chalons.catholique.fr\/familles\/rencontres-foi-chretienne-2\/\" data-link-target=\"_blank\" data-animationOffset=\"top-into-view\"><div class=\"heading heading-with-icon icon-left\"><a class=\"heading-link\" href=\"https:\/\/chalons.catholique.fr\/familles\/rencontres-foi-chretienne-2\/\" target=\"_blank\" rel=\"noopener noreferrer\"><div aria-hidden=\"true\" class=\"image\"><img src=\"https:\/\/chalons.catholique.fr\/familles\/wp-content\/uploads\/sites\/19\/2016\/10\/cross-1081308_640.jpg\" width=\"300\" height=\"300\" alt=\"\" \/><\/div><h2 class=\"content-box-heading fusion-responsive-typography-calculated\" style=\"--h2_typography-font-size:18px;--fontSize:18;line-height:1.3;\">Parcours Chemin de Foi<\/h2><\/a><\/div><\/div><\/div><div style=\"--awb-backgroundcolor:#eaeaea;border-color:rgba(255,255,255,0);\" class=\"fusion-column content-box-column content-box-column content-box-column-4 col-lg-3 col-md-3 col-sm-3 fusion-content-box-hover content-box-column-last content-box-column-last-in-row\"><div class=\"col content-box-wrapper content-wrapper-background link-area-box link-type-text icon-hover-animation-none\" data-link=\"https:\/\/chalons.catholique.fr\/familles\/preparer-son-livret\/\" data-link-target=\"_blank\" data-animationOffset=\"top-into-view\"><div class=\"heading heading-with-icon icon-left\"><a class=\"heading-link\" href=\"https:\/\/chalons.catholique.fr\/familles\/preparer-son-livret\/\" target=\"_blank\" rel=\"noopener noreferrer\"><div aria-hidden=\"true\" class=\"image\"><img src=\"https:\/\/chalons.catholique.fr\/familles\/wp-content\/uploads\/sites\/19\/2016\/09\/alliances-1619392_640-300x200.jpg\" width=\"300\" height=\"200\" alt=\"\" \/><\/div><h2 class=\"content-box-heading fusion-responsive-typography-calculated\" style=\"--h2_typography-font-size:18px;--fontSize:18;line-height:1.3;\">Pr\u00e9parer la c\u00e9l\u00e9bration<\/h2><\/a><\/div><\/div><\/div><div class=\"fusion-clearfix\"><\/div><\/div><div class=\"fusion-sep-clear\"><\/div><div class=\"fusion-separator fusion-full-width-sep\" style=\"margin-left: auto;margin-right: auto;margin-top:30px;width:100%;\"><div class=\"fusion-separator-border sep-shadow\" style=\"--awb-height:20px;--awb-amount:20px;background:radial-gradient(ellipse at 50% -50% , #e0dede 0px, rgba(255, 255, 255, 0) 80%) repeat scroll 0 0 rgba(0, 0, 0, 0);background:-webkit-radial-gradient(ellipse at 50% -50% , #e0dede 0px, rgba(255, 255, 255, 0) 80%) repeat scroll 0 0 rgba(0, 0, 0, 0);background:-moz-radial-gradient(ellipse at 50% -50% , #e0dede 0px, rgba(255, 255, 255, 0) 80%) repeat scroll 0 0 rgba(0, 0, 0, 0);background:-o-radial-gradient(ellipse at 50% -50% , #e0dede 0px, rgba(255, 255, 255, 0) 80%) repeat scroll 0 0 rgba(0, 0, 0, 0);\"><\/div><\/div><div class=\"fusion-sep-clear\"><\/div><div class=\"fusion-clearfix\"><\/div><\/div><\/div><div class=\"fusion-layout-column fusion_builder_column fusion-builder-column-5 fusion_builder_column_1_1 1_1 fusion-one-full fusion-column-first fusion-column-last fusion-column-no-min-height\" style=\"--awb-bg-size:cover;--awb-margin-bottom:0px;\"><div class=\"fusion-column-wrapper fusion-flex-column-wrapper-legacy\"><div class=\"fusion-title title fusion-title-1 fusion-sep-none fusion-title-center fusion-title-text fusion-title-size-one\"><h1 class=\"fusion-title-heading title-heading-center fusion-responsive-typography-calculated\" style=\"margin:0;--fontSize:28;line-height:1.79;\"><h2><strong><span style=\"color: #000000\">Pour aller plus loin dans la r\u00e9flexion avant l\u2019engagement, quelques propositions hors dioc\u00e8se<\/span><\/strong><\/h2><\/h1><\/div><div class=\"fusion-clearfix\"><\/div><\/div><\/div><div class=\"fusion-layout-column fusion_builder_column fusion-builder-column-6 fusion_builder_column_1_2 1_2 fusion-one-half fusion-column-first\" style=\"--awb-bg-size:cover;width:48%; margin-right: 4%;\"><div class=\"fusion-column-wrapper fusion-flex-column-wrapper-legacy\"><div class=\"fusion-title title fusion-title-2 fusion-sep-none fusion-title-text fusion-title-size-two\"><h2 class=\"fusion-title-heading title-heading-left fusion-responsive-typography-calculated\" style=\"margin:0;--fontSize:18;--minFontSize:18;line-height:1.3;\"><h4><strong>Mouvements\u00a0<\/strong><\/h4><\/h2><\/div><ul style=\"--awb-size:13px;--awb-line-height:22.1px;--awb-icon-width:22.1px;--awb-icon-height:22.1px;--awb-icon-margin:9.1px;--awb-content-margin:31.2px;--awb-circlecolor:#1a80b6;--awb-circle-yes-font-size:11.44px;\" class=\"fusion-checklist fusion-checklist-1 fusion-checklist-default type-icons\"><li class=\"fusion-li-item\" style=\"\"><span class=\"icon-wrapper circle-yes\"><i class=\"fusion-li-icon fa-check fas\" aria-hidden=\"true\"><\/i><\/span><div class=\"fusion-li-item-content\"><a href=\"http:\/\/amisdalpha.fr\/\" target=\"_blank\" rel=\"noopener noreferrer\">ALPHA DUO<\/a><\/div><\/li><li class=\"fusion-li-item\" style=\"\"><span class=\"icon-wrapper circle-yes\"><i class=\"fusion-li-icon fa-check fas\" aria-hidden=\"true\"><\/i><\/span><div class=\"fusion-li-item-content\"><a href=\"http:\/\/www.vivre-et-aimer.org\/\" target=\"_blank\" rel=\"noopener noreferrer\">VIVRE ET AIMER &#8211; sessions Amour et Engagement<\/a><\/div><\/li><li class=\"fusion-li-item\" style=\"\"><span class=\"icon-wrapper circle-yes\"><i class=\"fusion-li-icon fa-check fas\" aria-hidden=\"true\"><\/i><\/span><div class=\"fusion-li-item-content\"><a href=\"http:\/\/chemin-neuf.fr\/fr\/propositions\/cana\" target=\"_blank\" rel=\"noopener noreferrer\">CANA Fianc\u00e9s<\/a><\/div><\/li><li class=\"fusion-li-item\" style=\"\"><span class=\"icon-wrapper circle-yes\"><i class=\"fusion-li-icon fa-check fas\" aria-hidden=\"true\"><\/i><\/span><div class=\"fusion-li-item-content\">\n<p><a href=\"https:\/\/emmanuel.info\/nos-missions\/amour-et-verite\/\" target=\"_blank\" rel=\"noopener noreferrer\">AMOUR ET V\u00c9RIT\u00c9- Couples non mari\u00e9s et fianc\u00e9s<\/a><\/p>\n<\/div><\/li><li class=\"fusion-li-item\" style=\"\"><span class=\"icon-wrapper circle-yes\"><i class=\"fusion-li-icon fa-check fas\" aria-hidden=\"true\"><\/i><\/span><div class=\"fusion-li-item-content\"><a href=\"http:\/\/www.fondacio.fr\" target=\"_blank\" rel=\"noopener noreferrer\">FONDACIO<\/a><\/div><\/li><li class=\"fusion-li-item\" style=\"\"><span class=\"icon-wrapper circle-yes\"><i class=\"fusion-li-icon fa-check fas\" aria-hidden=\"true\"><\/i><\/span><div class=\"fusion-li-item-content\"><a href=\"http:\/\/www.famillesnouvelles.org\" target=\"_blank\" rel=\"noopener noreferrer\">FOCOLARI Familles Nouvelles<\/a><\/div><\/li><\/ul><div class=\"fusion-clearfix\"><\/div><\/div><\/div><div class=\"fusion-layout-column fusion_builder_column fusion-builder-column-7 fusion_builder_column_1_2 1_2 fusion-one-half fusion-column-last\" style=\"--awb-bg-size:cover;width:48%;\"><div class=\"fusion-column-wrapper fusion-flex-column-wrapper-legacy\"><div class=\"fusion-title title fusion-title-3 fusion-sep-none fusion-title-text fusion-title-size-two\"><h2 class=\"fusion-title-heading title-heading-left fusion-responsive-typography-calculated\" style=\"margin:0;--fontSize:18;--minFontSize:18;line-height:1.3;\"><h4><strong>Lieux spirituels<\/strong><\/h4><\/h2><\/div><ul style=\"--awb-size:13px;--awb-line-height:22.1px;--awb-icon-width:22.1px;--awb-icon-height:22.1px;--awb-icon-margin:9.1px;--awb-content-margin:31.2px;--awb-circlecolor:#1a80b6;--awb-circle-yes-font-size:11.44px;\" class=\"fusion-checklist fusion-checklist-2 fusion-checklist-default type-icons\"><li class=\"fusion-li-item\" style=\"\"><span class=\"icon-wrapper circle-yes\"><i class=\"fusion-li-icon fa fa-check\" aria-hidden=\"true\"><\/i><\/span><div class=\"fusion-li-item-content\"><a href=\"https:\/\/massabielle.net\/\" target=\"_blank\" rel=\"noopener noreferrer\"><strong>MASSABIELLE<\/strong><\/a>, la maison du couple 1 rue Auguste Rey,\u00a095390 Saint Prix,\u00a0tel 01 34 16 09 10<br \/>\n<a href=\"mailto:accueil@massabielle.net\" target=\"_blank\" rel=\"noopener noreferrer\">accueil@massabielle.net\u00a0<\/a><\/div><\/li><li class=\"fusion-li-item\" style=\"\"><span class=\"icon-wrapper circle-yes\"><i class=\"fusion-li-icon fa fa-check\" aria-hidden=\"true\"><\/i><\/span><div class=\"fusion-li-item-content\"><strong><a href=\"http:\/\/www.manrese.com\/\" target=\"_blank\" rel=\"noopener noreferrer\">MANRESE<\/a>,<\/strong>\u00a0Centre spirituel j\u00e9suite, 5 rue Fauveau , 92140 Clamart, 01 45 29 98 60<\/div><\/li><li class=\"fusion-li-item\" style=\"\"><span class=\"icon-wrapper circle-yes\"><i class=\"fusion-li-icon fa fa-check\" aria-hidden=\"true\"><\/i><\/span><div class=\"fusion-li-item-content\">Centre spirituel des <a href=\"http:\/\/www.centrespirituel-avon.org\/\" target=\"_blank\" rel=\"noopener noreferrer\"><strong>Carmes d\u2019Avon<\/strong><\/a>, 1 rue P\u00e8re Jacques, 77210 AVON, tel : 01 60 72 28 45<\/div><\/li><li class=\"fusion-li-item\" style=\"\"><span class=\"icon-wrapper circle-yes\"><i class=\"fusion-li-icon fa fa-check\" aria-hidden=\"true\"><\/i><\/span><div class=\"fusion-li-item-content\">Centre spirituel du <a href=\"http:\/\/www.hautmont.org\/\" target=\"_blank\" rel=\"noopener noreferrer\"><strong>Haumont<\/strong>,<\/a> 31 rue Mirabeau, 59420 Mouvaux, t\u00e9l : \u200b03 20 26 09 61<\/div><\/li><\/ul><div class=\"fusion-clearfix\"><\/div><\/div><\/div><\/div><\/div>\n","protected":false},"excerpt":{"rendered":"","protected":false},"author":25,"featured_media":716,"comment_status":"closed","ping_status":"closed","sticky":false,"template":"","format":"standard","meta":{"xn-wppe-expiration":[],"xn-wppe-expiration-action":[],"xn-wppe-expiration-prefix":[],"footnotes":""},"categories":[10,4],"tags":[41,37,45,39,42,43,40,44,38],"_links":{"self":[{"href":"https:\/\/chalons.catholique.fr\/familles\/wp-json\/wp\/v2\/posts\/711"}],"collection":[{"href":"https:\/\/chalons.catholique.fr\/familles\/wp-json\/wp\/v2\/posts"}],"about":[{"href":"https:\/\/chalons.catholique.fr\/familles\/wp-json\/wp\/v2\/types\/post"}],"author":[{"embeddable":true,"href":"https:\/\/chalons.catholique.fr\/familles\/wp-json\/wp\/v2\/users\/25"}],"replies":[{"embeddable":true,"href":"https:\/\/chalons.catholique.fr\/familles\/wp-json\/wp\/v2\/comments?post=711"}],"version-history":[{"count":7,"href":"https:\/\/chalons.catholique.fr\/familles\/wp-json\/wp\/v2\/posts\/711\/revisions"}],"predecessor-version":[{"id":4987,"href":"https:\/\/chalons.catholique.fr\/familles\/wp-json\/wp\/v2\/posts\/711\/revisions\/4987"}],"wp:featuredmedia":[{"embeddable":true,"href":"https:\/\/chalons.catholique.fr\/familles\/wp-json\/wp\/v2\/media\/716"}],"wp:attachment":[{"href":"https:\/\/chalons.catholique.fr\/familles\/wp-json\/wp\/v2\/media?parent=711"}],"wp:term":[{"taxonomy":"category","embeddable":true,"href":"https:\/\/chalons.catholique.fr\/familles\/wp-json\/wp\/v2\/categories?post=711"},{"taxonomy":"post_tag","embeddable":true,"href":"https:\/\/chalons.catholique.fr\/familles\/wp-json\/wp\/v2\/tags?post=711"}],"curies":[{"name":"wp","href":"https:\/\/api.w.org\/{rel}","templated":true}]}}