{"id":475,"date":"2016-09-27T10:42:11","date_gmt":"2016-09-27T09:42:11","guid":{"rendered":"http:\/\/chalons.catholique.fr\/familles\/?p=475"},"modified":"2025-08-13T15:40:37","modified_gmt":"2025-08-13T14:40:37","slug":"pourquoi-se-marier","status":"publish","type":"post","link":"https:\/\/chalons.catholique.fr\/familles\/pourquoi-se-marier\/","title":{"rendered":"Se marier \u00e0 l&rsquo;\u00c9glise"},"content":{"rendered":"<div class=\"fusion-fullwidth fullwidth-box fusion-builder-row-1 hundred-percent-fullwidth non-hundred-percent-height-scrolling\" style=\"--awb-background-position:left top;--awb-border-sizes-top:0px;--awb-border-sizes-bottom:0px;--awb-border-sizes-left:0px;--awb-border-sizes-right:0px;--awb-border-radius-top-left:0px;--awb-border-radius-top-right:0px;--awb-border-radius-bottom-right:0px;--awb-border-radius-bottom-left:0px;--awb-padding-top:0px;--awb-padding-right:0px;--awb-padding-bottom:0px;--awb-padding-left:0px;--awb-margin-top:25px;--awb-margin-bottom:0px;--awb-flex-wrap:wrap;\" ><div class=\"fusion-builder-row fusion-row\"><div class=\"fusion-layout-column fusion_builder_column fusion-builder-column-0 fusion_builder_column_1_1 1_1 fusion-one-full fusion-column-first fusion-column-last\" style=\"--awb-bg-size:cover;\"><div class=\"fusion-column-wrapper fusion-flex-column-wrapper-legacy\"><div class=\"fusion-text fusion-text-1\" style=\"--awb-content-alignment:left;\"><p style=\"font-size: 20px;\" data-fusion-font=\"true\"><b><u>L&rsquo;engagement devant Dieu est :<\/u><\/b><\/p>\n<p style=\"font-size: 16px;\" data-fusion-font=\"true\">Un acte de foi : confiance en soi, confiance en l\u2019autre avec nos richesses et nos fragilit\u00e9s. Savoir que chacun va \u00e9voluer sans jamais savoir comment et sans vouloir changer l\u2019autre malgr\u00e9 lui<\/p>\n<p style=\"font-size: 16px;\" data-fusion-font=\"true\">Un acte d\u2019esp\u00e9rance : acceptant nos diff\u00e9rences, nos faiblesses, nos erreurs, s\u2019engager \u00e0 faire tout notre possible chaque jour afin que notre couple dure et croire que c\u2019est possible. Croire en nos capacit\u00e9s \u00e0 d\u00e9passer les difficult\u00e9s. D\u00e9cider de vouloir durer.<\/p>\n<p style=\"font-size: 16px;\" data-fusion-font=\"true\">Un acte d\u2019amour : source d\u2019\u00e9panouissement, l\u2019amour conduit \u00e0 l\u2019ouverture aux enfants, \u00e0 la famille, aux amis, \u00e0 la soci\u00e9t\u00e9. Notre amour est \u00e0 l\u2019image de l\u2019Amour de Dieu, source de tout amour.<\/p>\n<\/div><div class=\"fusion-text fusion-text-2\"><h3 data-fontsize=\"16\" style=\"--fontSize: 16; line-height: 1.62; --minFontSize: 16;\" data-lineheight=\"25.92px\" class=\"fusion-responsive-typography-calculated\"><strong>Vo<span style=\"color: rgb(0, 0, 0);\">s motivations<\/span><\/strong><span style=\"color: rgb(0, 0, 0);\"> pour vous marier \u00e0 l\u2019Eglise, avec le Sacrement du Mariage, peuvent \u00eatre diverses :<\/span><br \/><span style=\"color: rgb(0, 0, 0);\"><br \/>\nVous souhaitez plus qu\u2019une simple d\u00e9marche administrative.<\/span><\/h3>\n<ul>\n<li>\n<h3 style=\"text-align: justify; --fontSize: 16; line-height: 1.62; --minFontSize: 16; color: rgb(0, 0, 0);\" data-fontsize=\"16\" data-lineheight=\"25.92px\" class=\"fusion-responsive-typography-calculated\">Pour vous, le mariage est une f\u00eate qui ne peut pas se vivre sans une belle c\u00e9r\u00e9monie \u00e0 l\u2019\u00e9glise \u00abcomme on a toujours fait dans notre famille\u00bb.<\/h3>\n<\/li>\n<li>\n<h3 style=\"text-align: justify; --fontSize: 16; line-height: 1.62; --minFontSize: 16; color: rgb(0, 0, 0);\" data-fontsize=\"16\" data-lineheight=\"25.92px\" class=\"fusion-responsive-typography-calculated\">Vous pensez qu\u2019il a la vertu de prot\u00e9ger votre amour.<\/h3>\n<\/li>\n<li>\n<h3 style=\"text-align: justify; --fontSize: 16; line-height: 1.62; --minFontSize: 16; color: rgb(0, 0, 0);\" data-fontsize=\"16\" data-lineheight=\"25.92px\" class=\"fusion-responsive-typography-calculated\">Vous avez envie d\u2019exprimer la dimension sacr\u00e9e de l\u2019amour humain.<\/h3>\n<\/li>\n<li>\n<h3 style=\"text-align: justify; --fontSize: 16; line-height: 1.62; --minFontSize: 16; color: rgb(0, 0, 0);\" data-fontsize=\"16\" data-lineheight=\"25.92px\" class=\"fusion-responsive-typography-calculated\">Pour vous catholiques pratiquants, vous d\u00e9sirez vivre votre amour en union avec Dieu, source de tout amour.<\/h3>\n<\/li>\n<\/ul>\n<h3 style=\"text-align: justify; --fontSize: 16; line-height: 1.62; --minFontSize: 16;\" data-fontsize=\"16\" data-lineheight=\"25.92px\" class=\"fusion-responsive-typography-calculated\"><span style=\"color: #000000\"><strong style=\"color: rgb(0, 0, 0);\">Demander le sacrement de mariage, c\u2019est faire librement la promesse devant Dieu de se lier pour la vie, pour une longue histoire parfois mouvement\u00e9e mais unique et belle.<\/strong><\/span><\/h3>\n<\/div><div class=\"fusion-sep-clear\"><\/div><div class=\"fusion-separator fusion-full-width-sep\" style=\"margin-left: auto;margin-right: auto;width:100%;\"><\/div><div class=\"fusion-sep-clear\"><\/div><div class=\"fusion-content-boxes content-boxes columns row fusion-columns-4 fusion-columns-total-4 fusion-content-boxes-1 content-boxes-clean-vertical content-left content-boxes-icon-on-top\" style=\"--awb-backgroundcolor:#eaeaea;--awb-hover-accent-color:#e84100;--awb-circle-hover-accent-color:#e84100;\" data-animationOffset=\"top-into-view\"><div style=\"--awb-backgroundcolor:#b5eaff;border-color:rgba(255,255,255,0);\" class=\"fusion-column content-box-column content-box-column content-box-column-1 col-lg-3 col-md-3 col-sm-3 fusion-content-box-hover content-box-column-first-in-row\"><div class=\"col content-box-wrapper content-wrapper-background link-area-box icon-hover-animation-none\" data-animationOffset=\"top-into-view\"><div class=\"heading icon-left\"><h2 class=\"content-box-heading fusion-responsive-typography-calculated\" style=\"--h2_typography-font-size:18px;--fontSize:18;line-height:1.3;\">La Fid\u00e9lit\u00e9<\/h2><\/div><div class=\"fusion-clearfix\"><\/div><div class=\"content-container\">\n<p>Confiance renouvel\u00e9e chaque jour en l\u2019autre qui \u00e9volue au fil des ann\u00e9es dans les joies et les difficult\u00e9s.<\/p>\n<p><\/p>\n<\/div><\/div><\/div><div style=\"--awb-backgroundcolor:#b5eaff;border-color:rgba(255,255,255,0);\" class=\"fusion-column content-box-column content-box-column content-box-column-2 col-lg-3 col-md-3 col-sm-3 fusion-content-box-hover \"><div class=\"col content-box-wrapper content-wrapper-background link-area-box icon-hover-animation-none\" data-animationOffset=\"top-into-view\"><div class=\"heading icon-left\"><h2 class=\"content-box-heading fusion-responsive-typography-calculated\" style=\"--h2_typography-font-size:18px;--fontSize:18;line-height:1.3;\">La libert\u00e9<\/h2><\/div><div class=\"fusion-clearfix\"><\/div><div class=\"content-container\">\n<p><span style=\"color: #000000;\">Se marier sans contrainte ext\u00e9rieure. Respect de la libert\u00e9 de chacun \u00e0 l\u2019int\u00e9rieur du couple.<\/p>\n<p><\/span><\/p>\n<\/div><\/div><\/div><div style=\"--awb-backgroundcolor:#b5eaff;border-color:rgba(255,255,255,0);\" class=\"fusion-column content-box-column content-box-column content-box-column-3 col-lg-3 col-md-3 col-sm-3 fusion-content-box-hover \"><div class=\"col content-box-wrapper content-wrapper-background link-area-box icon-hover-animation-none\" data-animationOffset=\"top-into-view\"><div class=\"heading icon-left\"><h2 class=\"content-box-heading fusion-responsive-typography-calculated\" style=\"--h2_typography-font-size:18px;--fontSize:18;line-height:1.3;\">La f\u00e9condit\u00e9<\/h2><\/div><div class=\"fusion-clearfix\"><\/div><div class=\"content-container\"><span style=\"color: #000000\">Ouverture \u00e0 la maternit\u00e9 et \u00e0 la paternit\u00e9 responsables, ouverture \u00e0 un engagement dans la vie sociale, \u00e9conomique, de l\u2019Eglise\u2026. \u00a0 \u00a0<\/span><\/div><\/div><\/div><div style=\"--awb-backgroundcolor:#b5eaff;border-color:rgba(255,255,255,0);\" class=\"fusion-column content-box-column content-box-column content-box-column-4 col-lg-3 col-md-3 col-sm-3 fusion-content-box-hover content-box-column-last content-box-column-last-in-row\"><div class=\"col content-box-wrapper content-wrapper-background link-area-box icon-hover-animation-none\" data-animationOffset=\"top-into-view\"><div class=\"heading icon-left\"><h2 class=\"content-box-heading fusion-responsive-typography-calculated\" style=\"--h2_typography-font-size:18px;--fontSize:18;line-height:1.3;\">L\u2019indissolubilit\u00e9<\/h2><\/div><div class=\"fusion-clearfix\"><\/div><div class=\"content-container\">\n<p><span style=\"color: #000000;\">2 oui pour la vie, un d\u00e9fi dans le monde d\u2019aujourd\u2019hui, que le couple&nbsp; rel\u00e8ve en cultivant au jour le jour l\u2019amour, la sexualit\u00e9, la tendresse, le soutien mutuel et le pardon\u2026.<\/p>\n<p><\/span><\/p>\n<\/div><\/div><\/div><div class=\"fusion-clearfix\"><\/div><\/div><div class=\"fusion-clearfix\"><\/div><\/div><\/div><\/div><\/div>\n","protected":false},"excerpt":{"rendered":"","protected":false},"author":25,"featured_media":1504,"comment_status":"closed","ping_status":"closed","sticky":false,"template":"","format":"standard","meta":{"xn-wppe-expiration":[],"xn-wppe-expiration-action":[],"xn-wppe-expiration-prefix":[],"footnotes":""},"categories":[4],"tags":[],"_links":{"self":[{"href":"https:\/\/chalons.catholique.fr\/familles\/wp-json\/wp\/v2\/posts\/475"}],"collection":[{"href":"https:\/\/chalons.catholique.fr\/familles\/wp-json\/wp\/v2\/posts"}],"about":[{"href":"https:\/\/chalons.catholique.fr\/familles\/wp-json\/wp\/v2\/types\/post"}],"author":[{"embeddable":true,"href":"https:\/\/chalons.catholique.fr\/familles\/wp-json\/wp\/v2\/users\/25"}],"replies":[{"embeddable":true,"href":"https:\/\/chalons.catholique.fr\/familles\/wp-json\/wp\/v2\/comments?post=475"}],"version-history":[{"count":4,"href":"https:\/\/chalons.catholique.fr\/familles\/wp-json\/wp\/v2\/posts\/475\/revisions"}],"predecessor-version":[{"id":5005,"href":"https:\/\/chalons.catholique.fr\/familles\/wp-json\/wp\/v2\/posts\/475\/revisions\/5005"}],"wp:featuredmedia":[{"embeddable":true,"href":"https:\/\/chalons.catholique.fr\/familles\/wp-json\/wp\/v2\/media\/1504"}],"wp:attachment":[{"href":"https:\/\/chalons.catholique.fr\/familles\/wp-json\/wp\/v2\/media?parent=475"}],"wp:term":[{"taxonomy":"category","embeddable":true,"href":"https:\/\/chalons.catholique.fr\/familles\/wp-json\/wp\/v2\/categories?post=475"},{"taxonomy":"post_tag","embeddable":true,"href":"https:\/\/chalons.catholique.fr\/familles\/wp-json\/wp\/v2\/tags?post=475"}],"curies":[{"name":"wp","href":"https:\/\/api.w.org\/{rel}","templated":true}]}}