{"id":2881,"date":"2017-05-17T11:25:51","date_gmt":"2017-05-17T10:25:51","guid":{"rendered":"http:\/\/chalons.catholique.fr\/familles\/?p=2881"},"modified":"2017-10-09T16:55:09","modified_gmt":"2017-10-09T15:55:09","slug":"priere-au-pere","status":"publish","type":"post","link":"https:\/\/chalons.catholique.fr\/familles\/priere-au-pere\/","title":{"rendered":"Pri\u00e8re au P\u00e8re"},"content":{"rendered":"<div class=\"fusion-fullwidth fullwidth-box fusion-builder-row-1 nonhundred-percent-fullwidth non-hundred-percent-height-scrolling fusion-equal-height-columns\" style=\"--awb-background-position:left top;--awb-border-radius-top-left:0px;--awb-border-radius-top-right:0px;--awb-border-radius-bottom-right:0px;--awb-border-radius-bottom-left:0px;--awb-padding-top:20px;--awb-padding-right:15%;--awb-padding-bottom:20px;--awb-padding-left:15%;--awb-border-sizes-top:0px;--awb-border-sizes-bottom:0px;--awb-flex-wrap:wrap;\" ><div class=\"fusion-builder-row fusion-row\"><div class=\"fusion-layout-column fusion_builder_column fusion-builder-column-0 fusion_builder_column_1_1 1_1 fusion-one-full fusion-column-first fusion-column-last fusion-column-no-min-height\" style=\"--awb-bg-size:cover;--awb-margin-bottom:0px;\"><div class=\"fusion-column-wrapper fusion-flex-column-wrapper-legacy\"><div class=\"fusion-text fusion-text-1\"><h3>P\u00e8re de qui provient toute paternit\u00e9 dans le ciel et sur la terre,<br \/>\nP\u00e8re qui es Amour et Vie<br \/>\nfais que chaque famille devienne<br \/>\npar la gr\u00e2ce de ton Fils J\u00e9sus-Christ et par la gr\u00e2ce de l&rsquo;Esprit Saint,<br \/>\nsource de la divine charit\u00e9,<br \/>\nun vrai sanctuaire de la vie et de l&rsquo;amour pour les g\u00e9n\u00e9rations<br \/>\nqui sans cesse se succ\u00e8dent.<\/h3>\n<h3><\/h3>\n<h3>Fais que ta gr\u00e2ce inspire les \u00e9poux<br \/>\ndans leurs pens\u00e9es et leurs actions pour le bien<br \/>\nde leurs familles et de toutesles familles du monde.<\/h3>\n<h3><\/h3>\n<h3>Fais que les jeunes g\u00e9n\u00e9rations trouvent dans la famille<br \/>\nune aide efficace qui leur enseigne ce qu&rsquo;est la condition humaine<br \/>\net les aide \u00e0 grandir dans la v\u00e9rit\u00e9 et l&rsquo;amour.<\/h3>\n<h3><\/h3>\n<h3>Fais que l&rsquo;amour se manifeste plus fort que toute faiblesse<br \/>\net que toute crise qui marquent,parfois l&rsquo;existence de nos familles,<br \/>\npar J\u00e9sus, notre Seigneur,qui est la Voie, la V\u00e9rit\u00e9 et la Vie.<\/h3>\n<h3><strong>Saint\u00a0Jean-Paul II<\/strong><\/h3>\n<\/div><div class=\"fusion-clearfix\"><\/div><\/div><\/div><\/div><\/div>\n","protected":false},"excerpt":{"rendered":"","protected":false},"author":8,"featured_media":2824,"comment_status":"closed","ping_status":"closed","sticky":false,"template":"","format":"standard","meta":{"xn-wppe-expiration":[],"xn-wppe-expiration-action":[],"xn-wppe-expiration-prefix":[],"footnotes":""},"categories":[23,15],"tags":[],"_links":{"self":[{"href":"https:\/\/chalons.catholique.fr\/familles\/wp-json\/wp\/v2\/posts\/2881"}],"collection":[{"href":"https:\/\/chalons.catholique.fr\/familles\/wp-json\/wp\/v2\/posts"}],"about":[{"href":"https:\/\/chalons.catholique.fr\/familles\/wp-json\/wp\/v2\/types\/post"}],"author":[{"embeddable":true,"href":"https:\/\/chalons.catholique.fr\/familles\/wp-json\/wp\/v2\/users\/8"}],"replies":[{"embeddable":true,"href":"https:\/\/chalons.catholique.fr\/familles\/wp-json\/wp\/v2\/comments?post=2881"}],"version-history":[{"count":0,"href":"https:\/\/chalons.catholique.fr\/familles\/wp-json\/wp\/v2\/posts\/2881\/revisions"}],"wp:featuredmedia":[{"embeddable":true,"href":"https:\/\/chalons.catholique.fr\/familles\/wp-json\/wp\/v2\/media\/2824"}],"wp:attachment":[{"href":"https:\/\/chalons.catholique.fr\/familles\/wp-json\/wp\/v2\/media?parent=2881"}],"wp:term":[{"taxonomy":"category","embeddable":true,"href":"https:\/\/chalons.catholique.fr\/familles\/wp-json\/wp\/v2\/categories?post=2881"},{"taxonomy":"post_tag","embeddable":true,"href":"https:\/\/chalons.catholique.fr\/familles\/wp-json\/wp\/v2\/tags?post=2881"}],"curies":[{"name":"wp","href":"https:\/\/api.w.org\/{rel}","templated":true}]}}