{"id":2877,"date":"2017-05-17T11:17:06","date_gmt":"2017-05-17T10:17:06","guid":{"rendered":"http:\/\/chalons.catholique.fr\/familles\/?p=2877"},"modified":"2017-10-09T16:55:09","modified_gmt":"2017-10-09T15:55:09","slug":"vis-le-jour-daujourdhui-2","status":"publish","type":"post","link":"https:\/\/chalons.catholique.fr\/familles\/vis-le-jour-daujourdhui-2\/","title":{"rendered":"Vis le jour d&rsquo;aujourd&rsquo;hui"},"content":{"rendered":"<div class=\"fusion-fullwidth fullwidth-box fusion-builder-row-1 nonhundred-percent-fullwidth non-hundred-percent-height-scrolling fusion-equal-height-columns\" style=\"--awb-background-position:left top;--awb-border-radius-top-left:0px;--awb-border-radius-top-right:0px;--awb-border-radius-bottom-right:0px;--awb-border-radius-bottom-left:0px;--awb-padding-top:20px;--awb-padding-right:15%;--awb-padding-bottom:20px;--awb-padding-left:15%;--awb-border-sizes-top:0px;--awb-border-sizes-bottom:0px;--awb-flex-wrap:wrap;\" ><div class=\"fusion-builder-row fusion-row\"><div class=\"fusion-layout-column fusion_builder_column fusion-builder-column-0 fusion_builder_column_1_1 1_1 fusion-one-full fusion-column-first fusion-column-last fusion-column-no-min-height\" style=\"--awb-bg-size:cover;--awb-margin-bottom:0px;\"><div class=\"fusion-column-wrapper fusion-flex-column-wrapper-legacy\"><div class=\"fusion-text fusion-text-1\"><h3>Vis le jour d\u2019aujourd\u2019hui,<br \/>\nDieu te le donne, il est \u00e0 toi.<br \/>\nVis le en Lui.<\/h3>\n<h3>Le jour de demain est \u00e0 Dieu<br \/>\nIl ne t\u2019appartient pas.<br \/>\nNe porte pas sur demain<br \/>\nle souci d\u2019aujourd\u2019hui.<br \/>\nDemain est \u00e0 Dieu,<br \/>\nremets le lui.<\/h3>\n<h3>Le moment pr\u00e9sent est une fr\u00eale passerelle.<br \/>\nSi tu le charges des regrets d\u2019hier,<br \/>\nde l\u2019inqui\u00e9tude de demain,<br \/>\nla passerelle c\u00e8de<br \/>\net tu perds pied.<\/h3>\n<h3>Le pass\u00e9 ? Dieu le pardonne.<br \/>\nL\u2019avenir ? Dieu le donne.<br \/>\nVis le jour d\u2019aujourd\u2019hui<br \/>\nen communion avec Lui.<\/h3>\n<h3>Et s&rsquo;il y a lieu de t&rsquo;inqui\u00e9ter pour un \u00eatre aim\u00e9,<br \/>\nregarde-le dans la lumi\u00e8re du Christ ressuscit\u00e9.<\/h3>\n<h3><strong>Soeur Odette Pr\u00e9vost<\/strong><\/h3>\n<\/div><div class=\"fusion-clearfix\"><\/div><\/div><\/div><\/div><\/div>\n","protected":false},"excerpt":{"rendered":"","protected":false},"author":8,"featured_media":2819,"comment_status":"closed","ping_status":"closed","sticky":false,"template":"","format":"standard","meta":{"xn-wppe-expiration":[],"xn-wppe-expiration-action":[],"xn-wppe-expiration-prefix":[],"footnotes":""},"categories":[36,15],"tags":[],"_links":{"self":[{"href":"https:\/\/chalons.catholique.fr\/familles\/wp-json\/wp\/v2\/posts\/2877"}],"collection":[{"href":"https:\/\/chalons.catholique.fr\/familles\/wp-json\/wp\/v2\/posts"}],"about":[{"href":"https:\/\/chalons.catholique.fr\/familles\/wp-json\/wp\/v2\/types\/post"}],"author":[{"embeddable":true,"href":"https:\/\/chalons.catholique.fr\/familles\/wp-json\/wp\/v2\/users\/8"}],"replies":[{"embeddable":true,"href":"https:\/\/chalons.catholique.fr\/familles\/wp-json\/wp\/v2\/comments?post=2877"}],"version-history":[{"count":0,"href":"https:\/\/chalons.catholique.fr\/familles\/wp-json\/wp\/v2\/posts\/2877\/revisions"}],"wp:featuredmedia":[{"embeddable":true,"href":"https:\/\/chalons.catholique.fr\/familles\/wp-json\/wp\/v2\/media\/2819"}],"wp:attachment":[{"href":"https:\/\/chalons.catholique.fr\/familles\/wp-json\/wp\/v2\/media?parent=2877"}],"wp:term":[{"taxonomy":"category","embeddable":true,"href":"https:\/\/chalons.catholique.fr\/familles\/wp-json\/wp\/v2\/categories?post=2877"},{"taxonomy":"post_tag","embeddable":true,"href":"https:\/\/chalons.catholique.fr\/familles\/wp-json\/wp\/v2\/tags?post=2877"}],"curies":[{"name":"wp","href":"https:\/\/api.w.org\/{rel}","templated":true}]}}