{"id":1909,"date":"2017-04-21T14:38:26","date_gmt":"2017-04-21T13:38:26","guid":{"rendered":"http:\/\/chalons.catholique.fr\/familles\/?p=1909"},"modified":"2019-09-18T08:37:34","modified_gmt":"2019-09-18T07:37:34","slug":"la-retraite-le-veuvage","status":"publish","type":"post","link":"https:\/\/chalons.catholique.fr\/familles\/la-retraite-le-veuvage\/","title":{"rendered":"La retraite &#8211; Le veuvage"},"content":{"rendered":"<div class=\"fusion-fullwidth fullwidth-box fusion-builder-row-1 nonhundred-percent-fullwidth non-hundred-percent-height-scrolling\" style=\"--awb-background-position:left top;--awb-border-radius-top-left:0px;--awb-border-radius-top-right:0px;--awb-border-radius-bottom-right:0px;--awb-border-radius-bottom-left:0px;--awb-padding-top:20px;--awb-padding-bottom:20px;--awb-border-sizes-top:0px;--awb-border-sizes-bottom:0px;--awb-flex-wrap:wrap;\" ><div class=\"fusion-builder-row fusion-row\"><div class=\"fusion-layout-column fusion_builder_column fusion-builder-column-0 fusion_builder_column_1_1 1_1 fusion-one-full fusion-column-first fusion-column-last\" style=\"--awb-bg-size:cover;\"><div class=\"fusion-column-wrapper fusion-flex-column-wrapper-legacy\"><div class=\"fusion-title title fusion-title-1 fusion-title-text fusion-title-size-two\"><h2 class=\"fusion-title-heading title-heading-left fusion-responsive-typography-calculated\" style=\"margin:0;--fontSize:18;--minFontSize:18;line-height:1.3;\"><span class=\"TextRun Highlight SCX164981191\" lang=\"FR-FR\" xml:lang=\"FR-FR\"><span class=\"NormalTextRun SCX164981191\">La retraite<\/span><\/span><span class=\"EOP SCX164981191\">\u00a0<\/span><\/h2><span class=\"awb-title-spacer\"><\/span><div class=\"title-sep-container\"><div class=\"title-sep sep-double sep-solid\" style=\"border-color:#e0dede;\"><\/div><\/div><\/div><div class=\"fusion-clearfix\"><\/div><\/div><\/div><div class=\"fusion-layout-column fusion_builder_column fusion-builder-column-1 fusion_builder_column_3_4 3_4 fusion-three-fourth fusion-column-first\" style=\"--awb-bg-size:cover;width:74%; margin-right: 4%;\"><div class=\"fusion-column-wrapper fusion-flex-column-wrapper-legacy\"><div class=\"fusion-text fusion-text-1\"><h3 style=\"text-align: justify\"><strong><span class=\"TextRun SCX67584279\" lang=\"FR-FR\" xml:lang=\"FR-FR\"><span class=\"NormalTextRun SCX67584279\"><span class=\"TextRun SCX88613192\" lang=\"FR-FR\" xml:lang=\"FR-FR\"><span class=\"NormalTextRun SCX88613192\">Mouvement Chr\u00e9tien des retrait\u00e9s\u202f\u00a0<\/span><\/span><\/span><\/span><\/strong><\/h3>\n<h3 style=\"text-align: justify\"><strong><span class=\"TextRun SCX67584279\" lang=\"FR-FR\" xml:lang=\"FR-FR\"><span class=\"NormalTextRun SCX67584279\"><span class=\"TextRun SCX88613192\" lang=\"FR-FR\" xml:lang=\"FR-FR\"><span class=\"NormalTextRun SCX88613192\">MCR 51 &#8211; CHALONS EN CHAMPAGNE<\/span><\/span><span class=\"EOP SCX88613192\">\u00a0<\/span><\/span><\/span><\/strong><\/h3>\n<h3 style=\"text-align: justify\"><span class=\"TextRun SCX67584279\" lang=\"FR-FR\" xml:lang=\"FR-FR\"><span class=\"NormalTextRun SCX67584279\">Des <\/span><\/span><span class=\"TextRun SCX67584279\" lang=\"FR-FR\" xml:lang=\"FR-FR\"><span class=\"NormalTextRun SCX67584279\">\u00e9quipes locales se r\u00e9unissent une fois par mois pour r\u00e9fl\u00e9chir, \u00e9couter, dialoguer, partager leurs joies, leurs peines, leurs questions, donner du sens \u00e0 leur vie \u00e0 la lumi\u00e8re de la Parole de Dieu.<\/span><\/span><span class=\"EOP SCX67584279\">\u00a0<\/span><\/h3>\n<\/div><div class=\"fusion-clearfix\"><\/div><\/div><\/div><div class=\"fusion-layout-column fusion_builder_column fusion-builder-column-2 fusion_builder_column_1_4 1_4 fusion-one-fourth fusion-column-last\" style=\"--awb-bg-size:cover;width:22%;\"><div class=\"fusion-column-wrapper fusion-flex-column-wrapper-legacy\"><div class=\"fusion-image-element in-legacy-container\" style=\"--awb-caption-title-font-family:var(--h2_typography-font-family);--awb-caption-title-font-weight:var(--h2_typography-font-weight);--awb-caption-title-font-style:var(--h2_typography-font-style);--awb-caption-title-size:var(--h2_typography-font-size);--awb-caption-title-transform:var(--h2_typography-text-transform);--awb-caption-title-line-height:var(--h2_typography-line-height);--awb-caption-title-letter-spacing:var(--h2_typography-letter-spacing);\"><span class=\" fusion-imageframe imageframe-none imageframe-1 hover-type-none\"><img decoding=\"async\" width=\"300\" height=\"84\" title=\"MCR\" src=\"https:\/\/chalons.catholique.fr\/familles\/wp-content\/uploads\/sites\/19\/2017\/04\/MCR-300x84.png\" alt class=\"img-responsive wp-image-1911\" srcset=\"https:\/\/chalons.catholique.fr\/familles\/wp-content\/uploads\/sites\/19\/2017\/04\/MCR-200x56.png 200w, https:\/\/chalons.catholique.fr\/familles\/wp-content\/uploads\/sites\/19\/2017\/04\/MCR-400x112.png 400w, https:\/\/chalons.catholique.fr\/familles\/wp-content\/uploads\/sites\/19\/2017\/04\/MCR.png 499w\" sizes=\"(max-width: 800px) 100vw, 400px\" \/><\/span><\/div><div class=\"fusion-sep-clear\"><\/div><div class=\"fusion-separator fusion-full-width-sep\" style=\"margin-left: auto;margin-right: auto;margin-top:10px;width:100%;\"><\/div><div class=\"fusion-sep-clear\"><\/div><div class=\"accordian fusion-accordian\" style=\"--awb-border-size:1px;--awb-icon-size:13px;--awb-content-font-size:13px;--awb-icon-alignment:left;--awb-hover-color:#f9f9f9;--awb-border-color:#cccccc;--awb-background-color:#ffffff;--awb-divider-color:#e0dede;--awb-divider-hover-color:#e0dede;--awb-icon-color:#ffffff;--awb-title-color:#ff9800;--awb-content-color:#000000;--awb-icon-box-color:#333333;--awb-toggle-hover-accent-color:#e85114;--awb-title-font-family:&quot;Raleway&quot;;--awb-title-font-weight:300;--awb-title-font-style:normal;--awb-title-font-size:14px;--awb-title-letter-spacing:0px;--awb-title-line-height:1.33;--awb-content-font-family:&quot;Raleway&quot;;\"><div class=\"panel-group fusion-toggle-icon-boxed\" id=\"accordion-1909-1\"><div class=\"fusion-panel panel-default panel-e7596fd5a9e49f01c fusion-toggle-no-divider\"><div class=\"panel-heading\"><h4 class=\"panel-title toggle\" id=\"toggle_e7596fd5a9e49f01c\"><a aria-expanded=\"false\" aria-controls=\"e7596fd5a9e49f01c\" role=\"button\" data-toggle=\"collapse\" data-parent=\"#accordion-1909-1\" data-target=\"#e7596fd5a9e49f01c\" href=\"#e7596fd5a9e49f01c\"><span class=\"fusion-toggle-icon-wrapper\" aria-hidden=\"true\"><i class=\"fa-fusion-box active-icon awb-icon-minus\" aria-hidden=\"true\"><\/i><i class=\"fa-fusion-box inactive-icon awb-icon-plus\" aria-hidden=\"true\"><\/i><\/span><span class=\"fusion-toggle-heading\">Contact r\u00e9gional<\/span><\/a><\/h4><\/div><div id=\"e7596fd5a9e49f01c\" class=\"panel-collapse collapse \" aria-labelledby=\"toggle_e7596fd5a9e49f01c\"><div class=\"panel-body toggle-content fusion-clearfix\">\n<h4><span class=\"TextRun SCX8144231\" lang=\"FR-FR\" xml:lang=\"FR-FR\"><span class=\"NormalTextRun SCX8144231\">M. Gilles PRIOLLET\u202f<\/span><\/span><span class=\"LineBreakBlob BlobObject DragDrop SCX8144231\"><span class=\"SCX8144231\">\u00a0<\/span><br class=\"SCX8144231\" \/><\/span><span class=\"TextRun SCX8144231\" lang=\"FR-FR\" xml:lang=\"FR-FR\"><span class=\"NormalTextRun SCX8144231\">1 bis rue Louis Grignon\u202f<\/span><\/span><span class=\"LineBreakBlob BlobObject DragDrop SCX8144231\"><span class=\"SCX8144231\">\u00a0<\/span><br class=\"SCX8144231\" \/><\/span><span class=\"TextRun SCX8144231\" lang=\"FR-FR\" xml:lang=\"FR-FR\"><span class=\"NormalTextRun SCX8144231\">51000 CHALONS EN CHAMPAGNE<\/span><\/span><span class=\"EOP SCX8144231\">\u00a0<\/span><\/h4>\n<\/div><\/div><\/div><\/div><\/div><div class=\"fusion-button-wrapper\"><a class=\"fusion-button button-3d button-small button-custom fusion-button-default button-1 fusion-button-default-span \" style=\"--button_bevel_color:#d1d1d1;--button_accent_color:#e85114;--button_accent_hover_color:#000000;--button_border_hover_color:#000000;--button_border_width-top:0;--button_border_width-right:0;--button_border_width-bottom:0;--button_border_width-left:0;--button_gradient_top_color:#ededed;--button_gradient_bottom_color:#ededed;--button_gradient_top_color_hover:#ffffff;--button_gradient_bottom_color_hover:#ffffff;\" target=\"_blank\" rel=\"noopener noreferrer\" href=\"https:\/\/mcr.asso.fr\/\"><span class=\"fusion-button-text\">Pour en savoir plus<\/span><\/a><\/div><div class=\"fusion-sep-clear\"><\/div><div class=\"fusion-separator fusion-full-width-sep\" style=\"margin-left: auto;margin-right: auto;margin-top:10px;width:100%;\"><\/div><div class=\"fusion-sep-clear\"><\/div><div class=\"fusion-clearfix\"><\/div><\/div><\/div><div class=\"fusion-layout-column fusion_builder_column fusion-builder-column-3 fusion_builder_column_1_1 1_1 fusion-one-full fusion-column-first fusion-column-last\" style=\"--awb-bg-size:cover;\"><div class=\"fusion-column-wrapper fusion-flex-column-wrapper-legacy\"><div class=\"fusion-title title fusion-title-2 fusion-title-text fusion-title-size-two\"><h2 class=\"fusion-title-heading title-heading-left fusion-responsive-typography-calculated\" style=\"margin:0;--fontSize:18;--minFontSize:18;line-height:1.3;\">Le veuvage<\/h2><span class=\"awb-title-spacer\"><\/span><div class=\"title-sep-container\"><div class=\"title-sep sep-double sep-solid\" style=\"border-color:#e0dede;\"><\/div><\/div><\/div><div class=\"fusion-clearfix\"><\/div><\/div><\/div><div class=\"fusion-layout-column fusion_builder_column fusion-builder-column-4 fusion_builder_column_3_4 3_4 fusion-three-fourth fusion-column-first\" style=\"--awb-bg-size:cover;width:74%; margin-right: 4%;\"><div class=\"fusion-column-wrapper fusion-flex-column-wrapper-legacy\"><div class=\"fusion-text fusion-text-2\"><h3 style=\"text-align: justify\"><strong><span class=\"TextRun SCX207729086\" lang=\"FR-FR\" xml:lang=\"FR-FR\"><span class=\"NormalTextRun SCX207729086\">Esp\u00e9rance et Vie\u202f<\/span><\/span><\/strong><\/h3>\n<h3 style=\"text-align: justify\"><span class=\"TextRun SCX207729086\" lang=\"FR-FR\" xml:lang=\"FR-FR\"><span class=\"NormalTextRun SCX207729086\">Mouvement chr\u00e9tien qui apporte un soutien moral et spirituel dans un climat de pri\u00e8re et d\u2019\u00e9changes aux personnes touch\u00e9es par la perte de leur conjoint\u00a0<\/span><\/span><span class=\"EOP SCX207729086\">\u00a0<\/span><\/h3>\n<\/div><div class=\"fusion-clearfix\"><\/div><\/div><\/div><div class=\"fusion-layout-column fusion_builder_column fusion-builder-column-5 fusion_builder_column_1_4 1_4 fusion-one-fourth fusion-column-last\" style=\"--awb-bg-size:cover;width:22%;\"><div class=\"fusion-column-wrapper fusion-flex-column-wrapper-legacy\"><div class=\"fusion-image-element in-legacy-container\" style=\"--awb-caption-title-font-family:var(--h2_typography-font-family);--awb-caption-title-font-weight:var(--h2_typography-font-weight);--awb-caption-title-font-style:var(--h2_typography-font-style);--awb-caption-title-size:var(--h2_typography-font-size);--awb-caption-title-transform:var(--h2_typography-text-transform);--awb-caption-title-line-height:var(--h2_typography-line-height);--awb-caption-title-letter-spacing:var(--h2_typography-letter-spacing);\"><span class=\" fusion-imageframe imageframe-none imageframe-2 hover-type-none\"><img decoding=\"async\" width=\"300\" height=\"66\" title=\"Esperance-et-vie-tranche2_0\" src=\"https:\/\/chalons.catholique.fr\/familles\/wp-content\/uploads\/sites\/19\/2017\/04\/Esperance-et-vie-tranche2_0-300x66.gif\" alt class=\"img-responsive wp-image-1912\" srcset=\"https:\/\/chalons.catholique.fr\/familles\/wp-content\/uploads\/sites\/19\/2017\/04\/Esperance-et-vie-tranche2_0-200x44.gif 200w, https:\/\/chalons.catholique.fr\/familles\/wp-content\/uploads\/sites\/19\/2017\/04\/Esperance-et-vie-tranche2_0-400x89.gif 400w, https:\/\/chalons.catholique.fr\/familles\/wp-content\/uploads\/sites\/19\/2017\/04\/Esperance-et-vie-tranche2_0-600x133.gif 600w, https:\/\/chalons.catholique.fr\/familles\/wp-content\/uploads\/sites\/19\/2017\/04\/Esperance-et-vie-tranche2_0-800x177.gif 800w\" sizes=\"(max-width: 800px) 100vw, 400px\" \/><\/span><\/div><div class=\"fusion-sep-clear\"><\/div><div class=\"fusion-separator fusion-full-width-sep\" style=\"margin-left: auto;margin-right: auto;margin-top:15px;width:100%;\"><\/div><div class=\"fusion-sep-clear\"><\/div><div class=\"fusion-button-wrapper\"><a class=\"fusion-button button-3d button-small button-custom fusion-button-default button-2 fusion-button-default-span \" style=\"--button_bevel_color:#d1d1d1;--button_accent_color:#e85114;--button_accent_hover_color:#000000;--button_border_hover_color:#000000;--button_border_width-top:0;--button_border_width-right:0;--button_border_width-bottom:0;--button_border_width-left:0;--button_gradient_top_color:#ededed;--button_gradient_bottom_color:#ededed;--button_gradient_top_color_hover:#ffffff;--button_gradient_bottom_color_hover:#ffffff;\" target=\"_blank\" rel=\"noopener noreferrer\" href=\"http:\/\/www.esperanceetvie.com\/\"><span class=\"fusion-button-text\">Pour en savoir plus<\/span><\/a><\/div><div class=\"fusion-clearfix\"><\/div><\/div><\/div><\/div><\/div>\n","protected":false},"excerpt":{"rendered":"","protected":false},"author":1,"featured_media":0,"comment_status":"closed","ping_status":"closed","sticky":false,"template":"","format":"standard","meta":{"xn-wppe-expiration":[],"xn-wppe-expiration-action":[],"xn-wppe-expiration-prefix":[],"footnotes":""},"categories":[63],"tags":[],"_links":{"self":[{"href":"https:\/\/chalons.catholique.fr\/familles\/wp-json\/wp\/v2\/posts\/1909"}],"collection":[{"href":"https:\/\/chalons.catholique.fr\/familles\/wp-json\/wp\/v2\/posts"}],"about":[{"href":"https:\/\/chalons.catholique.fr\/familles\/wp-json\/wp\/v2\/types\/post"}],"author":[{"embeddable":true,"href":"https:\/\/chalons.catholique.fr\/familles\/wp-json\/wp\/v2\/users\/1"}],"replies":[{"embeddable":true,"href":"https:\/\/chalons.catholique.fr\/familles\/wp-json\/wp\/v2\/comments?post=1909"}],"version-history":[{"count":0,"href":"https:\/\/chalons.catholique.fr\/familles\/wp-json\/wp\/v2\/posts\/1909\/revisions"}],"wp:attachment":[{"href":"https:\/\/chalons.catholique.fr\/familles\/wp-json\/wp\/v2\/media?parent=1909"}],"wp:term":[{"taxonomy":"category","embeddable":true,"href":"https:\/\/chalons.catholique.fr\/familles\/wp-json\/wp\/v2\/categories?post=1909"},{"taxonomy":"post_tag","embeddable":true,"href":"https:\/\/chalons.catholique.fr\/familles\/wp-json\/wp\/v2\/tags?post=1909"}],"curies":[{"name":"wp","href":"https:\/\/api.w.org\/{rel}","templated":true}]}}