{"id":1894,"date":"2017-04-21T14:04:35","date_gmt":"2017-04-21T13:04:35","guid":{"rendered":"http:\/\/chalons.catholique.fr\/familles\/?p=1894"},"modified":"2019-12-04T14:53:44","modified_gmt":"2019-12-04T13:53:44","slug":"perte-dun-enfant","status":"publish","type":"post","link":"https:\/\/chalons.catholique.fr\/familles\/perte-dun-enfant\/","title":{"rendered":"La perte d\u2019un enfant"},"content":{"rendered":"<div class=\"fusion-fullwidth fullwidth-box fusion-builder-row-1 nonhundred-percent-fullwidth non-hundred-percent-height-scrolling\" style=\"--awb-border-radius-top-left:0px;--awb-border-radius-top-right:0px;--awb-border-radius-bottom-right:0px;--awb-border-radius-bottom-left:0px;--awb-flex-wrap:wrap;\" ><div class=\"fusion-builder-row fusion-row\"><div class=\"fusion-layout-column fusion_builder_column fusion-builder-column-0 fusion_builder_column_1_1 1_1 fusion-one-full fusion-column-first fusion-column-last\" style=\"--awb-bg-size:cover;\"><div class=\"fusion-column-wrapper fusion-column-has-shadow fusion-flex-column-wrapper-legacy\"><div class=\"fusion-clearfix\"><\/div><\/div><\/div><\/div><\/div><div class=\"fusion-fullwidth fullwidth-box fusion-builder-row-2 nonhundred-percent-fullwidth non-hundred-percent-height-scrolling\" style=\"--awb-background-position:left top;--awb-border-radius-top-left:0px;--awb-border-radius-top-right:0px;--awb-border-radius-bottom-right:0px;--awb-border-radius-bottom-left:0px;--awb-padding-top:20px;--awb-padding-bottom:20px;--awb-border-sizes-top:0px;--awb-border-sizes-bottom:0px;--awb-flex-wrap:wrap;\" ><div class=\"fusion-builder-row fusion-row\"><div class=\"fusion-layout-column fusion_builder_column fusion-builder-column-1 fusion_builder_column_1_1 1_1 fusion-one-full fusion-column-first fusion-column-last\" style=\"--awb-bg-size:cover;\"><div class=\"fusion-column-wrapper fusion-flex-column-wrapper-legacy\"><div class=\"fusion-title title fusion-title-1 fusion-title-text fusion-title-size-two\"><h2 class=\"fusion-title-heading title-heading-left fusion-responsive-typography-calculated\" style=\"margin:0;--fontSize:18;--minFontSize:18;line-height:1.3;\">Jonathan Pierres Vivantes<\/h2><span class=\"awb-title-spacer\"><\/span><div class=\"title-sep-container\"><div class=\"title-sep sep-double sep-solid\" style=\"border-color:#e0dede;\"><\/div><\/div><\/div><div class=\"fusion-clearfix\"><\/div><\/div><\/div><div class=\"fusion-layout-column fusion_builder_column fusion-builder-column-2 fusion_builder_column_3_4 3_4 fusion-three-fourth fusion-column-first\" style=\"--awb-bg-size:cover;width:74%; margin-right: 4%;\"><div class=\"fusion-column-wrapper fusion-flex-column-wrapper-legacy\"><div class=\"fusion-text fusion-text-1\"><h3 style=\"text-align: justify\">Mouvement familial d\u2019entraide ayant pour but de permettre aux parents et aux fr\u00e8res et s\u0153urs endeuill\u00e9s de s\u2019accueillir, de s\u2019\u00e9couter et de s\u2019entraider, moralement et spirituellement, pour rompre l\u2019isolement, cheminer ensemble, retrouver quelques points de rep\u00e8re et se reconstruire.<\/h3>\n<\/div><div class=\"fusion-clearfix\"><\/div><\/div><\/div><div class=\"fusion-layout-column fusion_builder_column fusion-builder-column-3 fusion_builder_column_1_4 1_4 fusion-one-fourth fusion-column-last\" style=\"--awb-bg-size:cover;width:22%;\"><div class=\"fusion-column-wrapper fusion-flex-column-wrapper-legacy\"><div class=\"fusion-image-element in-legacy-container\" style=\"--awb-caption-title-font-family:var(--h2_typography-font-family);--awb-caption-title-font-weight:var(--h2_typography-font-weight);--awb-caption-title-font-style:var(--h2_typography-font-style);--awb-caption-title-size:var(--h2_typography-font-size);--awb-caption-title-transform:var(--h2_typography-text-transform);--awb-caption-title-line-height:var(--h2_typography-line-height);--awb-caption-title-letter-spacing:var(--h2_typography-letter-spacing);\"><span class=\" fusion-imageframe imageframe-none imageframe-1 hover-type-none\"><img decoding=\"async\" width=\"217\" height=\"130\" title=\"Jonathan pierres vivantes\" src=\"https:\/\/chalons.catholique.fr\/familles\/wp-content\/uploads\/sites\/19\/2017\/04\/Jonathan-pierres-vivantes.jpg\" alt class=\"img-responsive wp-image-1896\" srcset=\"https:\/\/chalons.catholique.fr\/familles\/wp-content\/uploads\/sites\/19\/2017\/04\/Jonathan-pierres-vivantes-200x120.jpg 200w, https:\/\/chalons.catholique.fr\/familles\/wp-content\/uploads\/sites\/19\/2017\/04\/Jonathan-pierres-vivantes.jpg 217w\" sizes=\"(max-width: 800px) 100vw, 217px\" \/><\/span><\/div><div class=\"fusion-sep-clear\"><\/div><div class=\"fusion-separator fusion-full-width-sep\" style=\"margin-left: auto;margin-right: auto;margin-top:10px;width:100%;\"><\/div><div class=\"fusion-sep-clear\"><\/div><div class=\"accordian fusion-accordian\" style=\"--awb-border-size:1px;--awb-icon-size:13px;--awb-content-font-size:13px;--awb-icon-alignment:left;--awb-hover-color:#f9f9f9;--awb-border-color:#cccccc;--awb-background-color:#ffffff;--awb-divider-color:#e0dede;--awb-divider-hover-color:#e0dede;--awb-icon-color:#ffffff;--awb-title-color:#ff9800;--awb-content-color:#000000;--awb-icon-box-color:#333333;--awb-toggle-hover-accent-color:#e85114;--awb-title-font-family:&quot;Raleway&quot;;--awb-title-font-weight:300;--awb-title-font-style:normal;--awb-title-font-size:14px;--awb-title-letter-spacing:0px;--awb-title-line-height:1.33;--awb-content-font-family:&quot;Raleway&quot;;\"><div class=\"panel-group fusion-toggle-icon-boxed\" id=\"accordion-1894-1\"><div class=\"fusion-panel panel-default panel-262e63eabc4ad9163 fusion-toggle-no-divider\"><div class=\"panel-heading\"><h4 class=\"panel-title toggle\" id=\"toggle_262e63eabc4ad9163\"><a aria-expanded=\"false\" aria-controls=\"262e63eabc4ad9163\" role=\"button\" data-toggle=\"collapse\" data-parent=\"#accordion-1894-1\" data-target=\"#262e63eabc4ad9163\" href=\"#262e63eabc4ad9163\"><span class=\"fusion-toggle-icon-wrapper\" aria-hidden=\"true\"><i class=\"fa-fusion-box active-icon awb-icon-minus\" aria-hidden=\"true\"><\/i><i class=\"fa-fusion-box inactive-icon awb-icon-plus\" aria-hidden=\"true\"><\/i><\/span><span class=\"fusion-toggle-heading\">Contact Marne<\/span><\/a><\/h4><\/div><div id=\"262e63eabc4ad9163\" class=\"panel-collapse collapse \" aria-labelledby=\"toggle_262e63eabc4ad9163\"><div class=\"panel-body toggle-content fusion-clearfix\">\n<h4>Daniel GUILLAUME<br \/>\ntel : 06 41 09 56 67<\/h4>\n<p><a href=\"mailto:daniel.guillaume123@orange.fr\" target=\"_blank\" rel=\"noopener noreferrer\">daniel.guillaume123@orange.fr<\/a><\/p>\n<\/div><\/div><\/div><div class=\"fusion-panel panel-default panel-7728114e470e8bc2c fusion-toggle-no-divider\"><div class=\"panel-heading\"><h4 class=\"panel-title toggle\" id=\"toggle_7728114e470e8bc2c\"><a aria-expanded=\"false\" aria-controls=\"7728114e470e8bc2c\" role=\"button\" data-toggle=\"collapse\" data-parent=\"#accordion-1894-1\" data-target=\"#7728114e470e8bc2c\" href=\"#7728114e470e8bc2c\"><span class=\"fusion-toggle-icon-wrapper\" aria-hidden=\"true\"><i class=\"fa-fusion-box active-icon awb-icon-minus\" aria-hidden=\"true\"><\/i><i class=\"fa-fusion-box inactive-icon awb-icon-plus\" aria-hidden=\"true\"><\/i><\/span><span class=\"fusion-toggle-heading\">Permanences<\/span><\/a><\/h4><\/div><div id=\"7728114e470e8bc2c\" class=\"panel-collapse collapse \" aria-labelledby=\"toggle_7728114e470e8bc2c\"><div class=\"panel-body toggle-content fusion-clearfix\">\n<h4>Dernier vendredi du mois de 17h \u00e0 19h<br \/>\nla Maison des arts et de la vie associative<br \/>\nParc Roger Menu, 51200 Epernay<br \/>\ntel : 06 41 09 56 67<br \/>\nsur rendez-vous<\/h4>\n<\/div><\/div><\/div><\/div><\/div><div class=\"fusion-sep-clear\"><\/div><div class=\"fusion-separator fusion-full-width-sep\" style=\"margin-left: auto;margin-right: auto;margin-top:10px;width:100%;\"><\/div><div class=\"fusion-sep-clear\"><\/div><div class=\"fusion-button-wrapper\"><a class=\"fusion-button button-3d button-small button-custom fusion-button-default button-1 fusion-button-default-span \" style=\"--button_bevel_color:#d1d1d1;--button_accent_color:#e85114;--button_border_color:#e85114;--button_accent_hover_color:#000000;--button_border_hover_color:#000000;--button_border_width-top:0;--button_border_width-right:0;--button_border_width-bottom:0;--button_border_width-left:0;--button_gradient_top_color:#ededed;--button_gradient_bottom_color:#ededed;--button_gradient_top_color_hover:#ffffff;--button_gradient_bottom_color_hover:#ffffff;\" target=\"_blank\" rel=\"noopener noreferrer\" href=\"http:\/\/www.anjpv.org\/\"><span class=\"fusion-button-text\">Pour en savoir plus<\/span><\/a><\/div><div class=\"fusion-clearfix\"><\/div><\/div><\/div><div class=\"fusion-layout-column fusion_builder_column fusion-builder-column-4 fusion_builder_column_1_1 1_1 fusion-one-full fusion-column-first fusion-column-last\" style=\"--awb-bg-size:cover;\"><div class=\"fusion-column-wrapper fusion-flex-column-wrapper-legacy\"><div class=\"fusion-title title fusion-title-2 fusion-title-text fusion-title-size-two\"><h2 class=\"fusion-title-heading title-heading-left fusion-responsive-typography-calculated\" style=\"margin:0;--fontSize:18;--minFontSize:18;line-height:1.3;\">Mieux traverser le deuil<\/h2><span class=\"awb-title-spacer\"><\/span><div class=\"title-sep-container\"><div class=\"title-sep sep-double sep-solid\" style=\"border-color:#e0dede;\"><\/div><\/div><\/div><div class=\"fusion-clearfix\"><\/div><\/div><\/div><div class=\"fusion-layout-column fusion_builder_column fusion-builder-column-5 fusion_builder_column_3_4 3_4 fusion-three-fourth fusion-column-first\" style=\"--awb-bg-size:cover;width:74%; margin-right: 4%;\"><div class=\"fusion-column-wrapper fusion-flex-column-wrapper-legacy\"><div class=\"fusion-text fusion-text-2\"><h3><strong>Vous aider \u00e0 mieux traverser le deuil<\/strong><br \/>\nBienvenue sur la plate-forme !<br \/>\nCr\u00e9\u00e9e suite \u00e0 l\u2019aventure du film <em>\u00ab Et je choisis de vivre \u00bb<\/em>\u00a0pour informer et soutenir tous ceux qui traversent ou accompagnent le deuil.<br \/>\nVous y trouverez des vid\u00e9os, des articles, l\u2019acc\u00e8s privatif \u00e0 une communaut\u00e9 bienveillante et des parcours individualis\u00e9s 100 % gratuits.<\/h3>\n<\/div><div class=\"fusion-clearfix\"><\/div><\/div><\/div><div class=\"fusion-layout-column fusion_builder_column fusion-builder-column-6 fusion_builder_column_1_4 1_4 fusion-one-fourth fusion-column-last\" style=\"--awb-bg-size:cover;width:22%;\"><div class=\"fusion-column-wrapper fusion-flex-column-wrapper-legacy\"><div class=\"fusion-image-element in-legacy-container\" style=\"--awb-caption-title-font-family:var(--h2_typography-font-family);--awb-caption-title-font-weight:var(--h2_typography-font-weight);--awb-caption-title-font-style:var(--h2_typography-font-style);--awb-caption-title-size:var(--h2_typography-font-size);--awb-caption-title-transform:var(--h2_typography-text-transform);--awb-caption-title-line-height:var(--h2_typography-line-height);--awb-caption-title-letter-spacing:var(--h2_typography-letter-spacing);\"><span class=\" fusion-imageframe imageframe-none imageframe-2 hover-type-none\"><img decoding=\"async\" width=\"300\" height=\"108\" title=\"Mieux traverser le deuil\" src=\"https:\/\/chalons.catholique.fr\/familles\/wp-content\/uploads\/sites\/19\/2017\/04\/Mieux-traverser-le-deuil-300x108.jpg\" alt class=\"img-responsive wp-image-4345\" srcset=\"https:\/\/chalons.catholique.fr\/familles\/wp-content\/uploads\/sites\/19\/2017\/04\/Mieux-traverser-le-deuil-200x72.jpg 200w, https:\/\/chalons.catholique.fr\/familles\/wp-content\/uploads\/sites\/19\/2017\/04\/Mieux-traverser-le-deuil.jpg 375w\" sizes=\"(max-width: 800px) 100vw, 300px\" \/><\/span><\/div><div class=\"fusion-sep-clear\"><\/div><div class=\"fusion-separator fusion-full-width-sep\" style=\"margin-left: auto;margin-right: auto;margin-top:10px;width:100%;\"><\/div><div class=\"fusion-sep-clear\"><\/div><div class=\"fusion-sep-clear\"><\/div><div class=\"fusion-separator fusion-full-width-sep\" style=\"margin-left: auto;margin-right: auto;margin-top:10px;width:100%;\"><\/div><div class=\"fusion-sep-clear\"><\/div><div class=\"fusion-button-wrapper\"><a class=\"fusion-button button-3d button-small button-custom fusion-button-default button-2 fusion-button-default-span \" style=\"--button_bevel_color:#d1d1d1;--button_accent_color:#e85114;--button_border_color:#e85114;--button_accent_hover_color:#000000;--button_border_hover_color:#000000;--button_border_width-top:0;--button_border_width-right:0;--button_border_width-bottom:0;--button_border_width-left:0;--button_gradient_top_color:#ededed;--button_gradient_bottom_color:#ededed;--button_gradient_top_color_hover:#ffffff;--button_gradient_bottom_color_hover:#ffffff;\" target=\"_blank\" rel=\"noopener noreferrer\" href=\"https:\/\/mieux-traverser-le-deuil.fr\/\"><span class=\"fusion-button-text\">Pour en savoir plus<\/span><\/a><\/div><div class=\"fusion-clearfix\"><\/div><\/div><\/div><\/div><\/div>\n","protected":false},"excerpt":{"rendered":"","protected":false},"author":1,"featured_media":0,"comment_status":"closed","ping_status":"closed","sticky":false,"template":"","format":"standard","meta":{"xn-wppe-expiration":[],"xn-wppe-expiration-action":[],"xn-wppe-expiration-prefix":[],"footnotes":""},"categories":[63],"tags":[],"_links":{"self":[{"href":"https:\/\/chalons.catholique.fr\/familles\/wp-json\/wp\/v2\/posts\/1894"}],"collection":[{"href":"https:\/\/chalons.catholique.fr\/familles\/wp-json\/wp\/v2\/posts"}],"about":[{"href":"https:\/\/chalons.catholique.fr\/familles\/wp-json\/wp\/v2\/types\/post"}],"author":[{"embeddable":true,"href":"https:\/\/chalons.catholique.fr\/familles\/wp-json\/wp\/v2\/users\/1"}],"replies":[{"embeddable":true,"href":"https:\/\/chalons.catholique.fr\/familles\/wp-json\/wp\/v2\/comments?post=1894"}],"version-history":[{"count":0,"href":"https:\/\/chalons.catholique.fr\/familles\/wp-json\/wp\/v2\/posts\/1894\/revisions"}],"wp:attachment":[{"href":"https:\/\/chalons.catholique.fr\/familles\/wp-json\/wp\/v2\/media?parent=1894"}],"wp:term":[{"taxonomy":"category","embeddable":true,"href":"https:\/\/chalons.catholique.fr\/familles\/wp-json\/wp\/v2\/categories?post=1894"},{"taxonomy":"post_tag","embeddable":true,"href":"https:\/\/chalons.catholique.fr\/familles\/wp-json\/wp\/v2\/tags?post=1894"}],"curies":[{"name":"wp","href":"https:\/\/api.w.org\/{rel}","templated":true}]}}