{"id":1708,"date":"2017-02-08T19:12:22","date_gmt":"2017-02-08T18:12:22","guid":{"rendered":"http:\/\/chalons.catholique.fr\/familles\/?p=1708"},"modified":"2017-10-09T16:55:10","modified_gmt":"2017-10-09T15:55:10","slug":"priere-des-jeunes-maries","status":"publish","type":"post","link":"https:\/\/chalons.catholique.fr\/familles\/priere-des-jeunes-maries\/","title":{"rendered":"Pri\u00e8re des jeunes mari\u00e9s"},"content":{"rendered":"<div class=\"fusion-fullwidth fullwidth-box fusion-builder-row-1 nonhundred-percent-fullwidth non-hundred-percent-height-scrolling fusion-equal-height-columns\" style=\"--awb-background-position:left top;--awb-border-radius-top-left:0px;--awb-border-radius-top-right:0px;--awb-border-radius-bottom-right:0px;--awb-border-radius-bottom-left:0px;--awb-padding-top:20px;--awb-padding-right:15%;--awb-padding-bottom:20px;--awb-padding-left:15%;--awb-border-sizes-top:0px;--awb-border-sizes-bottom:0px;--awb-flex-wrap:wrap;\" ><div class=\"fusion-builder-row fusion-row\"><div class=\"fusion-layout-column fusion_builder_column fusion-builder-column-0 fusion_builder_column_1_1 1_1 fusion-one-full fusion-column-first fusion-column-last fusion-column-no-min-height\" style=\"--awb-bg-size:cover;--awb-margin-bottom:0px;\"><div class=\"fusion-column-wrapper fusion-flex-column-wrapper-legacy\"><div class=\"fusion-text fusion-text-1\"><h3>Merci Seigneur, toi qui nous as donn\u00e9 le bonheur de nous rencontrer.<br \/>\nMerci d&rsquo;avoir permis \u00e0 nos c\u0153ur de se d\u00e9couvrir et de s&rsquo;aimer.<\/h3>\n<h3>Donne-nous la joie d&rsquo;accueillir des enfants et<br \/>\naide nous a faire de notre foyer<br \/>\nune source d&rsquo;amour permanent ou chacun pourra<br \/>\npuiser sa force, trouver joie et r\u00e9confort<br \/>\nQue notre amour rayonne sur tout ceux qui en ont besoin et<br \/>\nqu&rsquo;il rende heureux nos parents qui nous on donn\u00e9 tout<br \/>\nce que nous sommes.<\/h3>\n<h3>Aide-nous \u00e0 nous r\u00e9inventer chaque jour.<br \/>\nQue notre Amour se nourrisse de d\u00e9couvertes quotidiennes et<br \/>\nqu&rsquo;il ne cesse jamais de grandir.<\/h3>\n<\/div><div class=\"fusion-clearfix\"><\/div><\/div><\/div><\/div><\/div>\n","protected":false},"excerpt":{"rendered":"","protected":false},"author":8,"featured_media":2862,"comment_status":"closed","ping_status":"closed","sticky":false,"template":"","format":"standard","meta":{"xn-wppe-expiration":[],"xn-wppe-expiration-action":[],"xn-wppe-expiration-prefix":[],"footnotes":""},"categories":[22,15],"tags":[],"_links":{"self":[{"href":"https:\/\/chalons.catholique.fr\/familles\/wp-json\/wp\/v2\/posts\/1708"}],"collection":[{"href":"https:\/\/chalons.catholique.fr\/familles\/wp-json\/wp\/v2\/posts"}],"about":[{"href":"https:\/\/chalons.catholique.fr\/familles\/wp-json\/wp\/v2\/types\/post"}],"author":[{"embeddable":true,"href":"https:\/\/chalons.catholique.fr\/familles\/wp-json\/wp\/v2\/users\/8"}],"replies":[{"embeddable":true,"href":"https:\/\/chalons.catholique.fr\/familles\/wp-json\/wp\/v2\/comments?post=1708"}],"version-history":[{"count":0,"href":"https:\/\/chalons.catholique.fr\/familles\/wp-json\/wp\/v2\/posts\/1708\/revisions"}],"wp:featuredmedia":[{"embeddable":true,"href":"https:\/\/chalons.catholique.fr\/familles\/wp-json\/wp\/v2\/media\/2862"}],"wp:attachment":[{"href":"https:\/\/chalons.catholique.fr\/familles\/wp-json\/wp\/v2\/media?parent=1708"}],"wp:term":[{"taxonomy":"category","embeddable":true,"href":"https:\/\/chalons.catholique.fr\/familles\/wp-json\/wp\/v2\/categories?post=1708"},{"taxonomy":"post_tag","embeddable":true,"href":"https:\/\/chalons.catholique.fr\/familles\/wp-json\/wp\/v2\/tags?post=1708"}],"curies":[{"name":"wp","href":"https:\/\/api.w.org\/{rel}","templated":true}]}}