{"id":810,"date":"2015-07-15T10:58:01","date_gmt":"2015-07-15T09:58:01","guid":{"rendered":"http:\/\/chalons.catholique.fr\/eglises\/?p=810"},"modified":"2019-05-05T08:15:15","modified_gmt":"2019-05-05T07:15:15","slug":"larzicourt-eglise-saint-georges","status":"publish","type":"post","link":"https:\/\/chalons.catholique.fr\/eglises\/larzicourt-eglise-saint-georges\/","title":{"rendered":"Larzicourt : \u00c9glise Saint-Georges"},"content":{"rendered":"<div class=\"fusion-fullwidth fullwidth-box fusion-builder-row-1 hundred-percent-fullwidth non-hundred-percent-height-scrolling\" style=\"--awb-border-radius-top-left:0px;--awb-border-radius-top-right:0px;--awb-border-radius-bottom-right:0px;--awb-border-radius-bottom-left:0px;--awb-overflow:visible;--awb-flex-wrap:wrap;\" ><div class=\"fusion-builder-row fusion-row\"><div class=\"fusion-layout-column fusion_builder_column fusion-builder-column-0 fusion_builder_column_1_3 1_3 fusion-one-third fusion-column-first fusion-animated\" style=\"--awb-padding-top:10px;--awb-padding-right:10px;--awb-padding-bottom:10px;--awb-padding-left:10px;--awb-bg-size:cover;--awb-border-color:#969696;--awb-border-top:1px;--awb-border-right:1px;--awb-border-bottom:1px;--awb-border-left:1px;--awb-border-style:solid;width:30.6666%; margin-right: 4%;\" data-animationType=\"fadeInDown\" data-animationDuration=\"0.1\" data-animationOffset=\"top-into-view\"><div class=\"fusion-column-wrapper fusion-flex-column-wrapper-legacy\"><div class=\"fusion-image-element in-legacy-container\" style=\"--awb-caption-title-font-family:var(--h2_typography-font-family);--awb-caption-title-font-weight:var(--h2_typography-font-weight);--awb-caption-title-font-style:var(--h2_typography-font-style);--awb-caption-title-size:var(--h2_typography-font-size);--awb-caption-title-transform:var(--h2_typography-text-transform);--awb-caption-title-line-height:var(--h2_typography-line-height);--awb-caption-title-letter-spacing:var(--h2_typography-letter-spacing);\"><span class=\" fusion-imageframe imageframe-none imageframe-1 hover-type-none\"><img decoding=\"async\" width=\"150\" height=\"150\" title=\"jury fleur 2012 003\" src=\"https:\/\/chalons.catholique.fr\/eglises\/wp-content\/uploads\/sites\/4\/2015\/07\/jury-fleur-2012-003-150x150.jpg\" alt class=\"img-responsive wp-image-815\"\/><\/span><\/div><div class=\"fusion-text fusion-text-1\"><\/div>\t\t\t\t\t<script type=\"text\/javascript\">\n\t\t\t\t\t\tvar map_fusion_map_69ef3db4beb65;\n\t\t\t\t\t\tvar markers = [];\n\t\t\t\t\t\tvar counter = 0;\n\t\t\t\t\t\t\t\t\t\t\t\t\t\t\t\t\t\t\t\tvar fusionMapNonce = '5c7770f380';\n\t\t\t\t\t\t\t\t\t\t\t\tfunction fusion_run_map_fusion_map_69ef3db4beb65() {\n\t\t\t\t\t\t\tjQuery('#fusion_map_69ef3db4beb65').fusion_maps({\n\t\t\t\t\t\t\t\taddresses: [{\"address\":\"1 Rue de la Petite Monnaie, Larzicourt\",\"infobox_content\":\"1 Rue de la Petite Monnaie, Larzicourt\",\"coordinates\":false,\"cache\":true,\"latitude\":\"48.6351534\",\"longitude\":\"4.714474600000017\"}],\n\t\t\t\t\t\t\t\tanimations: true,\n\t\t\t\t\t\t\t\tinfobox_background_color: '',\n\t\t\t\t\t\t\t\tinfobox_styling: 'default',\n\t\t\t\t\t\t\t\tinfobox_text_color: '',\n\t\t\t\t\t\t\t\tmap_style: 'default',\n\t\t\t\t\t\t\t\tmap_type: 'roadmap',\n\t\t\t\t\t\t\t\tmarker_icon: '',\n\t\t\t\t\t\t\t\toverlay_color: '',\n\t\t\t\t\t\t\t\toverlay_color_hsl: {\"hue\":0,\"sat\":0,\"lum\":100},\n\t\t\t\t\t\t\t\tpan_control: true,\n\t\t\t\t\t\t\t\tshow_address: false,\n\t\t\t\t\t\t\t\tscale_control: true,\n\t\t\t\t\t\t\t\tscrollwheel: true,\n\t\t\t\t\t\t\t\tzoom: 14,\n\t\t\t\t\t\t\t\tzoom_control: true,\n\t\t\t\t\t\t\t});\n\t\t\t\t\t\t}\n\n\t\t\t\t\t\tgoogle.maps.event.addDomListener(window, 'load', fusion_run_map_fusion_map_69ef3db4beb65);\n\t\t\t\t\t<\/script>\n\t\t\t\t\t<div class=\"shortcode-map fusion-google-map fusion-maps-js-type\" style=\"--awb-height:270px;--awb-width:90%;\" id=\"fusion_map_69ef3db4beb65\"><\/div><div class=\"fusion-clearfix\"><\/div><\/div><\/div><div class=\"fusion-layout-column fusion_builder_column fusion-builder-column-1 fusion_builder_column_2_3 2_3 fusion-two-third fusion-column-last\" style=\"--awb-bg-size:cover;width:65.3333%;\"><div class=\"fusion-column-wrapper fusion-flex-column-wrapper-legacy\"><div class=\"fusion-text fusion-text-2\"><p>Le double transept gothique du XVI\u00e8me si\u00e8cle est d\u00fb \u00e0 la g\u00e9n\u00e9rosit\u00e9 de Gabrielle d\u2019ESTREE qui souhaitait qu\u2019il f\u00fbt la r\u00e9plique de celui de VILLERET. A cette \u00e9poque la baronnie de Larzicourt appartenait \u00e0 Germaine de Foix qui l\u2019avait donn\u00e9 \u00e0 Henri IV son neveu qui, lui-m\u00eame, l\u2019offrit \u00e0 sa ma\u00eetresse G. d\u2019Est\u00e9e<\/p>\n<p>On trouve trace de l\u2019\u00e9glise primitive en 997 appartenant \u00e0 l\u2019abbaye du DER\u2026 Au XII\u00e9me S. l\u2019\u00e9glise Saint Georges fut \u00e9rig\u00e9e lors de l\u2019implantation d\u2019un Prieur\u00e9. Larzicourt entre dans le domaine royal pour 150 ans, puis rel\u00e8ve du baillage de Beaufort et fut \u00e9rig\u00e9 en Baronnie. De nombreux et illustres personnages ont \u00e9t\u00e9 Seigneurs de Larzicourt, comme en t\u00e9moigne le blason<\/p>\n<p>L\u2019\u00e9glise Saint Georges a \u00e9t\u00e9 b\u00e2tie \u00e0 deux \u00e9poques distinctes\u00a0: \u00e0 l\u2019origine romane puis flamboyante. Elle a \u00e9t\u00e9 consacr\u00e9e par Guillaume de Champagne \u00e9v\u00eaque de Ch\u00e2lons en 1114.<\/p>\n<p class=\"spip\">A l\u2019ext\u00e9rieur, on remarque un porche en bois qui masque la structure primitive. La porte romane est encadr\u00e9e par deux contreforts.<\/p>\n<p class=\"spip\">La nef de quatre trav\u00e9es, couverte d\u2019une vo\u00fbte en bois, est munie de bas-c\u00f4t\u00e9s. Les arcades de s\u00e9paration en plein-cintre qui retombent sur des piles alternativement carr\u00e9es ou rectangulaires sont d\u00e9cor\u00e9es d\u2019impostes sculpt\u00e9s ou moulur\u00e9s. Le transept \u00e0 deux trav\u00e9es date du 16\u00e8me si\u00e8cle.<\/p>\n<p class=\"spip\">Au cours des si\u00e8cles, l\u2019\u00e9glise a subi plusieurs incendies. Le troisi\u00e8me a eu lieu pendant les luttes entre catholiques et huguenots au moment du massacre de Wassy (1562).<\/p>\n<p class=\"spip\">A voir\u00a0:<\/p>\n<ul class=\"spip\">\n<li class=\"spip\">La chasse de Saint-Hubert\u00a0: bas-relief en pierre du 16\u00e8me si\u00e8cle,<\/li>\n<li class=\"spip\">Saint Nicolas\u00a0: Statue en bois du 16\u00e8me si\u00e8cle<\/li>\n<\/ul>\n<\/div><div class=\"fusion-text fusion-text-3\"><div align=\"center\">\n<\/div><div class=\"fusion-slider-sc fusion-flexslider-loading flexslider flexslider-hover-type-none\" data-slideshow_autoplay=\"1\" data-slideshow_smooth_height=\"0\" data-slideshow_speed=\"7000\" style=\"max-width:50%;height:50%;\"><ul class=\"slides\"><li class=\"image\"><span class=\"fusion-image-hover-element hover-type-none\"><img decoding=\"async\" src=\"https:\/\/chalons.catholique.fr\/eglises\/wp-content\/uploads\/sites\/4\/2015\/07\/105-150x150.jpg\" width=\"150\" height=\"150\" \/><\/span><\/li><li class=\"image\"><span class=\"fusion-image-hover-element hover-type-none\"><img decoding=\"async\" src=\"https:\/\/chalons.catholique.fr\/eglises\/wp-content\/uploads\/sites\/4\/2015\/07\/Eglise-St-Geoges-2012-036-150x150.jpg\" width=\"150\" height=\"150\" \/><\/span><\/li><li class=\"image\"><span class=\"fusion-image-hover-element hover-type-none\"><img decoding=\"async\" src=\"https:\/\/chalons.catholique.fr\/eglises\/wp-content\/uploads\/sites\/4\/2015\/07\/Eglise-St-Geoges-2012-007-150x150.jpg\" width=\"150\" height=\"150\" \/><\/span><\/li><li class=\"image\"><span class=\"fusion-image-hover-element hover-type-none\"><img decoding=\"async\" src=\"https:\/\/chalons.catholique.fr\/eglises\/wp-content\/uploads\/sites\/4\/2015\/07\/Eglise-St-Geoges-2012-001-150x150.jpg\" width=\"150\" height=\"150\" \/><\/span><\/li><li class=\"image\"><span class=\"fusion-image-hover-element hover-type-none\"><img decoding=\"async\" src=\"https:\/\/chalons.catholique.fr\/eglises\/wp-content\/uploads\/sites\/4\/2015\/07\/jury-fleur-2012-003-150x150.jpg\" width=\"150\" height=\"150\" \/><\/span><\/li><li class=\"image\"><span class=\"fusion-image-hover-element hover-type-none\"><img decoding=\"async\" src=\"https:\/\/chalons.catholique.fr\/eglises\/wp-content\/uploads\/sites\/4\/2015\/07\/larzicourt9.jpg\" width=\"533\" height=\"400\" \/><\/span><\/li><li class=\"image\"><span class=\"fusion-image-hover-element hover-type-none\"><img decoding=\"async\" src=\"https:\/\/chalons.catholique.fr\/eglises\/wp-content\/uploads\/sites\/4\/2015\/07\/larzicourt7.jpg\" width=\"533\" height=\"400\" \/><\/span><\/li><li class=\"image\"><span class=\"fusion-image-hover-element hover-type-none\"><img decoding=\"async\" src=\"https:\/\/chalons.catholique.fr\/eglises\/wp-content\/uploads\/sites\/4\/2015\/07\/larzicourt6.jpg\" width=\"533\" height=\"400\" \/><\/span><\/li><li class=\"image\"><span class=\"fusion-image-hover-element hover-type-none\"><img decoding=\"async\" src=\"https:\/\/chalons.catholique.fr\/eglises\/wp-content\/uploads\/sites\/4\/2015\/07\/larzicourt5.jpg\" width=\"533\" height=\"400\" \/><\/span><\/li><li class=\"image\"><span class=\"fusion-image-hover-element hover-type-none\"><img decoding=\"async\" src=\"https:\/\/chalons.catholique.fr\/eglises\/wp-content\/uploads\/sites\/4\/2015\/07\/larzicourt4.jpg\" width=\"533\" height=\"400\" \/><\/span><\/li><li class=\"image\"><span class=\"fusion-image-hover-element hover-type-none\"><img decoding=\"async\" src=\"https:\/\/chalons.catholique.fr\/eglises\/wp-content\/uploads\/sites\/4\/2015\/07\/larzicourt2.jpg\" width=\"533\" height=\"400\" \/><\/span><\/li><\/ul><\/div><div class=\"fusion-text fusion-text-4\"><\/div>\n<\/div><div class=\"fusion-clearfix\"><\/div><\/div><\/div><\/div><\/div>\n","protected":false},"excerpt":{"rendered":"","protected":false},"author":3,"featured_media":815,"comment_status":"open","ping_status":"open","sticky":false,"template":"","format":"standard","meta":{"xn-wppe-expiration":[],"xn-wppe-expiration-action":[],"xn-wppe-expiration-prefix":[],"footnotes":""},"categories":[14],"tags":[],"_links":{"self":[{"href":"https:\/\/chalons.catholique.fr\/eglises\/wp-json\/wp\/v2\/posts\/810"}],"collection":[{"href":"https:\/\/chalons.catholique.fr\/eglises\/wp-json\/wp\/v2\/posts"}],"about":[{"href":"https:\/\/chalons.catholique.fr\/eglises\/wp-json\/wp\/v2\/types\/post"}],"author":[{"embeddable":true,"href":"https:\/\/chalons.catholique.fr\/eglises\/wp-json\/wp\/v2\/users\/3"}],"replies":[{"embeddable":true,"href":"https:\/\/chalons.catholique.fr\/eglises\/wp-json\/wp\/v2\/comments?post=810"}],"version-history":[{"count":0,"href":"https:\/\/chalons.catholique.fr\/eglises\/wp-json\/wp\/v2\/posts\/810\/revisions"}],"wp:featuredmedia":[{"embeddable":true,"href":"https:\/\/chalons.catholique.fr\/eglises\/wp-json\/wp\/v2\/media\/815"}],"wp:attachment":[{"href":"https:\/\/chalons.catholique.fr\/eglises\/wp-json\/wp\/v2\/media?parent=810"}],"wp:term":[{"taxonomy":"category","embeddable":true,"href":"https:\/\/chalons.catholique.fr\/eglises\/wp-json\/wp\/v2\/categories?post=810"},{"taxonomy":"post_tag","embeddable":true,"href":"https:\/\/chalons.catholique.fr\/eglises\/wp-json\/wp\/v2\/tags?post=810"}],"curies":[{"name":"wp","href":"https:\/\/api.w.org\/{rel}","templated":true}]}}