{"id":599,"date":"2015-07-11T15:01:52","date_gmt":"2015-07-11T14:01:52","guid":{"rendered":"http:\/\/chalons.catholique.fr\/eglises\/?p=599"},"modified":"2019-05-05T08:30:38","modified_gmt":"2019-05-05T07:30:38","slug":"chalons-en-champagne-cathedrale-saint-etienne","status":"publish","type":"post","link":"https:\/\/chalons.catholique.fr\/eglises\/chalons-en-champagne-cathedrale-saint-etienne\/","title":{"rendered":"Ch\u00e2lons en Champagne : Cath\u00e9drale Saint-Etienne"},"content":{"rendered":"<div class=\"fusion-fullwidth fullwidth-box fusion-builder-row-1 hundred-percent-fullwidth non-hundred-percent-height-scrolling\" style=\"--awb-border-radius-top-left:0px;--awb-border-radius-top-right:0px;--awb-border-radius-bottom-right:0px;--awb-border-radius-bottom-left:0px;--awb-overflow:visible;--awb-flex-wrap:wrap;\" ><div class=\"fusion-builder-row fusion-row\"><div class=\"fusion-layout-column fusion_builder_column fusion-builder-column-0 fusion_builder_column_1_3 1_3 fusion-one-third fusion-column-first\" style=\"--awb-bg-size:cover;width:30.6666%; margin-right: 4%;\"><div class=\"fusion-column-wrapper fusion-flex-column-wrapper-legacy\"><div class=\"fusion-image-element in-legacy-container\" style=\"--awb-caption-title-font-family:var(--h2_typography-font-family);--awb-caption-title-font-weight:var(--h2_typography-font-weight);--awb-caption-title-font-style:var(--h2_typography-font-style);--awb-caption-title-size:var(--h2_typography-font-size);--awb-caption-title-transform:var(--h2_typography-text-transform);--awb-caption-title-line-height:var(--h2_typography-line-height);--awb-caption-title-letter-spacing:var(--h2_typography-letter-spacing);\"><span class=\" fusion-imageframe imageframe-none imageframe-1 hover-type-none\"><img decoding=\"async\" width=\"1024\" height=\"451\" title=\"st_etienne1\" src=\"https:\/\/chalons.catholique.fr\/eglises\/wp-content\/uploads\/sites\/4\/2015\/07\/st_etienne1.jpg\" alt class=\"img-responsive wp-image-602\"\/><\/span><\/div><div class=\"fusion-text fusion-text-1\"><p>Informations : Office de Tourisme de Ch\u00e2lons-en-Champagne<\/p>\n<p>3 quai des Arts \u2013 03 26 65 17 89<\/p>\n<\/div>\t\t\t\t\t<script type=\"text\/javascript\">\n\t\t\t\t\t\tvar map_fusion_map_69edf3c07a0dc;\n\t\t\t\t\t\tvar markers = [];\n\t\t\t\t\t\tvar counter = 0;\n\t\t\t\t\t\t\t\t\t\t\t\t\t\t\t\t\t\t\t\tvar fusionMapNonce = '149111b666';\n\t\t\t\t\t\t\t\t\t\t\t\tfunction fusion_run_map_fusion_map_69edf3c07a0dc() {\n\t\t\t\t\t\t\tjQuery('#fusion_map_69edf3c07a0dc').fusion_maps({\n\t\t\t\t\t\t\t\taddresses: [{\"address\":\"place saint etienne 51000 ch\\u00e2lons en champagne\",\"infobox_content\":\"place saint etienne 51000 ch\\u00e2lons en champagne\",\"coordinates\":false,\"cache\":true,\"latitude\":\"48.9551165\",\"longitude\":\"4.3567926000000625\"}],\n\t\t\t\t\t\t\t\tanimations: true,\n\t\t\t\t\t\t\t\tinfobox_background_color: '',\n\t\t\t\t\t\t\t\tinfobox_styling: 'default',\n\t\t\t\t\t\t\t\tinfobox_text_color: '',\n\t\t\t\t\t\t\t\tmap_style: 'default',\n\t\t\t\t\t\t\t\tmap_type: 'roadmap',\n\t\t\t\t\t\t\t\tmarker_icon: '',\n\t\t\t\t\t\t\t\toverlay_color: '',\n\t\t\t\t\t\t\t\toverlay_color_hsl: {\"hue\":0,\"sat\":0,\"lum\":100},\n\t\t\t\t\t\t\t\tpan_control: true,\n\t\t\t\t\t\t\t\tshow_address: true,\n\t\t\t\t\t\t\t\tscale_control: true,\n\t\t\t\t\t\t\t\tscrollwheel: true,\n\t\t\t\t\t\t\t\tzoom: 14,\n\t\t\t\t\t\t\t\tzoom_control: true,\n\t\t\t\t\t\t\t});\n\t\t\t\t\t\t}\n\n\t\t\t\t\t\tgoogle.maps.event.addDomListener(window, 'load', fusion_run_map_fusion_map_69edf3c07a0dc);\n\t\t\t\t\t<\/script>\n\t\t\t\t\t<div class=\"shortcode-map fusion-google-map fusion-maps-js-type\" id=\"fusion_map_69edf3c07a0dc\"><\/div><div class=\"fusion-clearfix\"><\/div><\/div><\/div><div class=\"fusion-layout-column fusion_builder_column fusion-builder-column-1 fusion_builder_column_2_3 2_3 fusion-two-third fusion-column-last\" style=\"--awb-bg-size:cover;width:65.3333%;\"><div class=\"fusion-column-wrapper fusion-flex-column-wrapper-legacy\"><div class=\"fusion-text fusion-text-2\"><p><strong>Laissez-vous conter la Cath\u00e9drale Saint-Etienne :<\/strong><\/p>\n<p>La cath\u00e9drale Saint-Etienne offre au visiteur le t\u00e9moignage d&rsquo;une \u00e9volution architecturale sur 5 si\u00e8cles, du roman jusqu&rsquo;au baroque.<\/p>\n<p>La cath\u00e9drale est d\u00e9di\u00e9e d\u00e8s l&rsquo;origine du dioc\u00e8se (probablement au IVe si\u00e8cle) \u00e0 saint Etienne, consid\u00e9r\u00e9 comme le premier martyr de la foi chr\u00e9tienne. On sait peu de chose sur les b\u00e2timents construits avant le XIIe si\u00e8cle. L&rsquo;\u00e9dification de l&rsquo;\u00e9glise actuelle d\u00e9bute vers 1120 mais ne se termine qu&rsquo;en 1634.<\/p>\n<p>En 1668, la foudre tombe sur la fl\u00e8che de la tour nord. Les d\u00e9g\u00e2ts n\u00e9cessitent d&rsquo;importants travaux de reconstruction de l&rsquo;abside et les tours du transept sont coiff\u00e9es de fl\u00e8ches en pierre. La date de l&rsquo;incendie est grav\u00e9e pour m\u00e9moire dans la vo\u00fbte du ch\u0153ur.<\/p>\n<p>Les vitraux les plus anciens sont pr\u00e9sent\u00e9s dans le Tr\u00e9sor et datent du milieu du XIIe si\u00e8cle. Ceux de la nef vont du XIIIe jusqu&rsquo;aux XVe et XVIe si\u00e8cles.<\/p>\n<p>La chaire a \u00e9t\u00e9 sculpt\u00e9e par l&rsquo;Ecole d&rsquo;Arts et M\u00e9tiers en 1822. Le mobilier contemporain (ma\u00eetre-autel, ambon et cath\u00e8dre) a \u00e9t\u00e9 sp\u00e9cialement con\u00e7u pour la r\u00e9ouverture de la cath\u00e9drale.<\/p>\n<\/div><div class=\"fusion-text fusion-text-3\"><div align=\"center\">\n<\/div><div class=\"fusion-slider-sc fusion-flexslider-loading flexslider flexslider-hover-type-none\" data-slideshow_autoplay=\"1\" data-slideshow_smooth_height=\"0\" data-slideshow_speed=\"7000\" style=\"max-width:75%;height:75%;\"><ul class=\"slides\"><li class=\"image\"><span class=\"fusion-image-hover-element hover-type-none\"><img decoding=\"async\" src=\"https:\/\/chalons.catholique.fr\/eglises\/wp-content\/uploads\/sites\/4\/2015\/07\/st_etienne1.jpg\" width=\"1024\" height=\"451\" \/><\/span><\/li><li class=\"image\"><span class=\"fusion-image-hover-element hover-type-none\"><img decoding=\"async\" src=\"https:\/\/chalons.catholique.fr\/eglises\/wp-content\/uploads\/sites\/4\/2015\/07\/st_etienne2.jpg\" width=\"1024\" height=\"680\" \/><\/span><\/li><\/ul><\/div><div class=\"fusion-text fusion-text-4\"><\/div>\n<\/div><div class=\"fusion-clearfix\"><\/div><\/div><\/div><\/div><\/div>\n","protected":false},"excerpt":{"rendered":"","protected":false},"author":5,"featured_media":602,"comment_status":"open","ping_status":"open","sticky":false,"template":"","format":"standard","meta":{"xn-wppe-expiration":[],"xn-wppe-expiration-action":[],"xn-wppe-expiration-prefix":[],"footnotes":""},"categories":[22,21,24,14],"tags":[],"_links":{"self":[{"href":"https:\/\/chalons.catholique.fr\/eglises\/wp-json\/wp\/v2\/posts\/599"}],"collection":[{"href":"https:\/\/chalons.catholique.fr\/eglises\/wp-json\/wp\/v2\/posts"}],"about":[{"href":"https:\/\/chalons.catholique.fr\/eglises\/wp-json\/wp\/v2\/types\/post"}],"author":[{"embeddable":true,"href":"https:\/\/chalons.catholique.fr\/eglises\/wp-json\/wp\/v2\/users\/5"}],"replies":[{"embeddable":true,"href":"https:\/\/chalons.catholique.fr\/eglises\/wp-json\/wp\/v2\/comments?post=599"}],"version-history":[{"count":0,"href":"https:\/\/chalons.catholique.fr\/eglises\/wp-json\/wp\/v2\/posts\/599\/revisions"}],"wp:featuredmedia":[{"embeddable":true,"href":"https:\/\/chalons.catholique.fr\/eglises\/wp-json\/wp\/v2\/media\/602"}],"wp:attachment":[{"href":"https:\/\/chalons.catholique.fr\/eglises\/wp-json\/wp\/v2\/media?parent=599"}],"wp:term":[{"taxonomy":"category","embeddable":true,"href":"https:\/\/chalons.catholique.fr\/eglises\/wp-json\/wp\/v2\/categories?post=599"},{"taxonomy":"post_tag","embeddable":true,"href":"https:\/\/chalons.catholique.fr\/eglises\/wp-json\/wp\/v2\/tags?post=599"}],"curies":[{"name":"wp","href":"https:\/\/api.w.org\/{rel}","templated":true}]}}