{"id":512,"date":"2015-06-25T21:37:22","date_gmt":"2015-06-25T20:37:22","guid":{"rendered":"http:\/\/chalons.catholique.fr\/eglises\/?p=512"},"modified":"2019-05-05T12:50:17","modified_gmt":"2019-05-05T11:50:17","slug":"linthes-eglise-saint-pierre-et-saint-hubert","status":"publish","type":"post","link":"https:\/\/chalons.catholique.fr\/eglises\/linthes-eglise-saint-pierre-et-saint-hubert\/","title":{"rendered":"Linthes : \u00c9glise Saint Pierre &#8211; Saint Hubert"},"content":{"rendered":"<div class=\"fusion-fullwidth fullwidth-box fusion-builder-row-1 hundred-percent-fullwidth non-hundred-percent-height-scrolling\" style=\"--awb-border-radius-top-left:0px;--awb-border-radius-top-right:0px;--awb-border-radius-bottom-right:0px;--awb-border-radius-bottom-left:0px;--awb-overflow:visible;--awb-flex-wrap:wrap;\" ><div class=\"fusion-builder-row fusion-row\"><div class=\"fusion-layout-column fusion_builder_column fusion-builder-column-0 fusion_builder_column_1_3 1_3 fusion-one-third fusion-column-first\" style=\"--awb-bg-size:cover;width:30.6666%; margin-right: 4%;\"><div class=\"fusion-column-wrapper fusion-flex-column-wrapper-legacy\"><div class=\"fusion-image-element in-legacy-container\" style=\"--awb-caption-title-font-family:var(--h2_typography-font-family);--awb-caption-title-font-weight:var(--h2_typography-font-weight);--awb-caption-title-font-style:var(--h2_typography-font-style);--awb-caption-title-size:var(--h2_typography-font-size);--awb-caption-title-transform:var(--h2_typography-text-transform);--awb-caption-title-line-height:var(--h2_typography-line-height);--awb-caption-title-letter-spacing:var(--h2_typography-letter-spacing);\"><span class=\" fusion-imageframe imageframe-none imageframe-1 hover-type-none\"><img decoding=\"async\" width=\"700\" height=\"467\" title=\"linthes2\" src=\"https:\/\/chalons.catholique.fr\/eglises\/wp-content\/uploads\/sites\/4\/2015\/06\/linthes2.jpg\" alt class=\"img-responsive wp-image-514\"\/><\/span><\/div><div class=\"fusion-text fusion-text-1\"><\/div>\t\t\t\t\t<script type=\"text\/javascript\">\n\t\t\t\t\t\tvar map_fusion_map_69ec41204fd01;\n\t\t\t\t\t\tvar markers = [];\n\t\t\t\t\t\tvar counter = 0;\n\t\t\t\t\t\t\t\t\t\t\t\t\t\t\t\t\t\t\t\tvar fusionMapNonce = 'af8e884ef2';\n\t\t\t\t\t\t\t\t\t\t\t\tfunction fusion_run_map_fusion_map_69ec41204fd01() {\n\t\t\t\t\t\t\tjQuery('#fusion_map_69ec41204fd01').fusion_maps({\n\t\t\t\t\t\t\t\taddresses: [{\"address\":\"rue de l'\\u00e9glise 51230 LINTHES\",\"infobox_content\":\"rue de l'\\u00e9glise 51230 LINTHES\",\"coordinates\":false,\"cache\":false}],\n\t\t\t\t\t\t\t\tanimations: true,\n\t\t\t\t\t\t\t\tinfobox_background_color: '',\n\t\t\t\t\t\t\t\tinfobox_styling: 'default',\n\t\t\t\t\t\t\t\tinfobox_text_color: '',\n\t\t\t\t\t\t\t\tmap_style: 'default',\n\t\t\t\t\t\t\t\tmap_type: 'roadmap',\n\t\t\t\t\t\t\t\tmarker_icon: '',\n\t\t\t\t\t\t\t\toverlay_color: '',\n\t\t\t\t\t\t\t\toverlay_color_hsl: {\"hue\":0,\"sat\":0,\"lum\":100},\n\t\t\t\t\t\t\t\tpan_control: true,\n\t\t\t\t\t\t\t\tshow_address: true,\n\t\t\t\t\t\t\t\tscale_control: true,\n\t\t\t\t\t\t\t\tscrollwheel: true,\n\t\t\t\t\t\t\t\tzoom: 14,\n\t\t\t\t\t\t\t\tzoom_control: true,\n\t\t\t\t\t\t\t});\n\t\t\t\t\t\t}\n\n\t\t\t\t\t\tgoogle.maps.event.addDomListener(window, 'load', fusion_run_map_fusion_map_69ec41204fd01);\n\t\t\t\t\t<\/script>\n\t\t\t\t\t<div class=\"shortcode-map fusion-google-map fusion-maps-js-type\" id=\"fusion_map_69ec41204fd01\"><\/div><div class=\"fusion-clearfix\"><\/div><\/div><\/div><div class=\"fusion-layout-column fusion_builder_column fusion-builder-column-1 fusion_builder_column_2_3 2_3 fusion-two-third fusion-column-last\" style=\"--awb-bg-size:cover;width:65.3333%;\"><div class=\"fusion-column-wrapper fusion-flex-column-wrapper-legacy\"><div class=\"fusion-text fusion-text-2\"><p>L\u2019\u00e9glise de Linthes est d\u00e9di\u00e9e \u00e0 Saint Pierre et \u00e0 Saint Hubert, patron des chasseurs, en l\u2019an 1134.<\/p>\n<p>Sa construction rel\u00e8ve de deux p\u00e9riodes : <em>l\u2019arc triomphal (entr\u00e9e du sanctuaire) et le ch\u0153ur.<\/em><\/p>\n<p>De sa construction primitive, en style roman, il ne reste, de<em> l\u2019arc triomphal<\/em><em> du 12<sup>\u00e8me<\/sup> si\u00e8cle, que q<\/em>uatre petites fen\u00eatres plein cintre, trois au nord et une au sud ;<\/p>\n<p>Au fond, au-dessus de la porte d\u2019entr\u00e9e, l\u2019oculus ;<\/p>\n<p>Deux portes\u00a0: Une porte d\u2019entr\u00e9e principale \u00e0 l\u2019ouest<\/p>\n<p>et une au sud avec un linteau en b\u00e2ti\u00e8re, aujourd\u2019hui mur\u00e9e, elle servait autrefois de porte de sortie.<\/p>\n<p>L\u2019entourage de l\u2019oculus et des deux portes sont en calcaire.<\/p>\n<p><em>\u00a0Ont \u00e9t\u00e9 ajout\u00e9es vers le 13 ou 14<sup>\u00e8me<\/sup> si\u00e8cle\u00a0:<\/em> Deux fen\u00eatres en arcs bris\u00e9s et une porte au nord.<\/p>\n<p>Leur entourage est en pierre de gr\u00e8s, tout comme le sont les piliers ext\u00e9rieurs du 15<sup>\u00e8me<\/sup> si\u00e8cle.<\/p>\n<p><em>Le ch\u0153ur<\/em><em>, quant \u00e0 lui, date du 15<sup>\u00e8me<\/sup> si\u00e8cle. <\/em><\/p>\n<p>C\u2019est \u00e0 cette \u00e9poque que notre \u00e9glise f\u00fbt agrandie d\u2019un chevet \u00e0 cinq pans pr\u00e9c\u00e9d\u00e9 d\u2019une trav\u00e9e droite. Les arcs de la vo\u00fbte d\u2019ogives reposent sur des chapiteaux moulur\u00e9s port\u00e9s par des colonnettes. Cinq fen\u00eatres, dont l\u2019entourage est \u00e9galement en pierre de gr\u00e8s, \u00e9clairent ce ch\u0153ur.<\/p>\n<p><em>Deux petits autels<\/em> s\u00e9parent l\u2019arc triomphal du ch\u0153ur\u00a0:\u00a0 <em>L\u2019un est d\u00e9di\u00e9 \u00e0 la Vierge et l\u2019Enfant dont la statue est typique du 16<sup>\u00e8me<\/sup> si\u00e8cle, l\u2019autre \u00e0 Saint Hubert.<\/em><\/p>\n<p><em>\u00a0Curiosit\u00e9s\u00a0: Un Saint Pierre, polychrome du 15<sup>\u00e8me <\/sup>si\u00e8cle<\/em><\/p>\n<\/div><div class=\"fusion-text fusion-text-3\"><div align=\"center\">\n<\/div><div class=\"fusion-slider-sc fusion-flexslider-loading flexslider flexslider-hover-type-none\" data-slideshow_autoplay=\"1\" data-slideshow_smooth_height=\"0\" data-slideshow_speed=\"7000\" style=\"max-width:100%;height:100%;\"><ul class=\"slides\"><li class=\"image\"><span class=\"fusion-image-hover-element hover-type-none\"><img decoding=\"async\" src=\"https:\/\/chalons.catholique.fr\/eglises\/wp-content\/uploads\/sites\/4\/2015\/06\/linthes2.jpg\" width=\"700\" height=\"467\" \/><\/span><\/li><li class=\"image\"><span class=\"fusion-image-hover-element hover-type-none\"><img decoding=\"async\" src=\"https:\/\/chalons.catholique.fr\/eglises\/wp-content\/uploads\/sites\/4\/2015\/06\/linthes1.jpg\" width=\"700\" height=\"466\" \/><\/span><\/li><\/ul><\/div><div class=\"fusion-text fusion-text-4\"><\/div>\n<\/div><div class=\"fusion-clearfix\"><\/div><\/div><\/div><\/div><\/div>\n","protected":false},"excerpt":{"rendered":"","protected":false},"author":5,"featured_media":514,"comment_status":"open","ping_status":"open","sticky":false,"template":"","format":"standard","meta":{"xn-wppe-expiration":[],"xn-wppe-expiration-action":[],"xn-wppe-expiration-prefix":[],"footnotes":""},"categories":[14],"tags":[],"_links":{"self":[{"href":"https:\/\/chalons.catholique.fr\/eglises\/wp-json\/wp\/v2\/posts\/512"}],"collection":[{"href":"https:\/\/chalons.catholique.fr\/eglises\/wp-json\/wp\/v2\/posts"}],"about":[{"href":"https:\/\/chalons.catholique.fr\/eglises\/wp-json\/wp\/v2\/types\/post"}],"author":[{"embeddable":true,"href":"https:\/\/chalons.catholique.fr\/eglises\/wp-json\/wp\/v2\/users\/5"}],"replies":[{"embeddable":true,"href":"https:\/\/chalons.catholique.fr\/eglises\/wp-json\/wp\/v2\/comments?post=512"}],"version-history":[{"count":0,"href":"https:\/\/chalons.catholique.fr\/eglises\/wp-json\/wp\/v2\/posts\/512\/revisions"}],"wp:featuredmedia":[{"embeddable":true,"href":"https:\/\/chalons.catholique.fr\/eglises\/wp-json\/wp\/v2\/media\/514"}],"wp:attachment":[{"href":"https:\/\/chalons.catholique.fr\/eglises\/wp-json\/wp\/v2\/media?parent=512"}],"wp:term":[{"taxonomy":"category","embeddable":true,"href":"https:\/\/chalons.catholique.fr\/eglises\/wp-json\/wp\/v2\/categories?post=512"},{"taxonomy":"post_tag","embeddable":true,"href":"https:\/\/chalons.catholique.fr\/eglises\/wp-json\/wp\/v2\/tags?post=512"}],"curies":[{"name":"wp","href":"https:\/\/api.w.org\/{rel}","templated":true}]}}