{"id":447,"date":"2015-06-24T18:53:30","date_gmt":"2015-06-24T17:53:30","guid":{"rendered":"http:\/\/chalons.catholique.fr\/eglises\/?p=447"},"modified":"2019-05-05T12:53:37","modified_gmt":"2019-05-05T11:53:37","slug":"eglise-de-pierre-morains","status":"publish","type":"post","link":"https:\/\/chalons.catholique.fr\/eglises\/eglise-de-pierre-morains\/","title":{"rendered":"Pierre-Morains : \u00c9glise Saint Rufin et Saint Val\u00e8re"},"content":{"rendered":"<div class=\"fusion-fullwidth fullwidth-box fusion-builder-row-1 hundred-percent-fullwidth non-hundred-percent-height-scrolling\" style=\"--awb-border-radius-top-left:0px;--awb-border-radius-top-right:0px;--awb-border-radius-bottom-right:0px;--awb-border-radius-bottom-left:0px;--awb-overflow:visible;--awb-flex-wrap:wrap;\" ><div class=\"fusion-builder-row fusion-row\"><div class=\"fusion-layout-column fusion_builder_column fusion-builder-column-0 fusion_builder_column_1_3 1_3 fusion-one-third fusion-column-first\" style=\"--awb-bg-size:cover;width:30.6666%; margin-right: 4%;\"><div class=\"fusion-column-wrapper fusion-flex-column-wrapper-legacy\"><div class=\"fusion-image-element in-legacy-container\" style=\"--awb-caption-title-font-family:var(--h2_typography-font-family);--awb-caption-title-font-weight:var(--h2_typography-font-weight);--awb-caption-title-font-style:var(--h2_typography-font-style);--awb-caption-title-size:var(--h2_typography-font-size);--awb-caption-title-transform:var(--h2_typography-text-transform);--awb-caption-title-line-height:var(--h2_typography-line-height);--awb-caption-title-letter-spacing:var(--h2_typography-letter-spacing);\"><span class=\" fusion-imageframe imageframe-none imageframe-1 hover-type-none\"><img decoding=\"async\" width=\"150\" height=\"150\" title=\"EGLISE\" src=\"https:\/\/chalons.catholique.fr\/eglises\/wp-content\/uploads\/sites\/4\/2015\/06\/EGLISE-150x150.jpg\" alt class=\"img-responsive wp-image-448\"\/><\/span><\/div><div class=\"fusion-text fusion-text-1\"><\/div>\t\t\t\t\t<script type=\"text\/javascript\">\n\t\t\t\t\t\tvar map_fusion_map_69f0d2105ec59;\n\t\t\t\t\t\tvar markers = [];\n\t\t\t\t\t\tvar counter = 0;\n\t\t\t\t\t\t\t\t\t\t\t\t\t\t\t\t\t\t\t\tvar fusionMapNonce = '606a8ad366';\n\t\t\t\t\t\t\t\t\t\t\t\tfunction fusion_run_map_fusion_map_69f0d2105ec59() {\n\t\t\t\t\t\t\tjQuery('#fusion_map_69f0d2105ec59').fusion_maps({\n\t\t\t\t\t\t\t\taddresses: [{\"address\":\"Rue des Tilleuls<br \\\/>\\nPierre-Morains, Champagne-Ardenn\",\"infobox_content\":\"Rue des Tilleuls<br \\\/>\\nPierre-Morains, Champagne-Ardenn\",\"coordinates\":false,\"cache\":true,\"latitude\":\"48.8366254\",\"longitude\":\"4.023947599999929\"}],\n\t\t\t\t\t\t\t\tanimations: true,\n\t\t\t\t\t\t\t\tinfobox_background_color: '',\n\t\t\t\t\t\t\t\tinfobox_styling: 'default',\n\t\t\t\t\t\t\t\tinfobox_text_color: '',\n\t\t\t\t\t\t\t\tmap_style: 'default',\n\t\t\t\t\t\t\t\tmap_type: 'roadmap',\n\t\t\t\t\t\t\t\tmarker_icon: '',\n\t\t\t\t\t\t\t\toverlay_color: '',\n\t\t\t\t\t\t\t\toverlay_color_hsl: {\"hue\":0,\"sat\":0,\"lum\":100},\n\t\t\t\t\t\t\t\tpan_control: true,\n\t\t\t\t\t\t\t\tshow_address: true,\n\t\t\t\t\t\t\t\tscale_control: true,\n\t\t\t\t\t\t\t\tscrollwheel: true,\n\t\t\t\t\t\t\t\tzoom: 14,\n\t\t\t\t\t\t\t\tzoom_control: true,\n\t\t\t\t\t\t\t});\n\t\t\t\t\t\t}\n\n\t\t\t\t\t\tgoogle.maps.event.addDomListener(window, 'load', fusion_run_map_fusion_map_69f0d2105ec59);\n\t\t\t\t\t<\/script>\n\t\t\t\t\t<div class=\"shortcode-map fusion-google-map fusion-maps-js-type\" id=\"fusion_map_69f0d2105ec59\"><\/div><div class=\"fusion-clearfix\"><\/div><\/div><\/div><div class=\"fusion-layout-column fusion_builder_column fusion-builder-column-1 fusion_builder_column_2_3 2_3 fusion-two-third fusion-column-last\" style=\"--awb-bg-size:cover;width:65.3333%;\"><div class=\"fusion-column-wrapper fusion-flex-column-wrapper-legacy\"><div class=\"fusion-text fusion-text-2\"><p><u><\/u>Magnifiquement ombrag\u00e9e de tilleuls et marronniers centenaires, situ\u00e9e \u00e0 l\u2019extr\u00e9mit\u00e9 du village, cette petite \u00e9glise romane, asym\u00e9trique, date du 12<sup>\u00e8me<\/sup> si\u00e8cle et vous offre un havre de paix et de recueillement. Class\u00e9e monument historique, elle est d\u00e9di\u00e9e \u00e0 St Rufin et St Val\u00e8re repr\u00e9sent\u00e9s sur la fresque partiellement effac\u00e9e du mur du ch\u0153ur.<\/p>\n<p>Pr\u00e9sence d&rsquo;une poutre de gloire au dessus de la nef.<\/p>\n<\/div><div class=\"fusion-text fusion-text-3\"><div align=\"center\">\n<\/div><div class=\"fusion-slider-sc fusion-flexslider-loading flexslider flexslider-hover-type-none\" data-slideshow_autoplay=\"1\" data-slideshow_smooth_height=\"0\" data-slideshow_speed=\"7000\" style=\"max-width:75%;height:75%;\"><ul class=\"slides\"><li class=\"image\"><span class=\"fusion-image-hover-element hover-type-none\"><img decoding=\"async\" src=\"https:\/\/chalons.catholique.fr\/eglises\/wp-content\/uploads\/sites\/4\/2015\/06\/PierreMorains9.jpg\" width=\"713\" height=\"535\" \/><\/span><\/li><li class=\"image\"><span class=\"fusion-image-hover-element hover-type-none\"><img decoding=\"async\" src=\"https:\/\/chalons.catholique.fr\/eglises\/wp-content\/uploads\/sites\/4\/2015\/06\/PierreMorains8.jpg\" width=\"713\" height=\"535\" \/><\/span><\/li><li class=\"image\"><span class=\"fusion-image-hover-element hover-type-none\"><img decoding=\"async\" src=\"https:\/\/chalons.catholique.fr\/eglises\/wp-content\/uploads\/sites\/4\/2015\/06\/PierreMorains7.jpg\" width=\"950\" height=\"534\" \/><\/span><\/li><li class=\"image\"><span class=\"fusion-image-hover-element hover-type-none\"><img decoding=\"async\" src=\"https:\/\/chalons.catholique.fr\/eglises\/wp-content\/uploads\/sites\/4\/2015\/06\/PierreMorains6.jpg\" width=\"950\" height=\"534\" \/><\/span><\/li><li class=\"image\"><span class=\"fusion-image-hover-element hover-type-none\"><img decoding=\"async\" src=\"https:\/\/chalons.catholique.fr\/eglises\/wp-content\/uploads\/sites\/4\/2015\/06\/PierreMorains5.jpg\" width=\"950\" height=\"534\" \/><\/span><\/li><li class=\"image\"><span class=\"fusion-image-hover-element hover-type-none\"><img decoding=\"async\" src=\"https:\/\/chalons.catholique.fr\/eglises\/wp-content\/uploads\/sites\/4\/2015\/06\/PierreMorains4.jpg\" width=\"713\" height=\"535\" \/><\/span><\/li><li class=\"image\"><span class=\"fusion-image-hover-element hover-type-none\"><img decoding=\"async\" src=\"https:\/\/chalons.catholique.fr\/eglises\/wp-content\/uploads\/sites\/4\/2015\/06\/PierreMorains3.jpg\" width=\"950\" height=\"534\" \/><\/span><\/li><li class=\"image\"><span class=\"fusion-image-hover-element hover-type-none\"><img decoding=\"async\" src=\"https:\/\/chalons.catholique.fr\/eglises\/wp-content\/uploads\/sites\/4\/2015\/06\/PierreMorains2.jpg\" width=\"950\" height=\"534\" \/><\/span><\/li><li class=\"image\"><span class=\"fusion-image-hover-element hover-type-none\"><img decoding=\"async\" src=\"https:\/\/chalons.catholique.fr\/eglises\/wp-content\/uploads\/sites\/4\/2015\/06\/PierreMorains1.jpg\" width=\"713\" height=\"535\" \/><\/span><\/li><li class=\"image\"><span class=\"fusion-image-hover-element hover-type-none\"><img decoding=\"async\" src=\"https:\/\/chalons.catholique.fr\/eglises\/wp-content\/uploads\/sites\/4\/2015\/06\/PierreMorains10.jpg\" width=\"713\" height=\"535\" \/><\/span><\/li><\/ul><\/div><div class=\"fusion-text fusion-text-4\"><\/div>\n<\/div><div class=\"fusion-clearfix\"><\/div><\/div><\/div><\/div><\/div>\n","protected":false},"excerpt":{"rendered":"","protected":false},"author":3,"featured_media":448,"comment_status":"open","ping_status":"open","sticky":false,"template":"","format":"standard","meta":{"xn-wppe-expiration":[],"xn-wppe-expiration-action":[],"xn-wppe-expiration-prefix":[],"footnotes":""},"categories":[24,14],"tags":[],"_links":{"self":[{"href":"https:\/\/chalons.catholique.fr\/eglises\/wp-json\/wp\/v2\/posts\/447"}],"collection":[{"href":"https:\/\/chalons.catholique.fr\/eglises\/wp-json\/wp\/v2\/posts"}],"about":[{"href":"https:\/\/chalons.catholique.fr\/eglises\/wp-json\/wp\/v2\/types\/post"}],"author":[{"embeddable":true,"href":"https:\/\/chalons.catholique.fr\/eglises\/wp-json\/wp\/v2\/users\/3"}],"replies":[{"embeddable":true,"href":"https:\/\/chalons.catholique.fr\/eglises\/wp-json\/wp\/v2\/comments?post=447"}],"version-history":[{"count":0,"href":"https:\/\/chalons.catholique.fr\/eglises\/wp-json\/wp\/v2\/posts\/447\/revisions"}],"wp:featuredmedia":[{"embeddable":true,"href":"https:\/\/chalons.catholique.fr\/eglises\/wp-json\/wp\/v2\/media\/448"}],"wp:attachment":[{"href":"https:\/\/chalons.catholique.fr\/eglises\/wp-json\/wp\/v2\/media?parent=447"}],"wp:term":[{"taxonomy":"category","embeddable":true,"href":"https:\/\/chalons.catholique.fr\/eglises\/wp-json\/wp\/v2\/categories?post=447"},{"taxonomy":"post_tag","embeddable":true,"href":"https:\/\/chalons.catholique.fr\/eglises\/wp-json\/wp\/v2\/tags?post=447"}],"curies":[{"name":"wp","href":"https:\/\/api.w.org\/{rel}","templated":true}]}}