{"id":352,"date":"2015-05-21T07:45:36","date_gmt":"2015-05-21T06:45:36","guid":{"rendered":"http:\/\/chalons.catholique.fr\/eglises\/?p=352"},"modified":"2019-05-05T12:55:21","modified_gmt":"2019-05-05T11:55:21","slug":"montmort-eglise-saint-pierre-saint-paul-2","status":"publish","type":"post","link":"https:\/\/chalons.catholique.fr\/eglises\/montmort-eglise-saint-pierre-saint-paul-2\/","title":{"rendered":"Montmort : \u00c9glise Saint-Pierre Saint-Paul"},"content":{"rendered":"<div class=\"fusion-fullwidth fullwidth-box fusion-builder-row-1 hundred-percent-fullwidth non-hundred-percent-height-scrolling\" style=\"--awb-border-radius-top-left:0px;--awb-border-radius-top-right:0px;--awb-border-radius-bottom-right:0px;--awb-border-radius-bottom-left:0px;--awb-overflow:visible;--awb-flex-wrap:wrap;\" ><div class=\"fusion-builder-row fusion-row\"><div class=\"fusion-layout-column fusion_builder_column fusion-builder-column-0 fusion_builder_column_1_3 1_3 fusion-one-third fusion-column-first fusion-animated\" style=\"--awb-padding-top:10px;--awb-padding-right:10px;--awb-padding-bottom:10px;--awb-padding-left:10px;--awb-bg-size:cover;--awb-border-color:#969696;--awb-border-top:1px;--awb-border-right:1px;--awb-border-bottom:1px;--awb-border-left:1px;--awb-border-style:solid;width:30.6666%; margin-right: 4%;\" data-animationType=\"fadeInDown\" data-animationDuration=\"0.1\" data-animationOffset=\"top-into-view\"><div class=\"fusion-column-wrapper fusion-flex-column-wrapper-legacy\"><div class=\"fusion-image-element in-legacy-container\" style=\"--awb-caption-title-font-family:var(--h2_typography-font-family);--awb-caption-title-font-weight:var(--h2_typography-font-weight);--awb-caption-title-font-style:var(--h2_typography-font-style);--awb-caption-title-size:var(--h2_typography-font-size);--awb-caption-title-transform:var(--h2_typography-text-transform);--awb-caption-title-line-height:var(--h2_typography-line-height);--awb-caption-title-letter-spacing:var(--h2_typography-letter-spacing);\"><span class=\" fusion-imageframe imageframe-none imageframe-1 hover-type-none\"><img decoding=\"async\" width=\"300\" height=\"225\" alt=\"L\u2019\u00e9glise\" title=\"montmort1\" src=\"https:\/\/chalons.catholique.fr\/eglises\/wp-content\/uploads\/sites\/4\/2015\/05\/montmort1-300x225.jpg\" class=\"img-responsive wp-image-330\"\/><\/span><\/div><div class=\"fusion-text fusion-text-1\"><\/div>\t\t\t\t\t<script type=\"text\/javascript\">\n\t\t\t\t\t\tvar map_fusion_map_69f0d5b69437e;\n\t\t\t\t\t\tvar markers = [];\n\t\t\t\t\t\tvar counter = 0;\n\t\t\t\t\t\t\t\t\t\t\t\t\t\t\t\t\t\t\t\tvar fusionMapNonce = '606a8ad366';\n\t\t\t\t\t\t\t\t\t\t\t\tfunction fusion_run_map_fusion_map_69f0d5b69437e() {\n\t\t\t\t\t\t\tjQuery('#fusion_map_69f0d5b69437e').fusion_maps({\n\t\t\t\t\t\t\t\taddresses: [{\"address\":\"2 Rue Saint-Pierre, 51270 Montmort-Lucy \",\"infobox_content\":\"2 Rue Saint-Pierre, 51270 Montmort-Lucy \",\"coordinates\":false,\"cache\":true,\"latitude\":\"48.9227147\",\"longitude\":\"3.81613440000001\"}],\n\t\t\t\t\t\t\t\tanimations: true,\n\t\t\t\t\t\t\t\tinfobox_background_color: '',\n\t\t\t\t\t\t\t\tinfobox_styling: 'default',\n\t\t\t\t\t\t\t\tinfobox_text_color: '',\n\t\t\t\t\t\t\t\tmap_style: 'default',\n\t\t\t\t\t\t\t\tmap_type: 'roadmap',\n\t\t\t\t\t\t\t\tmarker_icon: '',\n\t\t\t\t\t\t\t\toverlay_color: '',\n\t\t\t\t\t\t\t\toverlay_color_hsl: {\"hue\":0,\"sat\":0,\"lum\":100},\n\t\t\t\t\t\t\t\tpan_control: true,\n\t\t\t\t\t\t\t\tshow_address: false,\n\t\t\t\t\t\t\t\tscale_control: true,\n\t\t\t\t\t\t\t\tscrollwheel: true,\n\t\t\t\t\t\t\t\tzoom: 14,\n\t\t\t\t\t\t\t\tzoom_control: true,\n\t\t\t\t\t\t\t});\n\t\t\t\t\t\t}\n\n\t\t\t\t\t\tgoogle.maps.event.addDomListener(window, 'load', fusion_run_map_fusion_map_69f0d5b69437e);\n\t\t\t\t\t<\/script>\n\t\t\t\t\t<div class=\"shortcode-map fusion-google-map fusion-maps-js-type\" style=\"--awb-height:270px;--awb-width:90%;\" id=\"fusion_map_69f0d5b69437e\"><\/div><div class=\"fusion-clearfix\"><\/div><\/div><\/div><div class=\"fusion-layout-column fusion_builder_column fusion-builder-column-1 fusion_builder_column_2_3 2_3 fusion-two-third fusion-column-last\" style=\"--awb-bg-size:cover;width:65.3333%;\"><div class=\"fusion-column-wrapper fusion-flex-column-wrapper-legacy\"><div class=\"fusion-text fusion-text-2\"><p>L\u2019\u00e9glise Saint-Pierre Saint-Paul de Montmort est class\u00e9e parmi les monuments historiques depuis 1846. Elle se distingue par son architecture, ses vitraux et son mobilier.<\/p>\n<p>La nef romane est de la fin du XII\u00e8me si\u00e8cle. Ses piliers sont en pierre meuli\u00e8re, la pierre du pays. Le premier transept est gothique du d\u00e9but du XIII\u00e8me si\u00e8cle. L\u2019\u00e9difice fut agrandi \u00e0 la fin du XV\u00e8me si\u00e8cle ou au d\u00e9but du XVI\u00e8me si\u00e8cle. L\u2019ancien ch\u0153ur d\u00e9truit fut remplac\u00e9 par le ch\u0153ur polygonal actuel.<\/p>\n<p class=\"spip\">Les vitraux sont pour la plupart du XVI\u00e8me si\u00e8cle. Ils subirent au cours des \u00e2ges diff\u00e9rentes restaurations. Le vitrail situ\u00e9 dans le transept nord a \u00e9t\u00e9 offert par la corporation des verriers et des ouvriers du fer, deux industries pratiqu\u00e9es \u00e0 Montmort au Moyen \u00c2ge. Un panneau repr\u00e9sente le diacre Saint Laurent reconnaissable \u00e0 son grill, l\u2019instrument de son supplice. Les autres panneaux repr\u00e9sentent la vie de Saint Nicolas.<\/p>\n<p>Dans le mur de droite du sanctuaire s\u2019ouvre un enfeu, ancien tombeau des Seigneurs de Montmort.<\/p>\n<p class=\"spip\">Est \u00e0 remarquer la chaire \u00e0 pr\u00eacher, chef d\u2019\u0153uvre de la R\u00e9gence flamande, le ma\u00eetre-autel en marbre et l\u2019autel en ch\u00eane d\u00e9di\u00e9 \u00e0 Saint Pierre, tous deux du XVIII\u00e8me si\u00e8cle.<\/p>\n<p class=\"spip\">Les stalles du ch\u0153ur proviennent du monast\u00e8re des Cordeliers de Ch\u00e2lons (1793).<\/p>\n<p class=\"spip\">La statue moderne de la Vierge est l\u2019\u0153uvre du sculpteur valenciennois Fagel. On n\u2019oubliera pas de citer le superbe Christ en croix en bois du XV\u00e8me si\u00e8cle retrouv\u00e9 en 1970 dans les combles de l\u2019\u00e9glise.<\/p>\n<p class=\"spip\">Photos de Jacques Colanson.<\/p>\n<\/div><div class=\"fusion-text fusion-text-3\"><div align=\"center\">\n<\/div><div class=\"fusion-slider-sc fusion-flexslider-loading flexslider flexslider-hover-type-none\" data-slideshow_autoplay=\"1\" data-slideshow_smooth_height=\"0\" data-slideshow_speed=\"7000\" style=\"max-width:50%;height:50%;\"><ul class=\"slides\"><li class=\"image\"><span class=\"fusion-image-hover-element hover-type-none\"><img decoding=\"async\" src=\"https:\/\/chalons.catholique.fr\/eglises\/wp-content\/uploads\/sites\/4\/2015\/05\/montmort2-300x225.jpg\" alt=\"Nef vue de l\u2019entr\u00e9e\" width=\"300\" height=\"225\" \/><\/span><\/li><li class=\"image\"><span class=\"fusion-image-hover-element hover-type-none\"><img decoding=\"async\" src=\"https:\/\/chalons.catholique.fr\/eglises\/wp-content\/uploads\/sites\/4\/2015\/05\/montmort3-300x225.jpg\" alt=\"Nef vue du ch\u0153ur.\" width=\"300\" height=\"225\" \/><\/span><\/li><li class=\"image\"><span class=\"fusion-image-hover-element hover-type-none\"><img decoding=\"async\" src=\"https:\/\/chalons.catholique.fr\/eglises\/wp-content\/uploads\/sites\/4\/2015\/05\/montmort4-300x225.jpg\" alt=\"Christ en croix et fonts baptismaux\" width=\"300\" height=\"225\" \/><\/span><\/li><li class=\"image\"><span class=\"fusion-image-hover-element hover-type-none\"><img decoding=\"async\" src=\"https:\/\/chalons.catholique.fr\/eglises\/wp-content\/uploads\/sites\/4\/2015\/05\/montmort5-300x225.jpg\" alt=\"Chaire \u00e0 pr\u00eacher\" width=\"300\" height=\"225\" \/><\/span><\/li><li class=\"image\"><span class=\"fusion-image-hover-element hover-type-none\"><img decoding=\"async\" src=\"https:\/\/chalons.catholique.fr\/eglises\/wp-content\/uploads\/sites\/4\/2015\/05\/montmort6-300x225.jpg\" alt=\"La Vierge moderne\" width=\"300\" height=\"225\" \/><\/span><\/li><li class=\"image\"><span class=\"fusion-image-hover-element hover-type-none\"><img decoding=\"async\" src=\"https:\/\/chalons.catholique.fr\/eglises\/wp-content\/uploads\/sites\/4\/2015\/05\/montmort7-300x225.jpg\" alt=\"L\u2019Enfeu (niche fun\u00e9raire \u00e0 fond plat)\" width=\"300\" height=\"225\" \/><\/span><\/li><li class=\"image\"><span class=\"fusion-image-hover-element hover-type-none\"><img decoding=\"async\" src=\"https:\/\/chalons.catholique.fr\/eglises\/wp-content\/uploads\/sites\/4\/2015\/05\/montmort8-300x225.jpg\" alt=\"Ma\u00eetre-autel en marbre\" width=\"300\" height=\"225\" \/><\/span><\/li><li class=\"image\"><span class=\"fusion-image-hover-element hover-type-none\"><img decoding=\"async\" src=\"https:\/\/chalons.catholique.fr\/eglises\/wp-content\/uploads\/sites\/4\/2015\/05\/montmort9-300x225.jpg\" alt=\"Vitrail : Saint Laurent et Saint Nicolas\" width=\"300\" height=\"225\" \/><\/span><\/li><li class=\"image\"><span class=\"fusion-image-hover-element hover-type-none\"><img decoding=\"async\" src=\"https:\/\/chalons.catholique.fr\/eglises\/wp-content\/uploads\/sites\/4\/2015\/05\/montmort11-300x225.jpg\" alt=\"Vitrail : Le Christ en Croix (1520-1530),\" width=\"300\" height=\"225\" \/><\/span><\/li><li class=\"image\"><span class=\"fusion-image-hover-element hover-type-none\"><img decoding=\"async\" src=\"https:\/\/chalons.catholique.fr\/eglises\/wp-content\/uploads\/sites\/4\/2015\/05\/montmort12-300x225.jpg\" alt=\"Vierge Marie rayonnante tenant l\u2019Enfant\" width=\"300\" height=\"225\" \/><\/span><\/li><\/ul><\/div><div class=\"fusion-text fusion-text-4\"><\/div>\n<\/div><div class=\"fusion-clearfix\"><\/div><\/div><\/div><\/div><\/div>\n","protected":false},"excerpt":{"rendered":"","protected":false},"author":3,"featured_media":330,"comment_status":"open","ping_status":"open","sticky":false,"template":"","format":"standard","meta":{"xn-wppe-expiration":[],"xn-wppe-expiration-action":[],"xn-wppe-expiration-prefix":[],"footnotes":""},"categories":[21,24,14],"tags":[],"_links":{"self":[{"href":"https:\/\/chalons.catholique.fr\/eglises\/wp-json\/wp\/v2\/posts\/352"}],"collection":[{"href":"https:\/\/chalons.catholique.fr\/eglises\/wp-json\/wp\/v2\/posts"}],"about":[{"href":"https:\/\/chalons.catholique.fr\/eglises\/wp-json\/wp\/v2\/types\/post"}],"author":[{"embeddable":true,"href":"https:\/\/chalons.catholique.fr\/eglises\/wp-json\/wp\/v2\/users\/3"}],"replies":[{"embeddable":true,"href":"https:\/\/chalons.catholique.fr\/eglises\/wp-json\/wp\/v2\/comments?post=352"}],"version-history":[{"count":0,"href":"https:\/\/chalons.catholique.fr\/eglises\/wp-json\/wp\/v2\/posts\/352\/revisions"}],"wp:featuredmedia":[{"embeddable":true,"href":"https:\/\/chalons.catholique.fr\/eglises\/wp-json\/wp\/v2\/media\/330"}],"wp:attachment":[{"href":"https:\/\/chalons.catholique.fr\/eglises\/wp-json\/wp\/v2\/media?parent=352"}],"wp:term":[{"taxonomy":"category","embeddable":true,"href":"https:\/\/chalons.catholique.fr\/eglises\/wp-json\/wp\/v2\/categories?post=352"},{"taxonomy":"post_tag","embeddable":true,"href":"https:\/\/chalons.catholique.fr\/eglises\/wp-json\/wp\/v2\/tags?post=352"}],"curies":[{"name":"wp","href":"https:\/\/api.w.org\/{rel}","templated":true}]}}