{"id":313,"date":"2015-05-17T10:31:24","date_gmt":"2015-05-17T09:31:24","guid":{"rendered":"http:\/\/chalons.catholique.fr\/eglises\/?p=313"},"modified":"2017-10-03T14:05:24","modified_gmt":"2017-10-03T13:05:24","slug":"orbais-labbaye-eglise-saint-pierre-saint-paul","status":"publish","type":"post","link":"https:\/\/chalons.catholique.fr\/eglises\/orbais-labbaye-eglise-saint-pierre-saint-paul\/","title":{"rendered":"Orbais l\u2019Abbaye : \u00c9glise Saint Pierre-Saint Paul"},"content":{"rendered":"<div class=\"fusion-fullwidth fullwidth-box fusion-builder-row-1 hundred-percent-fullwidth non-hundred-percent-height-scrolling\" style=\"--awb-border-radius-top-left:0px;--awb-border-radius-top-right:0px;--awb-border-radius-bottom-right:0px;--awb-border-radius-bottom-left:0px;--awb-overflow:visible;--awb-flex-wrap:wrap;\" ><div class=\"fusion-builder-row fusion-row\"><div class=\"fusion-layout-column fusion_builder_column fusion-builder-column-0 fusion_builder_column_1_3 1_3 fusion-one-third fusion-column-first\" style=\"--awb-bg-size:cover;width:30.6666%; margin-right: 4%;\"><div class=\"fusion-column-wrapper fusion-flex-column-wrapper-legacy\"><div class=\"fusion-image-element in-legacy-container\" style=\"--awb-caption-title-font-family:var(--h2_typography-font-family);--awb-caption-title-font-weight:var(--h2_typography-font-weight);--awb-caption-title-font-style:var(--h2_typography-font-style);--awb-caption-title-size:var(--h2_typography-font-size);--awb-caption-title-transform:var(--h2_typography-text-transform);--awb-caption-title-line-height:var(--h2_typography-line-height);--awb-caption-title-letter-spacing:var(--h2_typography-letter-spacing);\"><span class=\" fusion-imageframe imageframe-none imageframe-1 hover-type-none\"><img decoding=\"async\" width=\"419\" height=\"320\" alt=\"L\u2019\u00e9glise\" title=\"orbais1\" src=\"https:\/\/chalons.catholique.fr\/eglises\/wp-content\/uploads\/sites\/4\/2015\/05\/orbais1.jpg\" class=\"img-responsive wp-image-316\"\/><\/span><\/div><div class=\"fusion-text fusion-text-1\"><\/div>\t\t\t\t\t<script type=\"text\/javascript\">\n\t\t\t\t\t\tvar map_fusion_map_69f0d85173f32;\n\t\t\t\t\t\tvar markers = [];\n\t\t\t\t\t\tvar counter = 0;\n\t\t\t\t\t\t\t\t\t\t\t\t\t\t\t\t\t\t\t\tvar fusionMapNonce = '606a8ad366';\n\t\t\t\t\t\t\t\t\t\t\t\tfunction fusion_run_map_fusion_map_69f0d85173f32() {\n\t\t\t\t\t\t\tjQuery('#fusion_map_69f0d85173f32').fusion_maps({\n\t\t\t\t\t\t\t\taddresses: [{\"address\":\"Orbais l'Abbaye, 51\",\"infobox_content\":\"Orbais l'Abbaye, 51\",\"coordinates\":false,\"cache\":false}],\n\t\t\t\t\t\t\t\tanimations: true,\n\t\t\t\t\t\t\t\tinfobox_background_color: '',\n\t\t\t\t\t\t\t\tinfobox_styling: 'default',\n\t\t\t\t\t\t\t\tinfobox_text_color: '',\n\t\t\t\t\t\t\t\tmap_style: 'default',\n\t\t\t\t\t\t\t\tmap_type: 'roadmap',\n\t\t\t\t\t\t\t\tmarker_icon: '',\n\t\t\t\t\t\t\t\toverlay_color: '',\n\t\t\t\t\t\t\t\toverlay_color_hsl: {\"hue\":0,\"sat\":0,\"lum\":100},\n\t\t\t\t\t\t\t\tpan_control: true,\n\t\t\t\t\t\t\t\tshow_address: true,\n\t\t\t\t\t\t\t\tscale_control: true,\n\t\t\t\t\t\t\t\tscrollwheel: true,\n\t\t\t\t\t\t\t\tzoom: 14,\n\t\t\t\t\t\t\t\tzoom_control: true,\n\t\t\t\t\t\t\t});\n\t\t\t\t\t\t}\n\n\t\t\t\t\t\tgoogle.maps.event.addDomListener(window, 'load', fusion_run_map_fusion_map_69f0d85173f32);\n\t\t\t\t\t<\/script>\n\t\t\t\t\t<div class=\"shortcode-map fusion-google-map fusion-maps-js-type\" id=\"fusion_map_69f0d85173f32\"><\/div><div class=\"fusion-clearfix\"><\/div><\/div><\/div><div class=\"fusion-layout-column fusion_builder_column fusion-builder-column-1 fusion_builder_column_2_3 2_3 fusion-two-third fusion-column-last\" style=\"--awb-bg-size:cover;width:65.3333%;\"><div class=\"fusion-column-wrapper fusion-flex-column-wrapper-legacy\"><div class=\"fusion-text fusion-text-2\"><p>L\u2019abbaye b\u00e9n\u00e9dictine d\u2019Orbais fut fond\u00e9e \u00e0 la fin du VII\u00e8me si\u00e8cle par Saint R\u00e9ole archev\u00eaque de Reims. L\u2019\u00e9glise actuelle, construite en pierre meuli\u00e8re a \u00e9t\u00e9 \u00e9difi\u00e9e sur l\u2019emplacement d\u2019une premi\u00e8re \u00e9glise vers 1165 et fut achev\u00e9e en 1235.<\/p>\n<p>Malheureusement, elle a perdu une grande partie de sa nef ainsi que sa fa\u00e7ade. La premi\u00e8re destruction date probablement de la Guerre de 100 ans, puis en 1651 les vo\u00fbtes de la nef s\u2019effondr\u00e8rent. Actuellement, elle se compose d\u2019une nef accompagn\u00e9e de bas-c\u00f4t\u00e9s, d\u2019un transept saillant, d\u2019un collat\u00e9ral et d\u2019une abside entour\u00e9e par un d\u00e9ambulatoire o\u00f9 s\u2019ouvrent cinq chapelles rayonnantes. Chacune d\u2019elles est \u00e9clair\u00e9e par trois fen\u00eatres simples dont les plus anciennes sont encore en plein-cintre.<\/p>\n<p class=\"spip\">La vo\u00fbte de l\u2019abside est divis\u00e9e en huit parties par les ogives. Chaque partie est \u00e9clair\u00e9e par deux baies g\u00e9min\u00e9es couronn\u00e9es d\u2019un oculus. Un triforium entoure tout l\u2019\u00e9difice. Le sol du sanctuaire \u00e9tait jadis couvert d\u2019un rev\u00eatement de pav\u00e9s \u00e9maill\u00e9s dont une partie a pu \u00eatre sauv\u00e9e, elle est actuellement dress\u00e9e contre un mur du croisillon sud.<\/p>\n<p class=\"spip\">\u00e0 remarquer \u00e9galement\u00a0:<\/p>\n<ul class=\"spip\">\n<li class=\"spip\">Un ensemble de stalles sculpt\u00e9es datant de 1520 et 1525.<\/li>\n<li class=\"spip\">Des vitraux anciens (12 et 13\u00e8me s). Il subsiste des fragments dans le bras sud (Crucifixion) et dans la chapelle absidale, group\u00e9es autour de la Crucifixion sont repr\u00e9sent\u00e9es des sc\u00e8nes de l\u2019Ancien Testament.<\/li>\n<li class=\"spip\">Deux dalles fun\u00e9raires grav\u00e9es sont les seuls t\u00e9moins des nombreuses tombes des abb\u00e9s.<\/li>\n<\/ul>\n<\/div><div class=\"fusion-text fusion-text-3\"><div align=\"center\">\n<\/div><div class=\"fusion-slider-sc fusion-flexslider-loading flexslider flexslider-hover-type-none\" data-slideshow_autoplay=\"1\" data-slideshow_smooth_height=\"0\" data-slideshow_speed=\"7000\" style=\"max-width:50%;height:50%;\"><ul class=\"slides\"><li class=\"image\"><span class=\"fusion-image-hover-element hover-type-none\"><img decoding=\"async\" src=\"https:\/\/chalons.catholique.fr\/eglises\/wp-content\/uploads\/sites\/4\/2015\/05\/orbais8.jpg\" alt=\"Dalle fun\u00e9raire\" width=\"419\" height=\"320\" \/><\/span><\/li><li class=\"image\"><span class=\"fusion-image-hover-element hover-type-none\"><img decoding=\"async\" src=\"https:\/\/chalons.catholique.fr\/eglises\/wp-content\/uploads\/sites\/4\/2015\/05\/orbais7.jpg\" alt=\"D\u00e9tail de stalle\" width=\"419\" height=\"320\" \/><\/span><\/li><li class=\"image\"><span class=\"fusion-image-hover-element hover-type-none\"><img decoding=\"async\" src=\"https:\/\/chalons.catholique.fr\/eglises\/wp-content\/uploads\/sites\/4\/2015\/05\/orbais6.jpg\" alt=\"Vitrail bras sud\" width=\"419\" height=\"320\" \/><\/span><\/li><li class=\"image\"><span class=\"fusion-image-hover-element hover-type-none\"><img decoding=\"async\" src=\"https:\/\/chalons.catholique.fr\/eglises\/wp-content\/uploads\/sites\/4\/2015\/05\/orbais5.jpg\" alt=\"Vitrail chapelle absidiale\" width=\"425\" height=\"320\" \/><\/span><\/li><li class=\"image\"><span class=\"fusion-image-hover-element hover-type-none\"><img decoding=\"async\" src=\"https:\/\/chalons.catholique.fr\/eglises\/wp-content\/uploads\/sites\/4\/2015\/05\/orbais4.jpg\" alt=\"Vo\u00fbte de l\u2019abside\" width=\"419\" height=\"320\" \/><\/span><\/li><li class=\"image\"><span class=\"fusion-image-hover-element hover-type-none\"><img decoding=\"async\" src=\"https:\/\/chalons.catholique.fr\/eglises\/wp-content\/uploads\/sites\/4\/2015\/05\/orbais3.jpg\" alt=\"Chapelle absidiale\" width=\"419\" height=\"320\" \/><\/span><\/li><li class=\"image\"><span class=\"fusion-image-hover-element hover-type-none\"><img decoding=\"async\" src=\"https:\/\/chalons.catholique.fr\/eglises\/wp-content\/uploads\/sites\/4\/2015\/05\/orbais2.jpg\" alt=\"Le ch\u0153ur\" width=\"419\" height=\"320\" \/><\/span><\/li><li class=\"image\"><span class=\"fusion-image-hover-element hover-type-none\"><img decoding=\"async\" src=\"https:\/\/chalons.catholique.fr\/eglises\/wp-content\/uploads\/sites\/4\/2015\/05\/orbais1.jpg\" alt=\"L\u2019\u00e9glise\" width=\"419\" height=\"320\" \/><\/span><\/li><li class=\"image\"><span class=\"fusion-image-hover-element hover-type-none\"><img decoding=\"async\" src=\"https:\/\/chalons.catholique.fr\/eglises\/wp-content\/uploads\/sites\/4\/2015\/05\/orbais9.jpg\" alt=\"Pav\u00e9s \u00e9maill\u00e9s\" width=\"419\" height=\"320\" \/><\/span><\/li><\/ul><\/div><div class=\"fusion-text fusion-text-4\"><\/div>\n<\/div><div class=\"fusion-clearfix\"><\/div><\/div><\/div><\/div><\/div>\n","protected":false},"excerpt":{"rendered":"","protected":false},"author":5,"featured_media":316,"comment_status":"open","ping_status":"open","sticky":false,"template":"","format":"standard","meta":{"xn-wppe-expiration":[],"xn-wppe-expiration-action":[],"xn-wppe-expiration-prefix":[],"footnotes":""},"categories":[14],"tags":[],"_links":{"self":[{"href":"https:\/\/chalons.catholique.fr\/eglises\/wp-json\/wp\/v2\/posts\/313"}],"collection":[{"href":"https:\/\/chalons.catholique.fr\/eglises\/wp-json\/wp\/v2\/posts"}],"about":[{"href":"https:\/\/chalons.catholique.fr\/eglises\/wp-json\/wp\/v2\/types\/post"}],"author":[{"embeddable":true,"href":"https:\/\/chalons.catholique.fr\/eglises\/wp-json\/wp\/v2\/users\/5"}],"replies":[{"embeddable":true,"href":"https:\/\/chalons.catholique.fr\/eglises\/wp-json\/wp\/v2\/comments?post=313"}],"version-history":[{"count":0,"href":"https:\/\/chalons.catholique.fr\/eglises\/wp-json\/wp\/v2\/posts\/313\/revisions"}],"wp:featuredmedia":[{"embeddable":true,"href":"https:\/\/chalons.catholique.fr\/eglises\/wp-json\/wp\/v2\/media\/316"}],"wp:attachment":[{"href":"https:\/\/chalons.catholique.fr\/eglises\/wp-json\/wp\/v2\/media?parent=313"}],"wp:term":[{"taxonomy":"category","embeddable":true,"href":"https:\/\/chalons.catholique.fr\/eglises\/wp-json\/wp\/v2\/categories?post=313"},{"taxonomy":"post_tag","embeddable":true,"href":"https:\/\/chalons.catholique.fr\/eglises\/wp-json\/wp\/v2\/tags?post=313"}],"curies":[{"name":"wp","href":"https:\/\/api.w.org\/{rel}","templated":true}]}}