{"id":3099,"date":"2018-03-20T18:25:33","date_gmt":"2018-03-20T17:25:33","guid":{"rendered":"http:\/\/chalons.catholique.fr\/eglises\/?p=3099"},"modified":"2021-09-07T16:06:18","modified_gmt":"2021-09-07T15:06:18","slug":"beine-nauroy-eglise-saint-laurent","status":"publish","type":"post","link":"https:\/\/chalons.catholique.fr\/eglises\/beine-nauroy-eglise-saint-laurent\/","title":{"rendered":"Beine-Nauroy : \u00c9glise Saint Laurent"},"content":{"rendered":"<div class=\"fusion-fullwidth fullwidth-box fusion-builder-row-1 nonhundred-percent-fullwidth non-hundred-percent-height-scrolling\" style=\"--awb-border-radius-top-left:0px;--awb-border-radius-top-right:0px;--awb-border-radius-bottom-right:0px;--awb-border-radius-bottom-left:0px;--awb-flex-wrap:wrap;\" ><div class=\"fusion-builder-row fusion-row\"><div class=\"fusion-layout-column fusion_builder_column fusion-builder-column-0 fusion_builder_column_1_3 1_3 fusion-one-third fusion-column-first\" style=\"--awb-bg-size:cover;width:30.6666%; margin-right: 4%;\"><div class=\"fusion-column-wrapper fusion-flex-column-wrapper-legacy\"><div class=\"fusion-image-element in-legacy-container\" style=\"--awb-caption-title-font-family:var(--h2_typography-font-family);--awb-caption-title-font-weight:var(--h2_typography-font-weight);--awb-caption-title-font-style:var(--h2_typography-font-style);--awb-caption-title-size:var(--h2_typography-font-size);--awb-caption-title-transform:var(--h2_typography-text-transform);--awb-caption-title-line-height:var(--h2_typography-line-height);--awb-caption-title-letter-spacing:var(--h2_typography-letter-spacing);\"><span class=\" fusion-imageframe imageframe-none imageframe-1 hover-type-none\"><img decoding=\"async\" width=\"300\" height=\"169\" title=\"Beine-Nauroy1\" src=\"https:\/\/chalons.catholique.fr\/eglises\/wp-content\/uploads\/sites\/4\/2018\/03\/Beine-Nauroy1-300x169.jpg\" alt class=\"img-responsive wp-image-3097\" srcset=\"https:\/\/chalons.catholique.fr\/eglises\/wp-content\/uploads\/sites\/4\/2018\/03\/Beine-Nauroy1-200x112.jpg 200w, https:\/\/chalons.catholique.fr\/eglises\/wp-content\/uploads\/sites\/4\/2018\/03\/Beine-Nauroy1-400x225.jpg 400w, https:\/\/chalons.catholique.fr\/eglises\/wp-content\/uploads\/sites\/4\/2018\/03\/Beine-Nauroy1.jpg 500w\" sizes=\"(max-width: 800px) 100vw, 400px\" \/><\/span><\/div><div class=\"fusion-sep-clear\"><\/div><div class=\"fusion-separator fusion-full-width-sep\" style=\"margin-left: auto;margin-right: auto;width:100%;\"><\/div><div class=\"fusion-sep-clear\"><\/div><div class=\"fusion-sep-clear\"><\/div><div class=\"fusion-separator fusion-full-width-sep\" style=\"margin-left: auto;margin-right: auto;width:100%;\"><\/div><div class=\"fusion-sep-clear\"><\/div><div class=\"fusion-text fusion-text-1\">\n<\/div><div class=\"fusion-clearfix\"><\/div><\/div><\/div><div class=\"fusion-layout-column fusion_builder_column fusion-builder-column-1 fusion_builder_column_2_3 2_3 fusion-two-third fusion-column-last\" style=\"--awb-bg-size:cover;width:65.3333%;\"><div class=\"fusion-column-wrapper fusion-flex-column-wrapper-legacy\"><div class=\"fusion-text fusion-text-2\"><p>L&rsquo;\u00e9glise paroissiale d\u00e9di\u00e9e \u00e0 Saint Laurent est un \u00e9difice du XIIe si\u00e8cle. Elle f\u00fbt partiellement d\u00e9truite pendant la guerre 14-18. Les Allemands ont fait sauter le clocher le 15 mars 1916 sous pr\u00e9texte qu&rsquo;il servait de point de rep\u00e8re pour l&rsquo;artillerie. Les bombardements fran\u00e7ais achev\u00e8rent la destruction de l&rsquo;\u00e9difice dont il ne rest\u00e2t que quelques murailles et les arcades de la grande nef. L&rsquo;\u00e9glise de Beine est class\u00e9e monument historique le 15 mars 1921 et sa reconstruction \u00e0 l\u2019identique est entreprise par les Beaux-Arts au printemps 1925.<\/p>\n<p>Elle sera dot\u00e9e de nouvelles verri\u00e8res en 1927 : Pour comm\u00e9morer le souvenir de trois aviateurs, h\u00e9ros pendant cette guerre, le comte Jacques Decaze, Fran\u00e7ois Lefebvre et le s\u00e9minariste Delin, une souscription volontaire entre parents, alli\u00e9s et amis de la famille a \u00e9t\u00e9 lanc\u00e9 et a permis de r\u00e9colter suffisamment de fonds pour r\u00e9aliser toutes les verri\u00e8res de la nef.<\/p>\n<p>A ce jour, l\u2019\u00e9glise est mise en valeur par l\u2019association \u00ab Les amis de Nauroy et de l\u2019\u00e9glise de Beine \u00bb<\/p>\n<p>Vous pourrez des informations compl\u00e9mentaires \u00e0 l\u2019adresse suivante : <a href=\"http:\/\/www.lesamisdenauroy.fr\/l-eglise-de-beine.php\">http:\/\/www.lesamisdenauroy.fr\/l-eglise-de-beine.php<\/a><\/p>\n<\/div><div class=\"fusion-text fusion-text-3\"><div align=\"center\">\n<\/div><div class=\"fusion-slider-sc fusion-flexslider-loading flexslider flexslider-hover-type-none\" data-slideshow_autoplay=\"1\" data-slideshow_smooth_height=\"0\" data-slideshow_speed=\"7000\" style=\"max-width:50%;height:50%;\"><ul class=\"slides\"><li class=\"image\"><span class=\"fusion-image-hover-element hover-type-none\"><img decoding=\"async\" src=\"https:\/\/chalons.catholique.fr\/eglises\/wp-content\/uploads\/sites\/4\/2018\/03\/Beine-Nauroy1-300x169.jpg\" width=\"300\" height=\"169\" \/><\/span><\/li><li class=\"image\"><span class=\"fusion-image-hover-element hover-type-none\"><img decoding=\"async\" src=\"https:\/\/chalons.catholique.fr\/eglises\/wp-content\/uploads\/sites\/4\/2018\/03\/Beine-Nauroy2-212x300.jpg\" width=\"212\" height=\"300\" \/><\/span><\/li><\/ul><\/div><div class=\"fusion-text fusion-text-4\"><\/div>\n<\/div><div class=\"fusion-clearfix\"><\/div><\/div><\/div><div class=\"fusion-layout-column fusion_builder_column fusion-builder-column-2 fusion_builder_column_1_3 1_3 fusion-one-third fusion-column-first\" style=\"--awb-bg-size:cover;width:30.6666%; margin-right: 4%;\"><div class=\"fusion-column-wrapper fusion-flex-column-wrapper-legacy\"><div class=\"fusion-clearfix\"><\/div><\/div><\/div><div class=\"fusion-layout-column fusion_builder_column fusion-builder-column-3 fusion_builder_column_2_3 2_3 fusion-two-third fusion-column-last\" style=\"--awb-bg-size:cover;width:65.3333%;\"><div class=\"fusion-column-wrapper fusion-flex-column-wrapper-legacy\"><div class=\"fusion-clearfix\"><\/div><\/div><\/div><\/div><div class=\"fusion-builder-row fusion-row\"><div class=\"fusion-layout-column fusion_builder_column fusion-builder-column-4 fusion_builder_column_1_3 1_3 fusion-one-third fusion-column-first\" style=\"--awb-bg-size:cover;width:30.6666%; margin-right: 4%;\"><div class=\"fusion-column-wrapper fusion-flex-column-wrapper-legacy\"><div class=\"fusion-image-element in-legacy-container\" style=\"--awb-caption-title-font-family:var(--h2_typography-font-family);--awb-caption-title-font-weight:var(--h2_typography-font-weight);--awb-caption-title-font-style:var(--h2_typography-font-style);--awb-caption-title-size:var(--h2_typography-font-size);--awb-caption-title-transform:var(--h2_typography-text-transform);--awb-caption-title-line-height:var(--h2_typography-line-height);--awb-caption-title-letter-spacing:var(--h2_typography-letter-spacing);\"><span class=\" fusion-imageframe imageframe-none imageframe-2 hover-type-none\"><img decoding=\"async\" width=\"300\" height=\"169\" title=\"Beine-Nauroy1\" src=\"https:\/\/chalons.catholique.fr\/eglises\/wp-content\/uploads\/sites\/4\/2018\/03\/Beine-Nauroy1-300x169.jpg\" alt class=\"img-responsive wp-image-3097\" srcset=\"https:\/\/chalons.catholique.fr\/eglises\/wp-content\/uploads\/sites\/4\/2018\/03\/Beine-Nauroy1-200x112.jpg 200w, https:\/\/chalons.catholique.fr\/eglises\/wp-content\/uploads\/sites\/4\/2018\/03\/Beine-Nauroy1-400x225.jpg 400w, https:\/\/chalons.catholique.fr\/eglises\/wp-content\/uploads\/sites\/4\/2018\/03\/Beine-Nauroy1.jpg 500w\" sizes=\"(max-width: 800px) 100vw, 400px\" \/><\/span><\/div><div class=\"fusion-sep-clear\"><\/div><div class=\"fusion-separator fusion-full-width-sep\" style=\"margin-left: auto;margin-right: auto;width:100%;\"><\/div><div class=\"fusion-sep-clear\"><\/div><div class=\"fusion-sep-clear\"><\/div><div class=\"fusion-separator fusion-full-width-sep\" style=\"margin-left: auto;margin-right: auto;width:100%;\"><\/div><div class=\"fusion-sep-clear\"><\/div><div class=\"fusion-text fusion-text-5\"><p>[fusion_builder_container hundred_percent=\u00a0\u00bbyes\u00a0\u00bb overflow=\u00a0\u00bbvisible\u00a0\u00bb]<\/p>\n<\/div><div class=\"fusion-clearfix\"><\/div><\/div><\/div><div class=\"fusion-layout-column fusion_builder_column fusion-builder-column-5 fusion_builder_column_2_3 2_3 fusion-two-third fusion-column-last\" style=\"--awb-bg-size:cover;width:65.3333%;\"><div class=\"fusion-column-wrapper fusion-flex-column-wrapper-legacy\"><div class=\"fusion-text fusion-text-6\"><p>L&rsquo;\u00e9glise paroissiale d\u00e9di\u00e9e \u00e0 Saint Laurent est un \u00e9difice du XIIe si\u00e8cle. Elle f\u00fbt partiellement d\u00e9truite pendant la guerre 14-18. Les Allemands ont fait sauter le clocher le 15 mars 1916 sous pr\u00e9texte qu&rsquo;il servait de point de rep\u00e8re pour l&rsquo;artillerie. Les bombardements fran\u00e7ais achev\u00e8rent la destruction de l&rsquo;\u00e9difice dont il ne rest\u00e2t que quelques murailles et les arcades de la grande nef. L&rsquo;\u00e9glise de Beine est class\u00e9e monument historique le 15 mars 1921 et sa reconstruction \u00e0 l\u2019identique est entreprise par les Beaux-Arts au printemps 1925.<\/p>\n<p>Elle sera dot\u00e9e de nouvelles verri\u00e8res en 1927 : Pour comm\u00e9morer le souvenir de trois aviateurs, h\u00e9ros pendant cette guerre, le comte Jacques Decaze, Fran\u00e7ois Lefebvre et le s\u00e9minariste Delin, une souscription volontaire entre parents, alli\u00e9s et amis de la famille a \u00e9t\u00e9 lanc\u00e9 et a permis de r\u00e9colter suffisamment de fonds pour r\u00e9aliser toutes les verri\u00e8res de la nef.<\/p>\n<p>A ce jour, l\u2019\u00e9glise est mise en valeur par l\u2019association \u00ab Les amis de Nauroy et de l\u2019\u00e9glise de Beine \u00bb<\/p>\n<p>Vous pourrez des informations compl\u00e9mentaires \u00e0 l\u2019adresse suivante : <a href=\"http:\/\/www.lesamisdenauroy.fr\/l-eglise-de-beine.php\">http:\/\/www.lesamisdenauroy.fr\/l-eglise-de-beine.php<\/a><\/p>\n<\/div><div class=\"fusion-text fusion-text-7\"><div align=\"center\">\n<\/div><div class=\"fusion-slider-sc fusion-flexslider-loading flexslider flexslider-hover-type-none\" data-slideshow_autoplay=\"1\" data-slideshow_smooth_height=\"0\" data-slideshow_speed=\"7000\" style=\"max-width:50%;height:50%;\"><ul class=\"slides\"><li class=\"image\"><span class=\"fusion-image-hover-element hover-type-none\"><img decoding=\"async\" src=\"https:\/\/chalons.catholique.fr\/eglises\/wp-content\/uploads\/sites\/4\/2018\/03\/Beine-Nauroy1-300x169.jpg\" width=\"300\" height=\"169\" \/><\/span><\/li><li class=\"image\"><span class=\"fusion-image-hover-element hover-type-none\"><img decoding=\"async\" src=\"https:\/\/chalons.catholique.fr\/eglises\/wp-content\/uploads\/sites\/4\/2018\/03\/Beine-Nauroy2-212x300.jpg\" width=\"212\" height=\"300\" \/><\/span><\/li><\/ul><\/div><div class=\"fusion-text fusion-text-8\"><\/div>\n<\/div><div class=\"fusion-clearfix\"><\/div><\/div><\/div><\/div><\/div>\n","protected":false},"excerpt":{"rendered":"","protected":false},"author":5,"featured_media":3097,"comment_status":"open","ping_status":"open","sticky":false,"template":"","format":"standard","meta":{"xn-wppe-expiration":[],"xn-wppe-expiration-action":[],"xn-wppe-expiration-prefix":[],"footnotes":""},"categories":[24,14],"tags":[],"_links":{"self":[{"href":"https:\/\/chalons.catholique.fr\/eglises\/wp-json\/wp\/v2\/posts\/3099"}],"collection":[{"href":"https:\/\/chalons.catholique.fr\/eglises\/wp-json\/wp\/v2\/posts"}],"about":[{"href":"https:\/\/chalons.catholique.fr\/eglises\/wp-json\/wp\/v2\/types\/post"}],"author":[{"embeddable":true,"href":"https:\/\/chalons.catholique.fr\/eglises\/wp-json\/wp\/v2\/users\/5"}],"replies":[{"embeddable":true,"href":"https:\/\/chalons.catholique.fr\/eglises\/wp-json\/wp\/v2\/comments?post=3099"}],"version-history":[{"count":0,"href":"https:\/\/chalons.catholique.fr\/eglises\/wp-json\/wp\/v2\/posts\/3099\/revisions"}],"wp:featuredmedia":[{"embeddable":true,"href":"https:\/\/chalons.catholique.fr\/eglises\/wp-json\/wp\/v2\/media\/3097"}],"wp:attachment":[{"href":"https:\/\/chalons.catholique.fr\/eglises\/wp-json\/wp\/v2\/media?parent=3099"}],"wp:term":[{"taxonomy":"category","embeddable":true,"href":"https:\/\/chalons.catholique.fr\/eglises\/wp-json\/wp\/v2\/categories?post=3099"},{"taxonomy":"post_tag","embeddable":true,"href":"https:\/\/chalons.catholique.fr\/eglises\/wp-json\/wp\/v2\/tags?post=3099"}],"curies":[{"name":"wp","href":"https:\/\/api.w.org\/{rel}","templated":true}]}}