{"id":2575,"date":"2016-07-11T16:00:09","date_gmt":"2016-07-11T15:00:09","guid":{"rendered":"http:\/\/chalons.catholique.fr\/eglises\/?p=2575"},"modified":"2019-05-04T19:03:16","modified_gmt":"2019-05-04T18:03:16","slug":"marcilly-sur-seine-eglise-saint-ferreol","status":"publish","type":"post","link":"https:\/\/chalons.catholique.fr\/eglises\/marcilly-sur-seine-eglise-saint-ferreol\/","title":{"rendered":"Marcilly sur Seine : \u00c9glise Saint Ferr\u00e9ol"},"content":{"rendered":"<div class=\"fusion-fullwidth fullwidth-box fusion-builder-row-1 hundred-percent-fullwidth non-hundred-percent-height-scrolling\" style=\"--awb-border-radius-top-left:0px;--awb-border-radius-top-right:0px;--awb-border-radius-bottom-right:0px;--awb-border-radius-bottom-left:0px;--awb-overflow:visible;--awb-flex-wrap:wrap;\" ><div class=\"fusion-builder-row fusion-row\"><div class=\"fusion-layout-column fusion_builder_column fusion-builder-column-0 fusion_builder_column_1_3 1_3 fusion-one-third fusion-column-first\" style=\"--awb-bg-size:cover;width:30.6666%; margin-right: 4%;\"><div class=\"fusion-column-wrapper fusion-flex-column-wrapper-legacy\"><div class=\"fusion-image-element in-legacy-container\" style=\"--awb-caption-title-font-family:var(--h2_typography-font-family);--awb-caption-title-font-weight:var(--h2_typography-font-weight);--awb-caption-title-font-style:var(--h2_typography-font-style);--awb-caption-title-size:var(--h2_typography-font-size);--awb-caption-title-transform:var(--h2_typography-text-transform);--awb-caption-title-line-height:var(--h2_typography-line-height);--awb-caption-title-letter-spacing:var(--h2_typography-letter-spacing);\"><span class=\" fusion-imageframe imageframe-none imageframe-1 hover-type-none\"><img decoding=\"async\" width=\"200\" height=\"300\" title=\"marcilly5\" src=\"https:\/\/chalons.catholique.fr\/eglises\/wp-content\/uploads\/sites\/4\/2016\/07\/marcilly5-200x300.jpg\" alt class=\"img-responsive wp-image-2582\" srcset=\"https:\/\/chalons.catholique.fr\/eglises\/wp-content\/uploads\/sites\/4\/2016\/07\/marcilly5-200x300.jpg 200w, https:\/\/chalons.catholique.fr\/eglises\/wp-content\/uploads\/sites\/4\/2016\/07\/marcilly5.jpg 267w\" sizes=\"(max-width: 800px) 100vw, 200px\" \/><\/span><\/div><div class=\"fusion-text fusion-text-1\"><\/div>\t\t\t\t\t<script type=\"text\/javascript\">\n\t\t\t\t\t\tvar map_fusion_map_69f31517a852f;\n\t\t\t\t\t\tvar markers = [];\n\t\t\t\t\t\tvar counter = 0;\n\t\t\t\t\t\t\t\t\t\t\t\t\t\t\t\t\t\t\t\tvar fusionMapNonce = '1e6af28445';\n\t\t\t\t\t\t\t\t\t\t\t\tfunction fusion_run_map_fusion_map_69f31517a852f() {\n\t\t\t\t\t\t\tjQuery('#fusion_map_69f31517a852f').fusion_maps({\n\t\t\t\t\t\t\t\taddresses: [{\"address\":\"rue de l'\\u00e9glise, Marcilly sur Seine\",\"infobox_content\":\"rue de l'\\u00e9glise, Marcilly sur Seine\",\"coordinates\":false,\"cache\":false}],\n\t\t\t\t\t\t\t\tanimations: true,\n\t\t\t\t\t\t\t\tinfobox_background_color: '',\n\t\t\t\t\t\t\t\tinfobox_styling: 'default',\n\t\t\t\t\t\t\t\tinfobox_text_color: '',\n\t\t\t\t\t\t\t\tmap_style: 'default',\n\t\t\t\t\t\t\t\tmap_type: 'roadmap',\n\t\t\t\t\t\t\t\tmarker_icon: '',\n\t\t\t\t\t\t\t\toverlay_color: '',\n\t\t\t\t\t\t\t\toverlay_color_hsl: {\"hue\":0,\"sat\":0,\"lum\":100},\n\t\t\t\t\t\t\t\tpan_control: true,\n\t\t\t\t\t\t\t\tshow_address: true,\n\t\t\t\t\t\t\t\tscale_control: true,\n\t\t\t\t\t\t\t\tscrollwheel: true,\n\t\t\t\t\t\t\t\tzoom: 14,\n\t\t\t\t\t\t\t\tzoom_control: true,\n\t\t\t\t\t\t\t});\n\t\t\t\t\t\t}\n\n\t\t\t\t\t\tgoogle.maps.event.addDomListener(window, 'load', fusion_run_map_fusion_map_69f31517a852f);\n\t\t\t\t\t<\/script>\n\t\t\t\t\t<div class=\"shortcode-map fusion-google-map fusion-maps-js-type\" id=\"fusion_map_69f31517a852f\"><\/div><div class=\"fusion-clearfix\"><\/div><\/div><\/div><div class=\"fusion-layout-column fusion_builder_column fusion-builder-column-1 fusion_builder_column_2_3 2_3 fusion-two-third fusion-column-last\" style=\"--awb-bg-size:cover;width:65.3333%;\"><div class=\"fusion-column-wrapper fusion-flex-column-wrapper-legacy\"><div class=\"fusion-text fusion-text-2\"><p>La construction de cet \u00e9difice remonte au XIII\u00e8me si\u00e8cle, ses fondations semblent dater du VIII\u00e8me ; il para\u00eetrait qu\u2019au cours de la Guerre de Cent Ans (1337-1453), un incendie l\u2019ait ravag\u00e9 entre 1400 et 1450. Il subsiste de cette \u00e9poque l\u2019abside et la crois\u00e9e du transept.<\/p>\n<p>Le style en est fin roman, il donne une plus grande importance aux piliers et \u00e0 l\u2019arc bris\u00e9. Les 2\u00e8me et 3\u00e8me trav\u00e9es ainsi que les bas-c\u00f4t\u00e9s correspondants furent construits au XV\u00e8me si\u00e8cle. Le style est alors ogival, c\u2019est-\u00e0-dire gothique qui repose sur une vo\u00fbte sur nervures ou crois\u00e9e d\u2019ogives .Cet art emploie l\u2019arc bris\u00e9 et des arcs-boutants qui augmentent la stabilit\u00e9.<\/p>\n<p>Les 1\u00e8res trav\u00e9es de chaque nef ainsi que le clocher furent construits au XVI\u00e8me si\u00e8cle en style ogival.<\/p>\n<p>Le clocher n\u2019abrite plus, aujourd\u2019hui, qu\u2019une seule cloche : ANNE EDM\u00c9E. L\u2019autre fut descendue le 12 octobre 1793 en ex\u00e9cution de la loi pour le besoin des arm\u00e9es et la fabrication de canons. En effet, \u00e0 partir du 23 juillet 1793, il n\u2019\u00e9tait plus autoris\u00e9 qu\u2019une cloche par paroisse, toutes les autres furent port\u00e9es aux fonderies.<\/p>\n<p>La fin de la construction semble dater de l\u2019an 1549, date grav\u00e9e au-dessus de la petite porte \u00e0 droite en sortant, porte aujourd\u2019hui mur\u00e9e o\u00f9 se trouvaient les fonts baptismaux . Celle-ci permettait sans doute aux futurs baptis\u00e9s d\u2019y acc\u00e9der sans p\u00e9n\u00e9trer dans l\u2019\u00e9glise. On appelait aussi cette porte basse (donc obligeant \u00e0 courber l\u2019\u00e9chine) porte des \u00abladres\u00bb (non catholiques) ou des l\u00e9preux (malades qui devaient rester \u00e0 l\u2019\u00e9cart).<\/p>\n<\/div><div class=\"fusion-text fusion-text-3\"><div align=\"center\">\n<\/div><div class=\"fusion-slider-sc fusion-flexslider-loading flexslider flexslider-hover-type-none\" data-slideshow_autoplay=\"1\" data-slideshow_smooth_height=\"0\" data-slideshow_speed=\"7000\" style=\"max-width:50%;height:50%;\"><ul class=\"slides\"><li class=\"image\"><span class=\"fusion-image-hover-element hover-type-none\"><img decoding=\"async\" src=\"https:\/\/chalons.catholique.fr\/eglises\/wp-content\/uploads\/sites\/4\/2016\/07\/marcilly4-300x291.jpg\" width=\"300\" height=\"291\" \/><\/span><\/li><li class=\"image\"><span class=\"fusion-image-hover-element hover-type-none\"><img decoding=\"async\" src=\"https:\/\/chalons.catholique.fr\/eglises\/wp-content\/uploads\/sites\/4\/2016\/07\/marcilly3-225x300.jpg\" width=\"225\" height=\"300\" \/><\/span><\/li><li class=\"image\"><span class=\"fusion-image-hover-element hover-type-none\"><img decoding=\"async\" src=\"https:\/\/chalons.catholique.fr\/eglises\/wp-content\/uploads\/sites\/4\/2016\/07\/marcilly2-300x225.jpg\" width=\"300\" height=\"225\" \/><\/span><\/li><li class=\"image\"><span class=\"fusion-image-hover-element hover-type-none\"><img decoding=\"async\" src=\"https:\/\/chalons.catholique.fr\/eglises\/wp-content\/uploads\/sites\/4\/2016\/07\/marcilly1-225x300.jpg\" width=\"225\" height=\"300\" \/><\/span><\/li><li class=\"image\"><span class=\"fusion-image-hover-element hover-type-none\"><img decoding=\"async\" src=\"https:\/\/chalons.catholique.fr\/eglises\/wp-content\/uploads\/sites\/4\/2016\/07\/marcilly6-200x300.jpg\" width=\"200\" height=\"300\" \/><\/span><\/li><li class=\"image\"><span class=\"fusion-image-hover-element hover-type-none\"><img decoding=\"async\" src=\"https:\/\/chalons.catholique.fr\/eglises\/wp-content\/uploads\/sites\/4\/2016\/07\/marcilly5-200x300.jpg\" width=\"200\" height=\"300\" \/><\/span><\/li><\/ul><\/div><div class=\"fusion-text fusion-text-4\"><\/div>\n<\/div><div class=\"fusion-clearfix\"><\/div><\/div><\/div><\/div><\/div>\n","protected":false},"excerpt":{"rendered":"","protected":false},"author":5,"featured_media":2582,"comment_status":"open","ping_status":"open","sticky":false,"template":"","format":"standard","meta":{"xn-wppe-expiration":[],"xn-wppe-expiration-action":[],"xn-wppe-expiration-prefix":[],"footnotes":""},"categories":[22,14],"tags":[],"_links":{"self":[{"href":"https:\/\/chalons.catholique.fr\/eglises\/wp-json\/wp\/v2\/posts\/2575"}],"collection":[{"href":"https:\/\/chalons.catholique.fr\/eglises\/wp-json\/wp\/v2\/posts"}],"about":[{"href":"https:\/\/chalons.catholique.fr\/eglises\/wp-json\/wp\/v2\/types\/post"}],"author":[{"embeddable":true,"href":"https:\/\/chalons.catholique.fr\/eglises\/wp-json\/wp\/v2\/users\/5"}],"replies":[{"embeddable":true,"href":"https:\/\/chalons.catholique.fr\/eglises\/wp-json\/wp\/v2\/comments?post=2575"}],"version-history":[{"count":0,"href":"https:\/\/chalons.catholique.fr\/eglises\/wp-json\/wp\/v2\/posts\/2575\/revisions"}],"wp:featuredmedia":[{"embeddable":true,"href":"https:\/\/chalons.catholique.fr\/eglises\/wp-json\/wp\/v2\/media\/2582"}],"wp:attachment":[{"href":"https:\/\/chalons.catholique.fr\/eglises\/wp-json\/wp\/v2\/media?parent=2575"}],"wp:term":[{"taxonomy":"category","embeddable":true,"href":"https:\/\/chalons.catholique.fr\/eglises\/wp-json\/wp\/v2\/categories?post=2575"},{"taxonomy":"post_tag","embeddable":true,"href":"https:\/\/chalons.catholique.fr\/eglises\/wp-json\/wp\/v2\/tags?post=2575"}],"curies":[{"name":"wp","href":"https:\/\/api.w.org\/{rel}","templated":true}]}}