{"id":2165,"date":"2016-02-20T16:21:22","date_gmt":"2016-02-20T15:21:22","guid":{"rendered":"http:\/\/chalons.catholique.fr\/eglises\/?p=2165"},"modified":"2017-10-03T14:05:16","modified_gmt":"2017-10-03T13:05:16","slug":"dormans-eglise-saint-hippolyte","status":"publish","type":"post","link":"https:\/\/chalons.catholique.fr\/eglises\/dormans-eglise-saint-hippolyte\/","title":{"rendered":"Dormans : \u00c9glise Saint Hippolyte"},"content":{"rendered":"<div class=\"fusion-fullwidth fullwidth-box fusion-builder-row-1 hundred-percent-fullwidth non-hundred-percent-height-scrolling\" style=\"--awb-border-radius-top-left:0px;--awb-border-radius-top-right:0px;--awb-border-radius-bottom-right:0px;--awb-border-radius-bottom-left:0px;--awb-overflow:visible;--awb-flex-wrap:wrap;\" ><div class=\"fusion-builder-row fusion-row\"><div class=\"fusion-layout-column fusion_builder_column fusion-builder-column-0 fusion_builder_column_1_3 1_3 fusion-one-third fusion-column-first\" style=\"--awb-bg-size:cover;width:30.6666%; margin-right: 4%;\"><div class=\"fusion-column-wrapper fusion-flex-column-wrapper-legacy\"><div class=\"fusion-image-element in-legacy-container\" style=\"--awb-caption-title-font-family:var(--h2_typography-font-family);--awb-caption-title-font-weight:var(--h2_typography-font-weight);--awb-caption-title-font-style:var(--h2_typography-font-style);--awb-caption-title-size:var(--h2_typography-font-size);--awb-caption-title-transform:var(--h2_typography-text-transform);--awb-caption-title-line-height:var(--h2_typography-line-height);--awb-caption-title-letter-spacing:var(--h2_typography-letter-spacing);\"><span class=\" fusion-imageframe imageframe-none imageframe-1 hover-type-none\"><img decoding=\"async\" width=\"284\" height=\"221\" title=\"dormans1\" src=\"https:\/\/chalons.catholique.fr\/eglises\/wp-content\/uploads\/sites\/4\/2016\/02\/dormans1.jpg\" alt class=\"img-responsive wp-image-2173\"\/><\/span><\/div><div class=\"fusion-text fusion-text-1\"><\/div>\t\t\t\t\t<script type=\"text\/javascript\">\n\t\t\t\t\t\tvar map_fusion_map_69f086ace2e80;\n\t\t\t\t\t\tvar markers = [];\n\t\t\t\t\t\tvar counter = 0;\n\t\t\t\t\t\t\t\t\t\t\t\t\t\t\t\t\t\t\t\tvar fusionMapNonce = 'd7fa7e449d';\n\t\t\t\t\t\t\t\t\t\t\t\tfunction fusion_run_map_fusion_map_69f086ace2e80() {\n\t\t\t\t\t\t\tjQuery('#fusion_map_69f086ace2e80').fusion_maps({\n\t\t\t\t\t\t\t\taddresses: [{\"address\":\"Place de l'Eglise, Dormans\",\"infobox_content\":\"Place de l'Eglise, Dormans\",\"coordinates\":false,\"cache\":false}],\n\t\t\t\t\t\t\t\tanimations: true,\n\t\t\t\t\t\t\t\tinfobox_background_color: '',\n\t\t\t\t\t\t\t\tinfobox_styling: 'default',\n\t\t\t\t\t\t\t\tinfobox_text_color: '',\n\t\t\t\t\t\t\t\tmap_style: 'default',\n\t\t\t\t\t\t\t\tmap_type: 'roadmap',\n\t\t\t\t\t\t\t\tmarker_icon: '',\n\t\t\t\t\t\t\t\toverlay_color: '',\n\t\t\t\t\t\t\t\toverlay_color_hsl: {\"hue\":0,\"sat\":0,\"lum\":100},\n\t\t\t\t\t\t\t\tpan_control: true,\n\t\t\t\t\t\t\t\tshow_address: true,\n\t\t\t\t\t\t\t\tscale_control: true,\n\t\t\t\t\t\t\t\tscrollwheel: true,\n\t\t\t\t\t\t\t\tzoom: 14,\n\t\t\t\t\t\t\t\tzoom_control: true,\n\t\t\t\t\t\t\t});\n\t\t\t\t\t\t}\n\n\t\t\t\t\t\tgoogle.maps.event.addDomListener(window, 'load', fusion_run_map_fusion_map_69f086ace2e80);\n\t\t\t\t\t<\/script>\n\t\t\t\t\t<div class=\"shortcode-map fusion-google-map fusion-maps-js-type\" id=\"fusion_map_69f086ace2e80\"><\/div><div class=\"fusion-clearfix\"><\/div><\/div><\/div><div class=\"fusion-layout-column fusion_builder_column fusion-builder-column-1 fusion_builder_column_2_3 2_3 fusion-two-third fusion-column-last\" style=\"--awb-bg-size:cover;width:65.3333%;\"><div class=\"fusion-column-wrapper fusion-flex-column-wrapper-legacy\"><div class=\"fusion-text fusion-text-2\"><p>La nef et la tour-porche de l\u2019\u00e9glise Saint Hippolyte \u00e0 DORMANS, de style roman, sont de lignes \u00e9lanc\u00e9es.<\/p>\n<p class=\"spip\">Le transept porte une tour perc\u00e9e de grandes baies, qui est surmont\u00e9e de quatre pignons. Aux angles de la tour font saillies des gargouilles en forme d\u2019animaux. Une tourelle octogonale, accol\u00e9e contre le croisillon Nord du transept, renferme l\u2019escalier acc\u00e9dant \u00e0 la tour.<\/p>\n<p class=\"spip\">Le ch\u0153ur du 13\u00e8me si\u00e8cle est \u00e9clair\u00e9 par une grande fen\u00eatre de style rayonnant que surmontent trois rosaces. Si la nef est d\u2019origine romane, les bas-c\u00f4t\u00e9s ont \u00e9t\u00e9 reconstruits et \u00e9largis au 16\u00e8me si\u00e8cle.<\/p>\n<p class=\"spip\">Dans une des chapelles, aupr\u00e8s de l\u2019autel de la Sainte Vierge, se trouve plac\u00e9e dans une cr\u00e9dence, une statue de l\u2019Enfant J\u00e9sus de Prague. On peut \u00e9galement y remarquer, bien que les vitraux ne soient pas anciens, un vitrail repr\u00e9sentant Notre Dame de l\u2019\u00c9pine.<\/p>\n<p class=\"spip\">\u00e0 voir \u00e9galement\u00a0:<\/p>\n<ul class=\"spip\">\n<li class=\"spip\">une pierre tombale ayant recouvert la s\u00e9pulture de Bernard de DORMANS, mort le 13.09.1381, ann\u00e9e de ses noces avec Jeanne de CRAON,<\/li>\n<li class=\"spip\">les fonts baptismaux en pierre surmont\u00e9s d\u2019un d\u00f4me en cuivre,<\/li>\n<li class=\"spip\">l\u2019orgue r\u00e9cent datant de 1882 qui a remplac\u00e9 l\u2019orgue du 17\u00e8me si\u00e8cle. \u00e0 DORMANS,<\/li>\n<li class=\"spip\">dans le haut du parc du ch\u00e2teau, la Chapelle de la Reconnaissance destin\u00e9e \u00e0 comm\u00e9morer les deux batailles de la Marne.<\/li>\n<\/ul>\n<\/div><div class=\"fusion-text fusion-text-3\"><div align=\"center\">\n<\/div><div class=\"fusion-slider-sc fusion-flexslider-loading flexslider flexslider-hover-type-none\" data-slideshow_autoplay=\"1\" data-slideshow_smooth_height=\"0\" data-slideshow_speed=\"7000\" style=\"max-width:75%;height:75%;\"><ul class=\"slides\"><li class=\"image\"><span class=\"fusion-image-hover-element hover-type-none\"><img decoding=\"async\" src=\"https:\/\/chalons.catholique.fr\/eglises\/wp-content\/uploads\/sites\/4\/2016\/02\/dormans7.jpg\" width=\"419\" height=\"320\" \/><\/span><\/li><li class=\"image\"><span class=\"fusion-image-hover-element hover-type-none\"><img decoding=\"async\" src=\"https:\/\/chalons.catholique.fr\/eglises\/wp-content\/uploads\/sites\/4\/2016\/02\/dormans6.jpg\" width=\"261\" height=\"320\" \/><\/span><\/li><li class=\"image\"><span class=\"fusion-image-hover-element hover-type-none\"><img decoding=\"async\" src=\"https:\/\/chalons.catholique.fr\/eglises\/wp-content\/uploads\/sites\/4\/2016\/02\/dormans1.jpg\" width=\"284\" height=\"221\" \/><\/span><\/li><li class=\"image\"><span class=\"fusion-image-hover-element hover-type-none\"><img decoding=\"async\" src=\"https:\/\/chalons.catholique.fr\/eglises\/wp-content\/uploads\/sites\/4\/2016\/02\/dormans5.jpg\" width=\"419\" height=\"320\" \/><\/span><\/li><li class=\"image\"><span class=\"fusion-image-hover-element hover-type-none\"><img decoding=\"async\" src=\"https:\/\/chalons.catholique.fr\/eglises\/wp-content\/uploads\/sites\/4\/2016\/02\/dormans4.jpg\" width=\"419\" height=\"320\" \/><\/span><\/li><li class=\"image\"><span class=\"fusion-image-hover-element hover-type-none\"><img decoding=\"async\" src=\"https:\/\/chalons.catholique.fr\/eglises\/wp-content\/uploads\/sites\/4\/2016\/02\/dormans3.jpg\" width=\"419\" height=\"320\" \/><\/span><\/li><li class=\"image\"><span class=\"fusion-image-hover-element hover-type-none\"><img decoding=\"async\" src=\"https:\/\/chalons.catholique.fr\/eglises\/wp-content\/uploads\/sites\/4\/2016\/02\/dormans2.jpg\" width=\"416\" height=\"320\" \/><\/span><\/li><li class=\"image\"><span class=\"fusion-image-hover-element hover-type-none\"><img decoding=\"async\" src=\"https:\/\/chalons.catholique.fr\/eglises\/wp-content\/uploads\/sites\/4\/2016\/02\/dormans8.jpg\" width=\"406\" height=\"320\" \/><\/span><\/li><\/ul><\/div><div class=\"fusion-text fusion-text-4\"><\/div>\n<\/div><div class=\"fusion-clearfix\"><\/div><\/div><\/div><\/div><\/div>\n","protected":false},"excerpt":{"rendered":"","protected":false},"author":5,"featured_media":2173,"comment_status":"open","ping_status":"open","sticky":false,"template":"","format":"standard","meta":{"xn-wppe-expiration":[],"xn-wppe-expiration-action":[],"xn-wppe-expiration-prefix":[],"footnotes":""},"categories":[24,14],"tags":[],"_links":{"self":[{"href":"https:\/\/chalons.catholique.fr\/eglises\/wp-json\/wp\/v2\/posts\/2165"}],"collection":[{"href":"https:\/\/chalons.catholique.fr\/eglises\/wp-json\/wp\/v2\/posts"}],"about":[{"href":"https:\/\/chalons.catholique.fr\/eglises\/wp-json\/wp\/v2\/types\/post"}],"author":[{"embeddable":true,"href":"https:\/\/chalons.catholique.fr\/eglises\/wp-json\/wp\/v2\/users\/5"}],"replies":[{"embeddable":true,"href":"https:\/\/chalons.catholique.fr\/eglises\/wp-json\/wp\/v2\/comments?post=2165"}],"version-history":[{"count":0,"href":"https:\/\/chalons.catholique.fr\/eglises\/wp-json\/wp\/v2\/posts\/2165\/revisions"}],"wp:featuredmedia":[{"embeddable":true,"href":"https:\/\/chalons.catholique.fr\/eglises\/wp-json\/wp\/v2\/media\/2173"}],"wp:attachment":[{"href":"https:\/\/chalons.catholique.fr\/eglises\/wp-json\/wp\/v2\/media?parent=2165"}],"wp:term":[{"taxonomy":"category","embeddable":true,"href":"https:\/\/chalons.catholique.fr\/eglises\/wp-json\/wp\/v2\/categories?post=2165"},{"taxonomy":"post_tag","embeddable":true,"href":"https:\/\/chalons.catholique.fr\/eglises\/wp-json\/wp\/v2\/tags?post=2165"}],"curies":[{"name":"wp","href":"https:\/\/api.w.org\/{rel}","templated":true}]}}