{"id":212,"date":"2015-05-15T17:03:34","date_gmt":"2015-05-15T16:03:34","guid":{"rendered":"http:\/\/chalons.catholique.fr\/eglises\/?p=212"},"modified":"2017-10-03T14:05:25","modified_gmt":"2017-10-03T13:05:25","slug":"saint-just-sauvage-eglise-saint-just","status":"publish","type":"post","link":"https:\/\/chalons.catholique.fr\/eglises\/saint-just-sauvage-eglise-saint-just\/","title":{"rendered":"Saint Just Sauvage : \u00c9glise Saint Just"},"content":{"rendered":"<div class=\"fusion-fullwidth fullwidth-box fusion-builder-row-1 hundred-percent-fullwidth non-hundred-percent-height-scrolling\" style=\"--awb-border-radius-top-left:0px;--awb-border-radius-top-right:0px;--awb-border-radius-bottom-right:0px;--awb-border-radius-bottom-left:0px;--awb-overflow:visible;--awb-flex-wrap:wrap;\" ><div class=\"fusion-builder-row fusion-row\"><div class=\"fusion-layout-column fusion_builder_column fusion-builder-column-0 fusion_builder_column_1_3 1_3 fusion-one-third fusion-column-first\" style=\"--awb-bg-size:cover;width:30.6666%; margin-right: 4%;\"><div class=\"fusion-column-wrapper fusion-flex-column-wrapper-legacy\"><div class=\"fusion-image-element in-legacy-container\" style=\"--awb-caption-title-font-family:var(--h2_typography-font-family);--awb-caption-title-font-weight:var(--h2_typography-font-weight);--awb-caption-title-font-style:var(--h2_typography-font-style);--awb-caption-title-size:var(--h2_typography-font-size);--awb-caption-title-transform:var(--h2_typography-text-transform);--awb-caption-title-line-height:var(--h2_typography-line-height);--awb-caption-title-letter-spacing:var(--h2_typography-letter-spacing);\"><span class=\" fusion-imageframe imageframe-none imageframe-1 hover-type-none\"><img decoding=\"async\" width=\"533\" height=\"400\" alt=\"Vue ext\u00e9rieure\" title=\"Saint_just_sauvage 1\" src=\"https:\/\/chalons.catholique.fr\/eglises\/wp-content\/uploads\/sites\/4\/2015\/05\/Saint_just_sauvage-1.jpg\" class=\"img-responsive wp-image-215\"\/><\/span><\/div><div class=\"fusion-text fusion-text-1\"><\/div>\t\t\t\t\t<script type=\"text\/javascript\">\n\t\t\t\t\t\tvar map_fusion_map_69f0239b8eb3f;\n\t\t\t\t\t\tvar markers = [];\n\t\t\t\t\t\tvar counter = 0;\n\t\t\t\t\t\t\t\t\t\t\t\t\t\t\t\t\t\t\t\tvar fusionMapNonce = 'd7fa7e449d';\n\t\t\t\t\t\t\t\t\t\t\t\tfunction fusion_run_map_fusion_map_69f0239b8eb3f() {\n\t\t\t\t\t\t\tjQuery('#fusion_map_69f0239b8eb3f').fusion_maps({\n\t\t\t\t\t\t\t\taddresses: [{\"address\":\"Rue Jean Bouin, Saint Just-Sauvage\",\"infobox_content\":\"Rue Jean Bouin, Saint Just-Sauvage\",\"coordinates\":false,\"cache\":true,\"latitude\":\"48.5550783\",\"longitude\":\"3.7838827000000492\"}],\n\t\t\t\t\t\t\t\tanimations: true,\n\t\t\t\t\t\t\t\tinfobox_background_color: '',\n\t\t\t\t\t\t\t\tinfobox_styling: 'default',\n\t\t\t\t\t\t\t\tinfobox_text_color: '',\n\t\t\t\t\t\t\t\tmap_style: 'default',\n\t\t\t\t\t\t\t\tmap_type: 'roadmap',\n\t\t\t\t\t\t\t\tmarker_icon: '',\n\t\t\t\t\t\t\t\toverlay_color: '',\n\t\t\t\t\t\t\t\toverlay_color_hsl: {\"hue\":0,\"sat\":0,\"lum\":100},\n\t\t\t\t\t\t\t\tpan_control: true,\n\t\t\t\t\t\t\t\tshow_address: true,\n\t\t\t\t\t\t\t\tscale_control: true,\n\t\t\t\t\t\t\t\tscrollwheel: true,\n\t\t\t\t\t\t\t\tzoom: 14,\n\t\t\t\t\t\t\t\tzoom_control: true,\n\t\t\t\t\t\t\t});\n\t\t\t\t\t\t}\n\n\t\t\t\t\t\tgoogle.maps.event.addDomListener(window, 'load', fusion_run_map_fusion_map_69f0239b8eb3f);\n\t\t\t\t\t<\/script>\n\t\t\t\t\t<div class=\"shortcode-map fusion-google-map fusion-maps-js-type\" id=\"fusion_map_69f0239b8eb3f\"><\/div><div class=\"fusion-clearfix\"><\/div><\/div><\/div><div class=\"fusion-layout-column fusion_builder_column fusion-builder-column-1 fusion_builder_column_2_3 2_3 fusion-two-third fusion-column-last\" style=\"--awb-bg-size:cover;width:65.3333%;\"><div class=\"fusion-column-wrapper fusion-flex-column-wrapper-legacy\"><div class=\"fusion-text fusion-text-2\"><p>L\u2019\u00e9glise de Saint Just Sauvage a \u00e9t\u00e9 reconstruite en 1744 sur les ruines d\u2019une \u00e9glise romane du 12\u00e8me si\u00e8cle dont il reste encore quelques vestiges. Le portail sculpt\u00e9 du 12\u00e8me si\u00e8cle est construit en pierre calcaire. D\u00e8s l\u2019entr\u00e9e, on remarque l\u2019importance des deux piliers qui bordent la nef, ils sont en pierre et mesurent 6,20m de circonf\u00e9rence. La cl\u00e9 de vo\u00fbte est orn\u00e9e du blason de Jean de Salazar qui \u00e9tait le seigneur des lieux.<\/p>\n<p>Le ma\u00eetre-autel est tout en marbre, il supporte le tabernacle en bois sculpt\u00e9 et peint. A droite du ch\u0153ur, se trouve une niche qu\u2019on appelle la piscine. Les boiseries et les stalles viennent de l\u2019abbaye de Macheret (les si\u00e8ges appel\u00e9s \u00ab\u00a0mis\u00e9ricordes\u00a0\u00bb permettaient aux moines de rester debout avec moins de fatigue). Le carrelage de la chapelle du bas-c\u00f4t\u00e9 nord est en terre cuite verniss\u00e9e et date du 15\u00e8me si\u00e8cle.<\/p>\n<p>A remarquer\u00a0: un Christ aux liens et une statue de la Vierge datant du 16\u00e8me si\u00e8cle provenant de l\u2019\u00e9cole des Beaux Arts de Troyes et une statue repr\u00e9sentant Saint S\u00e9bastien qui a \u00e9t\u00e9 d\u00e9couverte en 1985 dans les gravats de la tour de l\u2019escalier qui m\u00e8ne aux combles de l\u2019\u00e9glise. Cette statue en pierre \u00e9tait bris\u00e9e en dix-huit morceaux.<\/p>\n<\/div><div class=\"fusion-text fusion-text-3\"><div align=\"center\">\n<\/div><div class=\"fusion-slider-sc fusion-flexslider-loading flexslider flexslider-hover-type-none\" data-slideshow_autoplay=\"1\" data-slideshow_smooth_height=\"0\" data-slideshow_speed=\"7000\" style=\"max-width:50%;height:50%;\"><ul class=\"slides\"><li class=\"image\"><span class=\"fusion-image-hover-element hover-type-none\"><img decoding=\"async\" src=\"https:\/\/chalons.catholique.fr\/eglises\/wp-content\/uploads\/sites\/4\/2015\/05\/Saint_just_sauvage-10.jpg\" alt=\"Saint S\u00e9bastien\" width=\"533\" height=\"400\" \/><\/span><\/li><li class=\"image\"><span class=\"fusion-image-hover-element hover-type-none\"><img decoding=\"async\" src=\"https:\/\/chalons.catholique.fr\/eglises\/wp-content\/uploads\/sites\/4\/2015\/05\/Saint_just_sauvage-9.jpg\" alt=\"Pilier\" width=\"533\" height=\"400\" \/><\/span><\/li><li class=\"image\"><span class=\"fusion-image-hover-element hover-type-none\"><img decoding=\"async\" src=\"https:\/\/chalons.catholique.fr\/eglises\/wp-content\/uploads\/sites\/4\/2015\/05\/Saint_just_sauvage-8.jpg\" alt=\"Carreaux verniss\u00e9s\" width=\"533\" height=\"400\" \/><\/span><\/li><li class=\"image\"><span class=\"fusion-image-hover-element hover-type-none\"><img decoding=\"async\" src=\"https:\/\/chalons.catholique.fr\/eglises\/wp-content\/uploads\/sites\/4\/2015\/05\/Saint_just_sauvage-7.jpg\" alt=\"Vierge \u00e0 l\u2019Enfant\" width=\"526\" height=\"400\" \/><\/span><\/li><li class=\"image\"><span class=\"fusion-image-hover-element hover-type-none\"><img decoding=\"async\" src=\"https:\/\/chalons.catholique.fr\/eglises\/wp-content\/uploads\/sites\/4\/2015\/05\/Saint_just_sauvage-6.jpg\" alt=\"La piscine\" width=\"533\" height=\"400\" \/><\/span><\/li><li class=\"image\"><span class=\"fusion-image-hover-element hover-type-none\"><img decoding=\"async\" src=\"https:\/\/chalons.catholique.fr\/eglises\/wp-content\/uploads\/sites\/4\/2015\/05\/Saint_just_sauvage-5.jpg\" alt=\"Le tabernacle\" width=\"533\" height=\"400\" \/><\/span><\/li><li class=\"image\"><span class=\"fusion-image-hover-element hover-type-none\"><img decoding=\"async\" src=\"https:\/\/chalons.catholique.fr\/eglises\/wp-content\/uploads\/sites\/4\/2015\/05\/Saint_just_sauvage-4.jpg\" alt=\"L\u2019autel\" width=\"522\" height=\"400\" \/><\/span><\/li><li class=\"image\"><span class=\"fusion-image-hover-element hover-type-none\"><img decoding=\"async\" src=\"https:\/\/chalons.catholique.fr\/eglises\/wp-content\/uploads\/sites\/4\/2015\/05\/Saint_just_sauvage-3.jpg\" alt=\"Christ aux liens\" width=\"533\" height=\"400\" \/><\/span><\/li><li class=\"image\"><span class=\"fusion-image-hover-element hover-type-none\"><img decoding=\"async\" src=\"https:\/\/chalons.catholique.fr\/eglises\/wp-content\/uploads\/sites\/4\/2015\/05\/Saint_just_sauvage-2.jpg\" alt=\"La nef\" width=\"533\" height=\"400\" \/><\/span><\/li><li class=\"image\"><span class=\"fusion-image-hover-element hover-type-none\"><img decoding=\"async\" src=\"https:\/\/chalons.catholique.fr\/eglises\/wp-content\/uploads\/sites\/4\/2015\/05\/Saint_just_sauvage-1.jpg\" alt=\"Vue ext\u00e9rieure\" width=\"533\" height=\"400\" \/><\/span><\/li><li class=\"image\"><span class=\"fusion-image-hover-element hover-type-none\"><img decoding=\"async\" src=\"https:\/\/chalons.catholique.fr\/eglises\/wp-content\/uploads\/sites\/4\/2015\/05\/Saint_just_sauvage-11.jpg\" alt=\"Stalles\" width=\"533\" height=\"400\" \/><\/span><\/li><\/ul><\/div><div class=\"fusion-text fusion-text-4\"><\/div>\n<\/div><div class=\"fusion-clearfix\"><\/div><\/div><\/div><\/div><\/div>\n","protected":false},"excerpt":{"rendered":"","protected":false},"author":5,"featured_media":215,"comment_status":"open","ping_status":"open","sticky":false,"template":"","format":"standard","meta":{"xn-wppe-expiration":[],"xn-wppe-expiration-action":[],"xn-wppe-expiration-prefix":[],"footnotes":""},"categories":[14],"tags":[],"_links":{"self":[{"href":"https:\/\/chalons.catholique.fr\/eglises\/wp-json\/wp\/v2\/posts\/212"}],"collection":[{"href":"https:\/\/chalons.catholique.fr\/eglises\/wp-json\/wp\/v2\/posts"}],"about":[{"href":"https:\/\/chalons.catholique.fr\/eglises\/wp-json\/wp\/v2\/types\/post"}],"author":[{"embeddable":true,"href":"https:\/\/chalons.catholique.fr\/eglises\/wp-json\/wp\/v2\/users\/5"}],"replies":[{"embeddable":true,"href":"https:\/\/chalons.catholique.fr\/eglises\/wp-json\/wp\/v2\/comments?post=212"}],"version-history":[{"count":0,"href":"https:\/\/chalons.catholique.fr\/eglises\/wp-json\/wp\/v2\/posts\/212\/revisions"}],"wp:featuredmedia":[{"embeddable":true,"href":"https:\/\/chalons.catholique.fr\/eglises\/wp-json\/wp\/v2\/media\/215"}],"wp:attachment":[{"href":"https:\/\/chalons.catholique.fr\/eglises\/wp-json\/wp\/v2\/media?parent=212"}],"wp:term":[{"taxonomy":"category","embeddable":true,"href":"https:\/\/chalons.catholique.fr\/eglises\/wp-json\/wp\/v2\/categories?post=212"},{"taxonomy":"post_tag","embeddable":true,"href":"https:\/\/chalons.catholique.fr\/eglises\/wp-json\/wp\/v2\/tags?post=212"}],"curies":[{"name":"wp","href":"https:\/\/api.w.org\/{rel}","templated":true}]}}