{"id":1747,"date":"2016-01-04T18:24:37","date_gmt":"2016-01-04T17:24:37","guid":{"rendered":"http:\/\/chalons.catholique.fr\/eglises\/?p=1747"},"modified":"2017-10-03T14:05:17","modified_gmt":"2017-10-03T13:05:17","slug":"somme-suippe-eglise-saint-pierre","status":"publish","type":"post","link":"https:\/\/chalons.catholique.fr\/eglises\/somme-suippe-eglise-saint-pierre\/","title":{"rendered":"Somme-Suippe : \u00c9glise Saint-Pierre"},"content":{"rendered":"<div class=\"fusion-fullwidth fullwidth-box fusion-builder-row-1 hundred-percent-fullwidth non-hundred-percent-height-scrolling\" style=\"--awb-border-radius-top-left:0px;--awb-border-radius-top-right:0px;--awb-border-radius-bottom-right:0px;--awb-border-radius-bottom-left:0px;--awb-overflow:visible;--awb-flex-wrap:wrap;\" ><div class=\"fusion-builder-row fusion-row\"><div class=\"fusion-layout-column fusion_builder_column fusion-builder-column-0 fusion_builder_column_1_3 1_3 fusion-one-third fusion-column-first\" style=\"--awb-bg-size:cover;width:30.6666%; margin-right: 4%;\"><div class=\"fusion-column-wrapper fusion-flex-column-wrapper-legacy\"><div class=\"fusion-image-element in-legacy-container\" style=\"--awb-caption-title-font-family:var(--h2_typography-font-family);--awb-caption-title-font-weight:var(--h2_typography-font-weight);--awb-caption-title-font-style:var(--h2_typography-font-style);--awb-caption-title-size:var(--h2_typography-font-size);--awb-caption-title-transform:var(--h2_typography-text-transform);--awb-caption-title-line-height:var(--h2_typography-line-height);--awb-caption-title-letter-spacing:var(--h2_typography-letter-spacing);\"><span class=\" fusion-imageframe imageframe-none imageframe-1 hover-type-none\"><img decoding=\"async\" width=\"533\" height=\"400\" title=\"somme_suippe1\" src=\"https:\/\/chalons.catholique.fr\/eglises\/wp-content\/uploads\/sites\/4\/2016\/01\/somme_suippe1.jpg\" alt class=\"img-responsive wp-image-1749\"\/><\/span><\/div><div class=\"fusion-text fusion-text-1\"><\/div>\t\t\t\t\t<script type=\"text\/javascript\">\n\t\t\t\t\t\tvar map_fusion_map_69edddeeb74a8;\n\t\t\t\t\t\tvar markers = [];\n\t\t\t\t\t\tvar counter = 0;\n\t\t\t\t\t\t\t\t\t\t\t\t\t\t\t\t\t\t\t\tvar fusionMapNonce = '149111b666';\n\t\t\t\t\t\t\t\t\t\t\t\tfunction fusion_run_map_fusion_map_69edddeeb74a8() {\n\t\t\t\t\t\t\tjQuery('#fusion_map_69edddeeb74a8').fusion_maps({\n\t\t\t\t\t\t\t\taddresses: [{\"address\":\"rue Basse, Somme-Suippe\",\"infobox_content\":\"rue Basse, Somme-Suippe\",\"coordinates\":false,\"cache\":true,\"latitude\":\"49.1164812\",\"longitude\":\"4.577552800000035\"}],\n\t\t\t\t\t\t\t\tanimations: true,\n\t\t\t\t\t\t\t\tinfobox_background_color: '',\n\t\t\t\t\t\t\t\tinfobox_styling: 'default',\n\t\t\t\t\t\t\t\tinfobox_text_color: '',\n\t\t\t\t\t\t\t\tmap_style: 'default',\n\t\t\t\t\t\t\t\tmap_type: 'roadmap',\n\t\t\t\t\t\t\t\tmarker_icon: '',\n\t\t\t\t\t\t\t\toverlay_color: '',\n\t\t\t\t\t\t\t\toverlay_color_hsl: {\"hue\":0,\"sat\":0,\"lum\":100},\n\t\t\t\t\t\t\t\tpan_control: true,\n\t\t\t\t\t\t\t\tshow_address: true,\n\t\t\t\t\t\t\t\tscale_control: true,\n\t\t\t\t\t\t\t\tscrollwheel: true,\n\t\t\t\t\t\t\t\tzoom: 14,\n\t\t\t\t\t\t\t\tzoom_control: true,\n\t\t\t\t\t\t\t});\n\t\t\t\t\t\t}\n\n\t\t\t\t\t\tgoogle.maps.event.addDomListener(window, 'load', fusion_run_map_fusion_map_69edddeeb74a8);\n\t\t\t\t\t<\/script>\n\t\t\t\t\t<div class=\"shortcode-map fusion-google-map fusion-maps-js-type\" id=\"fusion_map_69edddeeb74a8\"><\/div><div class=\"fusion-clearfix\"><\/div><\/div><\/div><div class=\"fusion-layout-column fusion_builder_column fusion-builder-column-1 fusion_builder_column_2_3 2_3 fusion-two-third fusion-column-last\" style=\"--awb-bg-size:cover;width:65.3333%;\"><div class=\"fusion-column-wrapper fusion-flex-column-wrapper-legacy\"><div class=\"fusion-text fusion-text-2\"><p>L\u2019\u00e9glise Saint-Pierre de Somme-Suippe est construite pour l\u2019essentiel en carreaux de craie. Le calcaire beige plus r\u00e9sistant est employ\u00e9 en compl\u00e9ment. Les \u00e9l\u00e9ments qui la composent r\u00e9sultent de multiples stades de reconstruction.<\/p>\n<p class=\"spip\">L\u2019abside polygonale, vo\u00fbt\u00e9e d\u2019ogives date du 13\u00e8me si\u00e8cle. Le reste de l\u2019\u00e9glise fut reconstruit au 16\u00e8me si\u00e8cle. Le transept double et la tour sont de style flamboyant. Dans la nef et les bas-c\u00f4t\u00e9s se m\u00ealent le Flamboyant et la Renaissance. Les fen\u00eatres ont des r\u00e9seaux tous diff\u00e9rents les uns des autres.<\/p>\n<p class=\"spip\">Il faut noter\u00a0:<br \/>\n&#8211; \u00e0 l\u2019int\u00e9rieur la pr\u00e9sence d\u2019une statue de Sainte-Agathe (17\u00e8me si\u00e8cle) et d\u2019une poutre de gloire du 18\u00e8me si\u00e8cle.<br \/>\n&#8211; \u00e0 l\u2019ext\u00e9rieur une croix de cimeti\u00e8re en pierre du 18\u00e8me si\u00e8cle avec les instruments de la Passion.<\/p>\n<\/div><div class=\"fusion-text fusion-text-3\"><div align=\"center\">\n<\/div><div class=\"fusion-slider-sc fusion-flexslider-loading flexslider flexslider-hover-type-none\" data-slideshow_autoplay=\"1\" data-slideshow_smooth_height=\"0\" data-slideshow_speed=\"7000\" style=\"max-width:75%;height:75%;\"><ul class=\"slides\"><li class=\"image\"><span class=\"fusion-image-hover-element hover-type-none\"><img decoding=\"async\" src=\"https:\/\/chalons.catholique.fr\/eglises\/wp-content\/uploads\/sites\/4\/2016\/01\/somme_suippe7.jpg\" width=\"533\" height=\"400\" \/><\/span><\/li><li class=\"image\"><span class=\"fusion-image-hover-element hover-type-none\"><img decoding=\"async\" src=\"https:\/\/chalons.catholique.fr\/eglises\/wp-content\/uploads\/sites\/4\/2016\/01\/somme_suippe1.jpg\" width=\"533\" height=\"400\" \/><\/span><\/li><li class=\"image\"><span class=\"fusion-image-hover-element hover-type-none\"><img decoding=\"async\" src=\"https:\/\/chalons.catholique.fr\/eglises\/wp-content\/uploads\/sites\/4\/2016\/01\/somme_suippe2.jpg\" width=\"533\" height=\"400\" \/><\/span><\/li><li class=\"image\"><span class=\"fusion-image-hover-element hover-type-none\"><img decoding=\"async\" src=\"https:\/\/chalons.catholique.fr\/eglises\/wp-content\/uploads\/sites\/4\/2016\/01\/somme_suippe3.jpg\" width=\"533\" height=\"400\" \/><\/span><\/li><li class=\"image\"><span class=\"fusion-image-hover-element hover-type-none\"><img decoding=\"async\" src=\"https:\/\/chalons.catholique.fr\/eglises\/wp-content\/uploads\/sites\/4\/2016\/01\/somme_suippe4.jpg\" width=\"533\" height=\"400\" \/><\/span><\/li><li class=\"image\"><span class=\"fusion-image-hover-element hover-type-none\"><img decoding=\"async\" src=\"https:\/\/chalons.catholique.fr\/eglises\/wp-content\/uploads\/sites\/4\/2016\/01\/somme_suippe5.jpg\" width=\"533\" height=\"400\" \/><\/span><\/li><li class=\"image\"><span class=\"fusion-image-hover-element hover-type-none\"><img decoding=\"async\" src=\"https:\/\/chalons.catholique.fr\/eglises\/wp-content\/uploads\/sites\/4\/2016\/01\/somme_suippe6.jpg\" width=\"533\" height=\"400\" \/><\/span><\/li><\/ul><\/div><div class=\"fusion-text fusion-text-4\"><\/div>\n<\/div><div class=\"fusion-clearfix\"><\/div><\/div><\/div><\/div><\/div>\n","protected":false},"excerpt":{"rendered":"","protected":false},"author":5,"featured_media":1749,"comment_status":"open","ping_status":"open","sticky":false,"template":"","format":"standard","meta":{"xn-wppe-expiration":[],"xn-wppe-expiration-action":[],"xn-wppe-expiration-prefix":[],"footnotes":""},"categories":[14],"tags":[],"_links":{"self":[{"href":"https:\/\/chalons.catholique.fr\/eglises\/wp-json\/wp\/v2\/posts\/1747"}],"collection":[{"href":"https:\/\/chalons.catholique.fr\/eglises\/wp-json\/wp\/v2\/posts"}],"about":[{"href":"https:\/\/chalons.catholique.fr\/eglises\/wp-json\/wp\/v2\/types\/post"}],"author":[{"embeddable":true,"href":"https:\/\/chalons.catholique.fr\/eglises\/wp-json\/wp\/v2\/users\/5"}],"replies":[{"embeddable":true,"href":"https:\/\/chalons.catholique.fr\/eglises\/wp-json\/wp\/v2\/comments?post=1747"}],"version-history":[{"count":0,"href":"https:\/\/chalons.catholique.fr\/eglises\/wp-json\/wp\/v2\/posts\/1747\/revisions"}],"wp:featuredmedia":[{"embeddable":true,"href":"https:\/\/chalons.catholique.fr\/eglises\/wp-json\/wp\/v2\/media\/1749"}],"wp:attachment":[{"href":"https:\/\/chalons.catholique.fr\/eglises\/wp-json\/wp\/v2\/media?parent=1747"}],"wp:term":[{"taxonomy":"category","embeddable":true,"href":"https:\/\/chalons.catholique.fr\/eglises\/wp-json\/wp\/v2\/categories?post=1747"},{"taxonomy":"post_tag","embeddable":true,"href":"https:\/\/chalons.catholique.fr\/eglises\/wp-json\/wp\/v2\/tags?post=1747"}],"curies":[{"name":"wp","href":"https:\/\/api.w.org\/{rel}","templated":true}]}}