{"id":1652,"date":"2016-01-03T16:32:18","date_gmt":"2016-01-03T15:32:18","guid":{"rendered":"http:\/\/chalons.catholique.fr\/eglises\/?p=1652"},"modified":"2017-10-03T14:05:17","modified_gmt":"2017-10-03T13:05:17","slug":"omey-eglise-saint-pierre","status":"publish","type":"post","link":"https:\/\/chalons.catholique.fr\/eglises\/omey-eglise-saint-pierre\/","title":{"rendered":"Omey : \u00c9glise Saint Pierre"},"content":{"rendered":"<div class=\"fusion-fullwidth fullwidth-box fusion-builder-row-1 hundred-percent-fullwidth non-hundred-percent-height-scrolling\" style=\"--awb-border-radius-top-left:0px;--awb-border-radius-top-right:0px;--awb-border-radius-bottom-right:0px;--awb-border-radius-bottom-left:0px;--awb-overflow:visible;--awb-flex-wrap:wrap;\" ><div class=\"fusion-builder-row fusion-row\"><div class=\"fusion-layout-column fusion_builder_column fusion-builder-column-0 fusion_builder_column_1_3 1_3 fusion-one-third fusion-column-first\" style=\"--awb-bg-size:cover;width:30.6666%; margin-right: 4%;\"><div class=\"fusion-column-wrapper fusion-flex-column-wrapper-legacy\"><div class=\"fusion-image-element in-legacy-container\" style=\"--awb-caption-title-font-family:var(--h2_typography-font-family);--awb-caption-title-font-weight:var(--h2_typography-font-weight);--awb-caption-title-font-style:var(--h2_typography-font-style);--awb-caption-title-size:var(--h2_typography-font-size);--awb-caption-title-transform:var(--h2_typography-text-transform);--awb-caption-title-line-height:var(--h2_typography-line-height);--awb-caption-title-letter-spacing:var(--h2_typography-letter-spacing);\"><span class=\" fusion-imageframe imageframe-none imageframe-1 hover-type-none\"><img decoding=\"async\" width=\"533\" height=\"400\" title=\"omey1\" src=\"https:\/\/chalons.catholique.fr\/eglises\/wp-content\/uploads\/sites\/4\/2016\/01\/omey1.jpg\" alt class=\"img-responsive wp-image-1654\"\/><\/span><\/div><div class=\"fusion-text fusion-text-1\"><\/div>\t\t\t\t\t<script type=\"text\/javascript\">\n\t\t\t\t\t\tvar map_fusion_map_69f1bd0cc1ecc;\n\t\t\t\t\t\tvar markers = [];\n\t\t\t\t\t\tvar counter = 0;\n\t\t\t\t\t\t\t\t\t\t\t\t\t\t\t\t\t\t\t\tvar fusionMapNonce = '552fcdf5b1';\n\t\t\t\t\t\t\t\t\t\t\t\tfunction fusion_run_map_fusion_map_69f1bd0cc1ecc() {\n\t\t\t\t\t\t\tjQuery('#fusion_map_69f1bd0cc1ecc').fusion_maps({\n\t\t\t\t\t\t\t\taddresses: [{\"address\":\"Rue de l'Eglise, Omey\",\"infobox_content\":\"Rue de l'Eglise, Omey\",\"coordinates\":false,\"cache\":false}],\n\t\t\t\t\t\t\t\tanimations: true,\n\t\t\t\t\t\t\t\tinfobox_background_color: '',\n\t\t\t\t\t\t\t\tinfobox_styling: 'default',\n\t\t\t\t\t\t\t\tinfobox_text_color: '',\n\t\t\t\t\t\t\t\tmap_style: 'default',\n\t\t\t\t\t\t\t\tmap_type: 'roadmap',\n\t\t\t\t\t\t\t\tmarker_icon: '',\n\t\t\t\t\t\t\t\toverlay_color: '',\n\t\t\t\t\t\t\t\toverlay_color_hsl: {\"hue\":0,\"sat\":0,\"lum\":100},\n\t\t\t\t\t\t\t\tpan_control: true,\n\t\t\t\t\t\t\t\tshow_address: true,\n\t\t\t\t\t\t\t\tscale_control: true,\n\t\t\t\t\t\t\t\tscrollwheel: true,\n\t\t\t\t\t\t\t\tzoom: 14,\n\t\t\t\t\t\t\t\tzoom_control: true,\n\t\t\t\t\t\t\t});\n\t\t\t\t\t\t}\n\n\t\t\t\t\t\tgoogle.maps.event.addDomListener(window, 'load', fusion_run_map_fusion_map_69f1bd0cc1ecc);\n\t\t\t\t\t<\/script>\n\t\t\t\t\t<div class=\"shortcode-map fusion-google-map fusion-maps-js-type\" id=\"fusion_map_69f1bd0cc1ecc\"><\/div><div class=\"fusion-clearfix\"><\/div><\/div><\/div><div class=\"fusion-layout-column fusion_builder_column fusion-builder-column-1 fusion_builder_column_2_3 2_3 fusion-two-third fusion-column-last\" style=\"--awb-bg-size:cover;width:65.3333%;\"><div class=\"fusion-column-wrapper fusion-flex-column-wrapper-legacy\"><div class=\"fusion-text fusion-text-2\"><p>Il n\u2019y a jamais eu de cur\u00e9 \u00e0 Omey\u00a0; l\u2019\u00e9glise d\u00e9di\u00e9e \u00e0 Saint Pierre \u00e9tait une annexe de celle de Pogny.<\/p>\n<p>La construction initiale daterait du 12\u00e8me si\u00e8cle. Elle a la forme d\u2019une croix latine et se compose d\u2019une simple nef, de deux bras et d\u2019une abside. Le ch\u0153ur polygonal \u00e0 trois pans et le transept furent reb\u00e2tis au cours du 16\u00e8me si\u00e8cle. Les vo\u00fbtes sont obstru\u00e9es par un plafond de bois. Ces derniers travaux expliquent que nous trouvions une partie romane (nef et portail) et une partie gothique (ch\u0153ur et transept). A l\u2019origine, l\u2019\u00e9difice devait comporter des bas-c\u00f4t\u00e9s qui ont \u00e9t\u00e9 d\u00e9mont\u00e9s. Les arcades bouch\u00e9es sont encore visibles. Les autels de style Renaissance ont des retables. Chaque autel a une piscine (cuve destin\u00e9e \u00e0 recevoir les eaux qui ont servi \u00e0 purifier les objets sacr\u00e9s et qui datent du 16\u00e8me si\u00e8cle).<\/p>\n<p>Les vitraux de l\u2019abside portent les inscriptions Graff et Adam 1921. Le vitrail de la chapelle de la Vierge a \u00e9t\u00e9 offert au d\u00e9but du 20\u00e8me si\u00e8cle par M.\u00a0et Mme\u00a0Rudloff.<\/p>\n<\/div><div class=\"fusion-text fusion-text-3\"><div align=\"center\">\n<\/div><div class=\"fusion-slider-sc fusion-flexslider-loading flexslider flexslider-hover-type-none\" data-slideshow_autoplay=\"1\" data-slideshow_smooth_height=\"0\" data-slideshow_speed=\"7000\" style=\"max-width:75%;height:75%;\"><ul class=\"slides\"><li class=\"image\"><span class=\"fusion-image-hover-element hover-type-none\"><img decoding=\"async\" src=\"https:\/\/chalons.catholique.fr\/eglises\/wp-content\/uploads\/sites\/4\/2016\/01\/omey110.jpg\" width=\"533\" height=\"400\" \/><\/span><\/li><li class=\"image\"><span class=\"fusion-image-hover-element hover-type-none\"><img decoding=\"async\" src=\"https:\/\/chalons.catholique.fr\/eglises\/wp-content\/uploads\/sites\/4\/2016\/01\/omey100.jpg\" width=\"533\" height=\"400\" \/><\/span><\/li><li class=\"image\"><span class=\"fusion-image-hover-element hover-type-none\"><img decoding=\"async\" src=\"https:\/\/chalons.catholique.fr\/eglises\/wp-content\/uploads\/sites\/4\/2016\/01\/omey9.jpg\" width=\"533\" height=\"400\" \/><\/span><\/li><li class=\"image\"><span class=\"fusion-image-hover-element hover-type-none\"><img decoding=\"async\" src=\"https:\/\/chalons.catholique.fr\/eglises\/wp-content\/uploads\/sites\/4\/2016\/01\/omey8.jpg\" width=\"533\" height=\"400\" \/><\/span><\/li><li class=\"image\"><span class=\"fusion-image-hover-element hover-type-none\"><img decoding=\"async\" src=\"https:\/\/chalons.catholique.fr\/eglises\/wp-content\/uploads\/sites\/4\/2016\/01\/omey7.jpg\" width=\"533\" height=\"400\" \/><\/span><\/li><li class=\"image\"><span class=\"fusion-image-hover-element hover-type-none\"><img decoding=\"async\" src=\"https:\/\/chalons.catholique.fr\/eglises\/wp-content\/uploads\/sites\/4\/2016\/01\/omey6.jpg\" width=\"533\" height=\"400\" \/><\/span><\/li><li class=\"image\"><span class=\"fusion-image-hover-element hover-type-none\"><img decoding=\"async\" src=\"https:\/\/chalons.catholique.fr\/eglises\/wp-content\/uploads\/sites\/4\/2016\/01\/omey5.jpg\" width=\"533\" height=\"400\" \/><\/span><\/li><li class=\"image\"><span class=\"fusion-image-hover-element hover-type-none\"><img decoding=\"async\" src=\"https:\/\/chalons.catholique.fr\/eglises\/wp-content\/uploads\/sites\/4\/2016\/01\/omey4.jpg\" width=\"533\" height=\"400\" \/><\/span><\/li><li class=\"image\"><span class=\"fusion-image-hover-element hover-type-none\"><img decoding=\"async\" src=\"https:\/\/chalons.catholique.fr\/eglises\/wp-content\/uploads\/sites\/4\/2016\/01\/omey3.jpg\" width=\"533\" height=\"400\" \/><\/span><\/li><li class=\"image\"><span class=\"fusion-image-hover-element hover-type-none\"><img decoding=\"async\" src=\"https:\/\/chalons.catholique.fr\/eglises\/wp-content\/uploads\/sites\/4\/2016\/01\/omey2.jpg\" width=\"533\" height=\"400\" \/><\/span><\/li><li class=\"image\"><span class=\"fusion-image-hover-element hover-type-none\"><img decoding=\"async\" src=\"https:\/\/chalons.catholique.fr\/eglises\/wp-content\/uploads\/sites\/4\/2016\/01\/omey1.jpg\" width=\"533\" height=\"400\" \/><\/span><\/li><li class=\"image\"><span class=\"fusion-image-hover-element hover-type-none\"><img decoding=\"async\" src=\"https:\/\/chalons.catholique.fr\/eglises\/wp-content\/uploads\/sites\/4\/2016\/01\/omey120.jpg\" width=\"533\" height=\"400\" \/><\/span><\/li><li class=\"image\"><span class=\"fusion-image-hover-element hover-type-none\"><img  \/><\/span><\/li><\/ul><\/div><div class=\"fusion-text fusion-text-4\"><\/div>\n<\/div><div class=\"fusion-clearfix\"><\/div><\/div><\/div><\/div><\/div>\n","protected":false},"excerpt":{"rendered":"","protected":false},"author":5,"featured_media":1654,"comment_status":"open","ping_status":"open","sticky":false,"template":"","format":"standard","meta":{"xn-wppe-expiration":[],"xn-wppe-expiration-action":[],"xn-wppe-expiration-prefix":[],"footnotes":""},"categories":[14],"tags":[],"_links":{"self":[{"href":"https:\/\/chalons.catholique.fr\/eglises\/wp-json\/wp\/v2\/posts\/1652"}],"collection":[{"href":"https:\/\/chalons.catholique.fr\/eglises\/wp-json\/wp\/v2\/posts"}],"about":[{"href":"https:\/\/chalons.catholique.fr\/eglises\/wp-json\/wp\/v2\/types\/post"}],"author":[{"embeddable":true,"href":"https:\/\/chalons.catholique.fr\/eglises\/wp-json\/wp\/v2\/users\/5"}],"replies":[{"embeddable":true,"href":"https:\/\/chalons.catholique.fr\/eglises\/wp-json\/wp\/v2\/comments?post=1652"}],"version-history":[{"count":0,"href":"https:\/\/chalons.catholique.fr\/eglises\/wp-json\/wp\/v2\/posts\/1652\/revisions"}],"wp:featuredmedia":[{"embeddable":true,"href":"https:\/\/chalons.catholique.fr\/eglises\/wp-json\/wp\/v2\/media\/1654"}],"wp:attachment":[{"href":"https:\/\/chalons.catholique.fr\/eglises\/wp-json\/wp\/v2\/media?parent=1652"}],"wp:term":[{"taxonomy":"category","embeddable":true,"href":"https:\/\/chalons.catholique.fr\/eglises\/wp-json\/wp\/v2\/categories?post=1652"},{"taxonomy":"post_tag","embeddable":true,"href":"https:\/\/chalons.catholique.fr\/eglises\/wp-json\/wp\/v2\/tags?post=1652"}],"curies":[{"name":"wp","href":"https:\/\/api.w.org\/{rel}","templated":true}]}}