{"id":160,"date":"2015-05-15T13:23:09","date_gmt":"2015-05-15T12:23:09","guid":{"rendered":"http:\/\/chalons.catholique.fr\/eglises\/?p=160"},"modified":"2017-10-03T14:05:25","modified_gmt":"2017-10-03T13:05:25","slug":"hans-eglise-notre-dame","status":"publish","type":"post","link":"https:\/\/chalons.catholique.fr\/eglises\/hans-eglise-notre-dame\/","title":{"rendered":"Hans : \u00c9glise Notre Dame"},"content":{"rendered":"<div class=\"fusion-fullwidth fullwidth-box fusion-builder-row-1 hundred-percent-fullwidth non-hundred-percent-height-scrolling\" style=\"--awb-border-radius-top-left:0px;--awb-border-radius-top-right:0px;--awb-border-radius-bottom-right:0px;--awb-border-radius-bottom-left:0px;--awb-overflow:visible;--awb-flex-wrap:wrap;\" ><div class=\"fusion-builder-row fusion-row\"><div class=\"fusion-layout-column fusion_builder_column fusion-builder-column-0 fusion_builder_column_1_3 1_3 fusion-one-third fusion-column-first\" style=\"--awb-bg-size:cover;width:30.6666%; margin-right: 4%;\"><div class=\"fusion-column-wrapper fusion-flex-column-wrapper-legacy\"><div class=\"fusion-image-element in-legacy-container\" style=\"--awb-caption-title-font-family:var(--h2_typography-font-family);--awb-caption-title-font-weight:var(--h2_typography-font-weight);--awb-caption-title-font-style:var(--h2_typography-font-style);--awb-caption-title-size:var(--h2_typography-font-size);--awb-caption-title-transform:var(--h2_typography-text-transform);--awb-caption-title-line-height:var(--h2_typography-line-height);--awb-caption-title-letter-spacing:var(--h2_typography-letter-spacing);\"><span class=\" fusion-imageframe imageframe-none imageframe-1 hover-type-none\"><img decoding=\"async\" width=\"419\" height=\"320\" alt=\"L\u2019\u00e9glise\" title=\"hans1\" src=\"https:\/\/chalons.catholique.fr\/eglises\/wp-content\/uploads\/sites\/4\/2015\/05\/hans1.png\" class=\"img-responsive wp-image-162\"\/><\/span><\/div><div class=\"fusion-text fusion-text-1\"><\/div>\t\t\t\t\t<script type=\"text\/javascript\">\n\t\t\t\t\t\tvar map_fusion_map_69f0affb916ab;\n\t\t\t\t\t\tvar markers = [];\n\t\t\t\t\t\tvar counter = 0;\n\t\t\t\t\t\t\t\t\t\t\t\t\t\t\t\t\t\t\t\tvar fusionMapNonce = '606a8ad366';\n\t\t\t\t\t\t\t\t\t\t\t\tfunction fusion_run_map_fusion_map_69f0affb916ab() {\n\t\t\t\t\t\t\tjQuery('#fusion_map_69f0affb916ab').fusion_maps({\n\t\t\t\t\t\t\t\taddresses: [{\"address\":\"Rue de l'Eglise, Hans, Marne\",\"infobox_content\":\"Rue de l'Eglise, Hans, Marne\",\"coordinates\":false,\"cache\":false}],\n\t\t\t\t\t\t\t\tanimations: true,\n\t\t\t\t\t\t\t\tinfobox_background_color: '',\n\t\t\t\t\t\t\t\tinfobox_styling: 'default',\n\t\t\t\t\t\t\t\tinfobox_text_color: '',\n\t\t\t\t\t\t\t\tmap_style: 'default',\n\t\t\t\t\t\t\t\tmap_type: 'roadmap',\n\t\t\t\t\t\t\t\tmarker_icon: '',\n\t\t\t\t\t\t\t\toverlay_color: '',\n\t\t\t\t\t\t\t\toverlay_color_hsl: {\"hue\":0,\"sat\":0,\"lum\":100},\n\t\t\t\t\t\t\t\tpan_control: true,\n\t\t\t\t\t\t\t\tshow_address: true,\n\t\t\t\t\t\t\t\tscale_control: true,\n\t\t\t\t\t\t\t\tscrollwheel: true,\n\t\t\t\t\t\t\t\tzoom: 14,\n\t\t\t\t\t\t\t\tzoom_control: true,\n\t\t\t\t\t\t\t});\n\t\t\t\t\t\t}\n\n\t\t\t\t\t\tgoogle.maps.event.addDomListener(window, 'load', fusion_run_map_fusion_map_69f0affb916ab);\n\t\t\t\t\t<\/script>\n\t\t\t\t\t<div class=\"shortcode-map fusion-google-map fusion-maps-js-type\" id=\"fusion_map_69f0affb916ab\"><\/div><div class=\"fusion-clearfix\"><\/div><\/div><\/div><div class=\"fusion-layout-column fusion_builder_column fusion-builder-column-1 fusion_builder_column_2_3 2_3 fusion-two-third fusion-column-last\" style=\"--awb-bg-size:cover;width:65.3333%;\"><div class=\"fusion-column-wrapper fusion-flex-column-wrapper-legacy\"><div class=\"fusion-text fusion-text-2\"><p>L\u2019\u00e9glise Notre-Dame de HANS date du d\u00e9but du 13\u00e8me si\u00e8cle (1206).<\/p>\n<p class=\"spip\">De nombreux conflits \u00e9prouv\u00e8rent l\u2019\u00e9difice\u00a0: Guerre de Cent Ans, Guerres de religions. Construite avec un mat\u00e9riau local peu r\u00e9sistant, l\u2019usure des ann\u00e9es obligea \u00e0 de multiples restaurations. Le clocher primitif et toute la partie haute de la nef ont disparu. La nef a conserv\u00e9 de magnifiques chapiteaux o\u00f9 se m\u00ealent des feuillages, des monstres, des t\u00eates humaines. Les collat\u00e9raux ont conserv\u00e9 leurs vo\u00fbtes. Du c\u00f4t\u00e9 Sud sont perc\u00e9es deux portes, l\u2019une du d\u00e9but du 13\u00e8me si\u00e8cle est orn\u00e9e d\u2019un tympan o\u00f9 le sculpteur a repr\u00e9sent\u00e9 une Pr\u00e9sentation au Temple, l\u2019autre du 15\u00e8me si\u00e8cle est surmont\u00e9e d\u2019une Vierge de Piti\u00e9 mutil\u00e9e.<\/p>\n<p class=\"spip\">Cette \u00e9glise poss\u00e8de de nombreux vitraux datant du 19\u00e8me si\u00e8cle dont la r\u00e9alisation fut l\u2019\u0153uvre d\u2019un officier g\u00e9n\u00e9ral. Il importe de remarquer qu\u2019il s\u2019agit d\u2019une oeuvre o\u00f9 l\u2019id\u00e9e militaire est sans cesse associ\u00e9e \u00e0 l\u2019id\u00e9e religieuse.<\/p>\n<p class=\"spip\">On peut citer notamment\u00a0:<br \/>\nLa Vierge imit\u00e9e de Mignard. Elle est pos\u00e9e en haut de l\u2019ancienne forteresse de Hans, dans la baie de droite flotte l\u2019\u00e9tendard national. \u2019Fen\u00eatre Sud , Chapelle de la Vierge)<br \/>\nLe Soldat mourant sur le champ de bataille, ou la Derni\u00e8re pens\u00e9e, du peintre PROTAIS,<br \/>\nLa messe en Kabylie d\u2019apr\u00e8s le tableau d\u2019Horace VERNET.<\/p>\n<p class=\"spip\">\u00e0 remarquer \u00e9galement les fonts baptismaux qui sont form\u00e9s d\u2019une barque en marbre des Pyr\u00e9n\u00e9es, un tronc en griotte d\u2019Italie reposant sur une colonne torse en marbre vert (don des officiers et cavaliers du 8\u00e8me Lanciers).<\/p>\n<p class=\"spip\">Elle poss\u00e8de \u00e9galement dans le collat\u00e9ral Sud de nombreux ex-voto. Anciennement Notre-Dame des Marais, l\u2019\u00e9glise de Hans prit le titre de Notre-Dame du Soldat apr\u00e8s approbation par le Pape L\u00e9on XIII du projet soumis par Monseigneur SOURRIEU, \u00e9v\u00eaque de Ch\u00e2lons (octobre 1889).<\/p>\n<p class=\"spip\">(Extraits de l\u2019\u00c9glise de Hans par l\u2019Abb\u00e9 Jacquesson, Cur\u00e9 de Vitry-la-Ville &#8211; 6 mai 1891).<\/p>\n<p class=\"spip\">Les vitraux, qui viennent d\u2019\u00eatre restaur\u00e9s sont pr\u00e9sent\u00e9s dans une plaquette de 20 pages abondamment illustr\u00e9es en quadrichromie, r\u00e9alis\u00e9e par la municipalit\u00e9 de Hans.<\/p>\n<p class=\"spip\">C\u2019est un des fruits de l\u2019action \u201cMise en valeur du patrimoine architectural\u201d du volet culture du Contrat de Plan \u00c9tat &#8211; R\u00e9gion Champagne-Ardenne 2000 2006, qui comporte la th\u00e9matique du vitrail.<\/p>\n<p class=\"spip\"><strong class=\"spip\">Un projet ambitieux<\/strong><\/p>\n<p class=\"spip\">En 1880, Maurice-Henry du Val, comte de Dampierre, regagne Hans, son village natal, pour se retirer dans le ch\u00e2teau familial apr\u00e8s une brillante carri\u00e8re militaire. Son pass\u00e9 de g\u00e9n\u00e9ral de cavalerie et son d\u00e9sir de perp\u00e9tuer le r\u00f4le du ch\u00e2telain en milieu rural le poussent \u00e0 r\u00e9nover l\u2019\u00e9glise pour en faire un sanctuaire des valeurs religieuses et patriotiques. Avec Gustave Duhamel Marrette, ma\u00eetre-verrier rencontr\u00e9 lors de son temps de garnison \u00e0 \u00c9vreux, il envisage une suite de vitraux offrant \u201cdes th\u00e8mes de m\u00e9ditation simples, \u00e0 la port\u00e9e de tous\u201d. Ces oeuvres doivent c\u00e9l\u00e9brer la pi\u00e9t\u00e9 et le patriotisme gr\u00e2ce au symbolisme des sc\u00e8nes historiques.<\/p>\n<p class=\"spip\"><strong class=\"spip\">Changement de vocable<\/strong><\/p>\n<p class=\"spip\">Les travaux d\u00e9butent le 1er janvier 1888. Un an plus tard, avec l\u2019approbation du Pape L\u00e9on XIII, l\u2019\u00e9glise paroissiale d\u00e9di\u00e9e \u00e0 la Nativit\u00e9 de la Vierge (comme l\u2019indique toujours notre annuaire dioc\u00e9sain) devient Notre-Dame-du-Soldat. T\u00e9moignage de l\u2019essor du culte de la Vierge et sursaut patriotique au sortir de la d\u00e9faite de 1870.<\/p>\n<p class=\"spip\"><strong class=\"spip\">Pi\u00e9t\u00e9 et patriotisme<\/strong><\/p>\n<p class=\"spip\">Apr\u00e8s la d\u00e9faite, le g\u00e9n\u00e9ral de Dampierre d\u00e9sire valoriser des \u00e9pisodes glorieux comme la d\u00e9faite inflig\u00e9e aux Huns d\u2019Attila en 451, ou l\u2019ordre de retraite sign\u00e9e au ch\u00e2teau de Hans par Brunswick, apr\u00e8s la bataille de Valmy (1792). La baie d\u00e9di\u00e9e \u00e0 Notre-Dame de Hans, protectrice du territoire, montre ainsi un soldat de 1792 vainqueur d\u2019un prussien et un gaulois brisant le glaive d\u2019un guerrier d\u2019Attila.<\/p>\n<p class=\"spip\">Beaucoup de sc\u00e8nes glorifient les vertus chr\u00e9tiennes. \u201cLa charit\u00e9\u201d repr\u00e9sente St Vincent de Paul et une s\u0153ur de la Charit\u00e9, qui devait fournir un exemple \u00e0 toutes les filles du village.<\/p>\n<p class=\"spip\">\u201cLa messe en Kabilie\u201d rappelle un \u00e9pisode de la campagne d\u2019Alg\u00e9rie auquel le g\u00e9n\u00e9ral a particip\u00e9. La messe est c\u00e9l\u00e9br\u00e9e par le P R\u00e9gis, Abb\u00e9 de la Trappe de Staou\u00ebli.<\/p>\n<p class=\"spip\">\u201cLa derni\u00e8re pens\u00e9e du soldat\u201d juste avant de mourir, \u00e9voque \u201cle dormeur du val\u201d , d\u2019Arthur Rimbaud (octobre 1870) \u201cC\u2019est un trou de verdure o\u00f9 chante une rivi\u00e8re&#8230;\u201d.<\/p>\n<p class=\"spip\"><strong class=\"spip\">Les \u00e9tapes de la restauration<\/strong><\/p>\n<p class=\"spip\">En 1976, sous la direction de Jean Rocard, alors architecte en chef des Monuments Historiques, une premier, campagne de restauration est entreprise, qui met l\u2019\u00e9glise hors d\u2019eau. Vingt ans apr\u00e8s, la Direction R\u00e9gionale des Affaires Culturelles pr\u00e9voit la reprise des murs de la nef et des bas-c\u00f4t\u00e9s, ainsi qu\u2019un r\u00e9seau d\u2019assainissement des eaux.<\/p>\n<p class=\"spip\">Les vitraux, objet d\u2019une \u00e9tude parle laboratoire de recherche des Monuments Historiques, sont inclus dans ce projet. En 1994, sous la ma\u00eetrise de Pierre Antoine Carier, architecte en chef des Monuments Historiques, sont restaur\u00e9s tous les vitraux de la nef et toutes les baies du chevet.<\/p>\n<p class=\"spip\">Cette op\u00e9ration est men\u00e9e par l\u2019atelier Jacques Simon. Le regrett\u00e9 Michel Caille, Conservateur en chef du Patrimoine, en \u00e9tait le ma\u00eetre d\u2019\u0153uvre.<\/p>\n<p class=\"spip\">Pour prot\u00e9ger les vitraux restaur\u00e9s des agressions climatologiques et chimiques, apr\u00e8s la fixation des grisailles et le nettoyage des verres, une double verri\u00e8re a \u00e9t\u00e9 mise en place. Cette double verri\u00e8re, jumelle transparente du vitrail original qu\u2019elle prot\u00e8ge, est r\u00e9alis\u00e9e en verre blanc de 4 millim\u00e8tres d\u2019\u00e9paisseur serti dans un r\u00e9seau de plomb qui reprend fid\u00e8lement celui du vitrail auquel elle se superpose. En m\u00eame temps est assur\u00e9e la ventilation dans l\u2019espace interm\u00e9diaire entre le vitrail et sa protection pour \u00e9viter toute condensation n\u00e9faste.<\/p>\n<\/div><div class=\"fusion-text fusion-text-3\"><div align=\"center\">\n<\/div><div class=\"fusion-slider-sc fusion-flexslider-loading flexslider flexslider-hover-type-none\" data-slideshow_autoplay=\"1\" data-slideshow_smooth_height=\"0\" data-slideshow_speed=\"7000\" style=\"max-width:50%;height:50%;\"><ul class=\"slides\"><li class=\"image\"><span class=\"fusion-image-hover-element hover-type-none\"><img decoding=\"async\" src=\"https:\/\/chalons.catholique.fr\/eglises\/wp-content\/uploads\/sites\/4\/2015\/05\/hans8.png\" alt=\"Messe en Kabylie.\" width=\"307\" height=\"320\" \/><\/span><\/li><li class=\"image\"><span class=\"fusion-image-hover-element hover-type-none\"><img decoding=\"async\" src=\"https:\/\/chalons.catholique.fr\/eglises\/wp-content\/uploads\/sites\/4\/2015\/05\/hans7.png\" alt=\"Derni\u00e8re pens\u00e9e.\" width=\"187\" height=\"320\" \/><\/span><\/li><li class=\"image\"><span class=\"fusion-image-hover-element hover-type-none\"><img decoding=\"async\" src=\"https:\/\/chalons.catholique.fr\/eglises\/wp-content\/uploads\/sites\/4\/2015\/05\/hans6.png\" alt=\"Vierge de Mignard.\" width=\"414\" height=\"320\" \/><\/span><\/li><li class=\"image\"><span class=\"fusion-image-hover-element hover-type-none\"><img decoding=\"async\" src=\"https:\/\/chalons.catholique.fr\/eglises\/wp-content\/uploads\/sites\/4\/2015\/05\/hans5.png\" alt=\"Vierge de Piti\u00e9.\" width=\"388\" height=\"320\" \/><\/span><\/li><li class=\"image\"><span class=\"fusion-image-hover-element hover-type-none\"><img decoding=\"async\" src=\"https:\/\/chalons.catholique.fr\/eglises\/wp-content\/uploads\/sites\/4\/2015\/05\/hans4.png\" alt=\"Tympan.\" width=\"413\" height=\"320\" \/><\/span><\/li><li class=\"image\"><span class=\"fusion-image-hover-element hover-type-none\"><img decoding=\"async\" src=\"https:\/\/chalons.catholique.fr\/eglises\/wp-content\/uploads\/sites\/4\/2015\/05\/hans3.png\" alt=\"Collat\u00e9ral sud.\" width=\"419\" height=\"320\" \/><\/span><\/li><li class=\"image\"><span class=\"fusion-image-hover-element hover-type-none\"><img decoding=\"async\" src=\"https:\/\/chalons.catholique.fr\/eglises\/wp-content\/uploads\/sites\/4\/2015\/05\/hans2.png\" alt=\"La nef\" width=\"419\" height=\"320\" \/><\/span><\/li><li class=\"image\"><span class=\"fusion-image-hover-element hover-type-none\"><img decoding=\"async\" src=\"https:\/\/chalons.catholique.fr\/eglises\/wp-content\/uploads\/sites\/4\/2015\/05\/hans1.png\" alt=\"L\u2019\u00e9glise\" width=\"419\" height=\"320\" \/><\/span><\/li><li class=\"image\"><span class=\"fusion-image-hover-element hover-type-none\"><img decoding=\"async\" src=\"https:\/\/chalons.catholique.fr\/eglises\/wp-content\/uploads\/sites\/4\/2015\/05\/hans9.png\" alt=\"Fonts baptismaux.\" width=\"419\" height=\"320\" \/><\/span><\/li><\/ul><\/div><div class=\"fusion-text fusion-text-4\"><\/div>\n<\/div><div class=\"fusion-clearfix\"><\/div><\/div><\/div><\/div><\/div>\n","protected":false},"excerpt":{"rendered":"","protected":false},"author":5,"featured_media":162,"comment_status":"open","ping_status":"open","sticky":false,"template":"","format":"standard","meta":{"xn-wppe-expiration":[],"xn-wppe-expiration-action":[],"xn-wppe-expiration-prefix":[],"footnotes":""},"categories":[14],"tags":[],"_links":{"self":[{"href":"https:\/\/chalons.catholique.fr\/eglises\/wp-json\/wp\/v2\/posts\/160"}],"collection":[{"href":"https:\/\/chalons.catholique.fr\/eglises\/wp-json\/wp\/v2\/posts"}],"about":[{"href":"https:\/\/chalons.catholique.fr\/eglises\/wp-json\/wp\/v2\/types\/post"}],"author":[{"embeddable":true,"href":"https:\/\/chalons.catholique.fr\/eglises\/wp-json\/wp\/v2\/users\/5"}],"replies":[{"embeddable":true,"href":"https:\/\/chalons.catholique.fr\/eglises\/wp-json\/wp\/v2\/comments?post=160"}],"version-history":[{"count":0,"href":"https:\/\/chalons.catholique.fr\/eglises\/wp-json\/wp\/v2\/posts\/160\/revisions"}],"wp:featuredmedia":[{"embeddable":true,"href":"https:\/\/chalons.catholique.fr\/eglises\/wp-json\/wp\/v2\/media\/162"}],"wp:attachment":[{"href":"https:\/\/chalons.catholique.fr\/eglises\/wp-json\/wp\/v2\/media?parent=160"}],"wp:term":[{"taxonomy":"category","embeddable":true,"href":"https:\/\/chalons.catholique.fr\/eglises\/wp-json\/wp\/v2\/categories?post=160"},{"taxonomy":"post_tag","embeddable":true,"href":"https:\/\/chalons.catholique.fr\/eglises\/wp-json\/wp\/v2\/tags?post=160"}],"curies":[{"name":"wp","href":"https:\/\/api.w.org\/{rel}","templated":true}]}}