{"id":150,"date":"2015-05-15T13:07:14","date_gmt":"2015-05-15T12:07:14","guid":{"rendered":"http:\/\/chalons.catholique.fr\/eglises\/?p=150"},"modified":"2017-10-03T14:05:25","modified_gmt":"2017-10-03T13:05:25","slug":"sainte-menehould-eglise-notre-dame-du-chateau","status":"publish","type":"post","link":"https:\/\/chalons.catholique.fr\/eglises\/sainte-menehould-eglise-notre-dame-du-chateau\/","title":{"rendered":"Sainte Menehould : \u00c9glise Notre Dame du Ch\u00e2teau"},"content":{"rendered":"<div class=\"fusion-fullwidth fullwidth-box fusion-builder-row-1 hundred-percent-fullwidth non-hundred-percent-height-scrolling\" style=\"--awb-border-radius-top-left:0px;--awb-border-radius-top-right:0px;--awb-border-radius-bottom-right:0px;--awb-border-radius-bottom-left:0px;--awb-overflow:visible;--awb-flex-wrap:wrap;\" ><div class=\"fusion-builder-row fusion-row\"><div class=\"fusion-layout-column fusion_builder_column fusion-builder-column-0 fusion_builder_column_1_3 1_3 fusion-one-third fusion-column-first\" style=\"--awb-bg-size:cover;width:30.6666%; margin-right: 4%;\"><div class=\"fusion-column-wrapper fusion-flex-column-wrapper-legacy\"><div class=\"fusion-image-element in-legacy-container\" style=\"--awb-caption-title-font-family:var(--h2_typography-font-family);--awb-caption-title-font-weight:var(--h2_typography-font-weight);--awb-caption-title-font-style:var(--h2_typography-font-style);--awb-caption-title-size:var(--h2_typography-font-size);--awb-caption-title-transform:var(--h2_typography-text-transform);--awb-caption-title-line-height:var(--h2_typography-line-height);--awb-caption-title-letter-spacing:var(--h2_typography-letter-spacing);\"><span class=\" fusion-imageframe imageframe-none imageframe-1 hover-type-none\"><img decoding=\"async\" width=\"419\" height=\"320\" alt=\"\u00c9glise de style gothique, construite au XIII\u00e8me si\u00e8cle.\" title=\"Sainte_Menehould 1\" src=\"https:\/\/chalons.catholique.fr\/eglises\/wp-content\/uploads\/sites\/4\/2015\/05\/Sainte_Menehould-1.jpg\" class=\"img-responsive wp-image-151\"\/><\/span><\/div><div class=\"fusion-text fusion-text-1\"><\/div>\t\t\t\t\t<script type=\"text\/javascript\">\n\t\t\t\t\t\tvar map_fusion_map_69ee1b1da4be3;\n\t\t\t\t\t\tvar markers = [];\n\t\t\t\t\t\tvar counter = 0;\n\t\t\t\t\t\t\t\t\t\t\t\t\t\t\t\t\t\t\t\tvar fusionMapNonce = '9cc66887cf';\n\t\t\t\t\t\t\t\t\t\t\t\tfunction fusion_run_map_fusion_map_69ee1b1da4be3() {\n\t\t\t\t\t\t\tjQuery('#fusion_map_69ee1b1da4be3').fusion_maps({\n\t\t\t\t\t\t\t\taddresses: [{\"address\":\"\\u00c9glise Notre Dame, Sainte Menehould\",\"infobox_content\":\"\\u00c9glise Notre Dame, Sainte Menehould\",\"coordinates\":false,\"cache\":true,\"latitude\":\"49.090822\",\"longitude\":\"4.892977999999971\"}],\n\t\t\t\t\t\t\t\tanimations: true,\n\t\t\t\t\t\t\t\tinfobox_background_color: '',\n\t\t\t\t\t\t\t\tinfobox_styling: 'default',\n\t\t\t\t\t\t\t\tinfobox_text_color: '',\n\t\t\t\t\t\t\t\tmap_style: 'default',\n\t\t\t\t\t\t\t\tmap_type: 'roadmap',\n\t\t\t\t\t\t\t\tmarker_icon: '',\n\t\t\t\t\t\t\t\toverlay_color: '',\n\t\t\t\t\t\t\t\toverlay_color_hsl: {\"hue\":0,\"sat\":0,\"lum\":100},\n\t\t\t\t\t\t\t\tpan_control: true,\n\t\t\t\t\t\t\t\tshow_address: true,\n\t\t\t\t\t\t\t\tscale_control: true,\n\t\t\t\t\t\t\t\tscrollwheel: true,\n\t\t\t\t\t\t\t\tzoom: 14,\n\t\t\t\t\t\t\t\tzoom_control: true,\n\t\t\t\t\t\t\t});\n\t\t\t\t\t\t}\n\n\t\t\t\t\t\tgoogle.maps.event.addDomListener(window, 'load', fusion_run_map_fusion_map_69ee1b1da4be3);\n\t\t\t\t\t<\/script>\n\t\t\t\t\t<div class=\"shortcode-map fusion-google-map fusion-maps-js-type\" id=\"fusion_map_69ee1b1da4be3\"><\/div><div class=\"fusion-clearfix\"><\/div><\/div><\/div><div class=\"fusion-layout-column fusion_builder_column fusion-builder-column-1 fusion_builder_column_2_3 2_3 fusion-two-third fusion-column-last\" style=\"--awb-bg-size:cover;width:65.3333%;\"><div class=\"fusion-column-wrapper fusion-flex-column-wrapper-legacy\"><div class=\"fusion-text fusion-text-2\"><p>L\u2019\u00e9glise Notre-Dame est situ\u00e9e sur une hauteur qui domine la ville et qui s\u2019appelle le ch\u00e2teau.<\/p>\n<p class=\"spip\">C\u2019est un \u00e9difice entrepris dans les premi\u00e8res ann\u00e9es du XIII\u00e8me si\u00e8cle, c\u2019est-\u00e0-dire peu de temps apr\u00e8s que le comte de Champagne eut acquis la ville du comte de Rethel (septembre 1200). Il a \u00e9t\u00e9 remani\u00e9 au XV\u00e8me puis au XVIII\u00e8me si\u00e8cle.<br \/>\nLa nef, \u00e0 deux \u00e9tages, est accompagn\u00e9e de collat\u00e9raux. Dans ceux-ci on ouvrit des chapelles, qui subsistent au sud, mais qui ont \u00e9t\u00e9 transform\u00e9es en un deuxi\u00e8me bas-c\u00f4t\u00e9 au nord. Le transept porte une tour carr\u00e9e (XV\u00e8me si\u00e8cle) et donne acc\u00e8s \u00e0 deux chapelles rectangulaires (XIV\u00e8me si\u00e8cle). Celle du sud, dite chapelle aux Coulons, contient un curieux chapiteau sur lequel on voit des cochons qui vont \u00e0 la gland\u00e9e. L\u2019autel de cette m\u00eame chapelle est surmont\u00e9 d\u2019une belle statue de la Vierge \u00e0 l\u2019Enfant (d\u00e9but du XVII\u00e8me si\u00e8cle). L\u2019abside polygonale est \u00e9clair\u00e9e par des lancettes et le bas de son mur est d\u00e9cor\u00e9 d\u2019arcatures.<\/p>\n<p class=\"spip\">Au fond de la nef se trouvent les grandes orgues construites en 1648\u00a0; la tribune qui les porte est constitu\u00e9e de panneaux d\u00e9cor\u00e9s de motifs flamboyants. Dalle fun\u00e9raire grav\u00e9e de Jehan Toignel (1463) et de sa femme Colette Le Thur (1465). Statue d\u2019orante , vers 1352 en relation de la s\u00e9pulture de Thierry Fretel et de sa femme.<\/p>\n<\/div><div class=\"fusion-text fusion-text-3\"><div align=\"center\">\n<\/div><div class=\"fusion-slider-sc fusion-flexslider-loading flexslider flexslider-hover-type-none\" data-slideshow_autoplay=\"1\" data-slideshow_smooth_height=\"0\" data-slideshow_speed=\"7000\" style=\"max-width:50%;height:50%;\"><ul class=\"slides\"><li class=\"image\"><span class=\"fusion-image-hover-element hover-type-none\"><img decoding=\"async\" src=\"https:\/\/chalons.catholique.fr\/eglises\/wp-content\/uploads\/sites\/4\/2015\/05\/Sainte_Menehould-8.jpg\" alt=\"Chapiteau des cochons. Il repr\u00e9sente des cochons qui mangent des glands\" width=\"419\" height=\"320\" \/><\/span><\/li><li class=\"image\"><span class=\"fusion-image-hover-element hover-type-none\"><img decoding=\"async\" src=\"https:\/\/chalons.catholique.fr\/eglises\/wp-content\/uploads\/sites\/4\/2015\/05\/Sainte_Menehould-7.jpg\" alt=\"Remarquable bas-relief du XIV\u00e8me si\u00e8cle repr\u00e9sentant la dormition de la Vierge\" width=\"298\" height=\"320\" \/><\/span><\/li><li class=\"image\"><span class=\"fusion-image-hover-element hover-type-none\"><img decoding=\"async\" src=\"https:\/\/chalons.catholique.fr\/eglises\/wp-content\/uploads\/sites\/4\/2015\/05\/Sainte_Menehould-6.jpg\" alt=\"Baptist\u00e8re en marbre. Pierre P\u00c9RIGNON y fut baptis\u00e9 le 5 janvier 1639, il est devenu c\u00e9l\u00e8bre sous le nom de DOM P\u00c9RIGNON.\" width=\"419\" height=\"320\" \/><\/span><\/li><li class=\"image\"><span class=\"fusion-image-hover-element hover-type-none\"><img decoding=\"async\" src=\"https:\/\/chalons.catholique.fr\/eglises\/wp-content\/uploads\/sites\/4\/2015\/05\/Sainte_Menehould-5.jpg\" alt=\"Statue de la Vierge en bois sculpt\u00e9, du XVIII\u00e8me si\u00e8cle\" width=\"419\" height=\"320\" \/><\/span><\/li><li class=\"image\"><span class=\"fusion-image-hover-element hover-type-none\"><img decoding=\"async\" src=\"https:\/\/chalons.catholique.fr\/eglises\/wp-content\/uploads\/sites\/4\/2015\/05\/Sainte_Menehould-4.jpg\" alt=\"Statue de Sainte MENEHOULD sculpt\u00e9e dans un tronc d\u2019arbre,du XVI\u00e8me si\u00e8cle.\" width=\"250\" height=\"320\" \/><\/span><\/li><li class=\"image\"><span class=\"fusion-image-hover-element hover-type-none\"><img decoding=\"async\" src=\"https:\/\/chalons.catholique.fr\/eglises\/wp-content\/uploads\/sites\/4\/2015\/05\/Sainte_Menehould-3.jpg\" alt=\"L\u2019orgue construit \u00e0 partir de 1818 par le facteur JACQUET de Bar-le-Duc\" width=\"423\" height=\"320\" \/><\/span><\/li><li class=\"image\"><span class=\"fusion-image-hover-element hover-type-none\"><img decoding=\"async\" src=\"https:\/\/chalons.catholique.fr\/eglises\/wp-content\/uploads\/sites\/4\/2015\/05\/Sainte_Menehould-2.jpg\" alt=\"Le ch\u0153ur est \u00e9clair\u00e9 de 5 fen\u00eatres \u00e0 double meneaux\" width=\"427\" height=\"320\" \/><\/span><\/li><li class=\"image\"><span class=\"fusion-image-hover-element hover-type-none\"><img decoding=\"async\" src=\"https:\/\/chalons.catholique.fr\/eglises\/wp-content\/uploads\/sites\/4\/2015\/05\/Sainte_Menehould-1.jpg\" alt=\"\u00c9glise de style gothique, construite au XIII\u00e8me si\u00e8cle.\" width=\"419\" height=\"320\" \/><\/span><\/li><\/ul><\/div><div class=\"fusion-text fusion-text-4\"><\/div>\n<\/div><div class=\"fusion-clearfix\"><\/div><\/div><\/div><\/div><\/div>\n","protected":false},"excerpt":{"rendered":"","protected":false},"author":5,"featured_media":151,"comment_status":"open","ping_status":"open","sticky":false,"template":"","format":"standard","meta":{"xn-wppe-expiration":[],"xn-wppe-expiration-action":[],"xn-wppe-expiration-prefix":[],"footnotes":""},"categories":[14],"tags":[],"_links":{"self":[{"href":"https:\/\/chalons.catholique.fr\/eglises\/wp-json\/wp\/v2\/posts\/150"}],"collection":[{"href":"https:\/\/chalons.catholique.fr\/eglises\/wp-json\/wp\/v2\/posts"}],"about":[{"href":"https:\/\/chalons.catholique.fr\/eglises\/wp-json\/wp\/v2\/types\/post"}],"author":[{"embeddable":true,"href":"https:\/\/chalons.catholique.fr\/eglises\/wp-json\/wp\/v2\/users\/5"}],"replies":[{"embeddable":true,"href":"https:\/\/chalons.catholique.fr\/eglises\/wp-json\/wp\/v2\/comments?post=150"}],"version-history":[{"count":0,"href":"https:\/\/chalons.catholique.fr\/eglises\/wp-json\/wp\/v2\/posts\/150\/revisions"}],"wp:featuredmedia":[{"embeddable":true,"href":"https:\/\/chalons.catholique.fr\/eglises\/wp-json\/wp\/v2\/media\/151"}],"wp:attachment":[{"href":"https:\/\/chalons.catholique.fr\/eglises\/wp-json\/wp\/v2\/media?parent=150"}],"wp:term":[{"taxonomy":"category","embeddable":true,"href":"https:\/\/chalons.catholique.fr\/eglises\/wp-json\/wp\/v2\/categories?post=150"},{"taxonomy":"post_tag","embeddable":true,"href":"https:\/\/chalons.catholique.fr\/eglises\/wp-json\/wp\/v2\/tags?post=150"}],"curies":[{"name":"wp","href":"https:\/\/api.w.org\/{rel}","templated":true}]}}