{"id":1333,"date":"2015-08-24T19:43:30","date_gmt":"2015-08-24T18:43:30","guid":{"rendered":"http:\/\/chalons.catholique.fr\/eglises\/?p=1333"},"modified":"2017-11-02T18:06:13","modified_gmt":"2017-11-02T17:06:13","slug":"tilloy-et-bellay-eglise-sainte-marie","status":"publish","type":"post","link":"https:\/\/chalons.catholique.fr\/eglises\/tilloy-et-bellay-eglise-sainte-marie\/","title":{"rendered":"Tilloy et Bellay &#8211; \u00c9glise Sainte Marie"},"content":{"rendered":"<div class=\"fusion-fullwidth fullwidth-box fusion-builder-row-1 hundred-percent-fullwidth non-hundred-percent-height-scrolling\" style=\"--awb-border-radius-top-left:0px;--awb-border-radius-top-right:0px;--awb-border-radius-bottom-right:0px;--awb-border-radius-bottom-left:0px;--awb-overflow:visible;--awb-flex-wrap:wrap;\" ><div class=\"fusion-builder-row fusion-row\"><div class=\"fusion-layout-column fusion_builder_column fusion-builder-column-0 fusion_builder_column_1_3 1_3 fusion-one-third fusion-column-first\" style=\"--awb-bg-size:cover;width:30.6666%; margin-right: 4%;\"><div class=\"fusion-column-wrapper fusion-flex-column-wrapper-legacy\"><div class=\"fusion-image-element in-legacy-container\" style=\"--awb-caption-title-font-family:var(--h2_typography-font-family);--awb-caption-title-font-weight:var(--h2_typography-font-weight);--awb-caption-title-font-style:var(--h2_typography-font-style);--awb-caption-title-size:var(--h2_typography-font-size);--awb-caption-title-transform:var(--h2_typography-text-transform);--awb-caption-title-line-height:var(--h2_typography-line-height);--awb-caption-title-letter-spacing:var(--h2_typography-letter-spacing);\"><span class=\" fusion-imageframe imageframe-none imageframe-1 hover-type-none\"><img decoding=\"async\" width=\"1024\" height=\"768\" title=\"Tilloy1\" src=\"https:\/\/chalons.catholique.fr\/eglises\/wp-content\/uploads\/sites\/4\/2015\/08\/Tilloy1.jpg\" alt class=\"img-responsive wp-image-1334\"\/><\/span><\/div><div class=\"fusion-text fusion-text-1\"><\/div>\t\t\t\t\t<script type=\"text\/javascript\">\n\t\t\t\t\t\tvar map_fusion_map_69f1baaba05c4;\n\t\t\t\t\t\tvar markers = [];\n\t\t\t\t\t\tvar counter = 0;\n\t\t\t\t\t\t\t\t\t\t\t\t\t\t\t\t\t\t\t\tvar fusionMapNonce = '552fcdf5b1';\n\t\t\t\t\t\t\t\t\t\t\t\tfunction fusion_run_map_fusion_map_69f1baaba05c4() {\n\t\t\t\t\t\t\tjQuery('#fusion_map_69f1baaba05c4').fusion_maps({\n\t\t\t\t\t\t\t\taddresses: [{\"address\":\"rue de l'Eglise, Tilloy et Bellay\",\"infobox_content\":\"rue de l'Eglise, Tilloy et Bellay\",\"coordinates\":false,\"cache\":true,\"latitude\":\"49.0181161\",\"longitude\":\"4.614577000000054\"}],\n\t\t\t\t\t\t\t\tanimations: true,\n\t\t\t\t\t\t\t\tinfobox_background_color: '',\n\t\t\t\t\t\t\t\tinfobox_styling: 'default',\n\t\t\t\t\t\t\t\tinfobox_text_color: '',\n\t\t\t\t\t\t\t\tmap_style: 'default',\n\t\t\t\t\t\t\t\tmap_type: 'roadmap',\n\t\t\t\t\t\t\t\tmarker_icon: '',\n\t\t\t\t\t\t\t\toverlay_color: '',\n\t\t\t\t\t\t\t\toverlay_color_hsl: {\"hue\":0,\"sat\":0,\"lum\":100},\n\t\t\t\t\t\t\t\tpan_control: true,\n\t\t\t\t\t\t\t\tshow_address: true,\n\t\t\t\t\t\t\t\tscale_control: true,\n\t\t\t\t\t\t\t\tscrollwheel: true,\n\t\t\t\t\t\t\t\tzoom: 14,\n\t\t\t\t\t\t\t\tzoom_control: true,\n\t\t\t\t\t\t\t});\n\t\t\t\t\t\t}\n\n\t\t\t\t\t\tgoogle.maps.event.addDomListener(window, 'load', fusion_run_map_fusion_map_69f1baaba05c4);\n\t\t\t\t\t<\/script>\n\t\t\t\t\t<div class=\"shortcode-map fusion-google-map fusion-maps-js-type\" id=\"fusion_map_69f1baaba05c4\"><\/div><div class=\"fusion-clearfix\"><\/div><\/div><\/div><div class=\"fusion-layout-column fusion_builder_column fusion-builder-column-1 fusion_builder_column_2_3 2_3 fusion-two-third fusion-column-last\" style=\"--awb-bg-size:cover;width:65.3333%;\"><div class=\"fusion-column-wrapper fusion-flex-column-wrapper-legacy\"><div class=\"fusion-text fusion-text-2\"><p class=\"style2\" align=\"justify\">Le patrimoine de Tilloy et Bellay se concentre principalement sur son \u00e9glise. A la lecture de quelques textes, il appara\u00eet qu&rsquo;un premier \u00e9difice existait, semble-t-il \u00e0 l&rsquo;endroit actuel. Nous n&rsquo;avons que tr\u00e8s peu de renseignements sur cette b\u00e2tisse. Seule la pr\u00e9sence d&rsquo;un cur\u00e9 atteste de son existence.<\/p>\n<p class=\"style2\">Quant \u00e0 l&rsquo;\u00e9glise actuelle, baptis\u00e9e Notre Dame, elle date, selon certains \u00e9crits, de la deuxi\u00e8me moiti\u00e9 du 18\u00e8me si\u00e8cle.<\/p>\n<p class=\"style2\" style=\"text-align: left\">Elle est probablement, le r\u00e9sultat de l&rsquo;am\u00e9nagement de la construction ant\u00e9rieure.Elle n&rsquo;a jamais \u00e9t\u00e9 occup\u00e9e par un desservant install\u00e9 sur la paroisse. Ce n&rsquo;est pas faute, pourtant de demandes renouvel\u00e9es de la part des Conseils Communaux qui se sont succ\u00e8d\u00e9s tout au long du 19\u00e8me si\u00e8cle.<\/p>\n<p class=\"style2\" style=\"text-align: left\">A cette \u00e9poque la paroisse de Tilloy \u00e9tait annexe de Saint-R\u00e9my-sur-Bussy. Dans les ann\u00e9es 1823\/1827, le conseil des \u00ab\u00a0dix plus impos\u00e9s de la commune\u00a0\u00bb engage une demande aupr\u00e8s du Ministre de l&rsquo;int\u00e9rieur et des cultes afin d&rsquo;\u00e9riger la paroisse en succursale. Il prend pretexte du nombre relativement important d&rsquo;habitants (340) et de la n\u00e9cessit\u00e9 pour les enfants de Tilloy de se rendre au cat\u00e9chisme \u00e0 Saint R\u00e9my. Malgr\u00e9 l&rsquo;appui de l&rsquo;\u00e9v\u00each\u00e9 et des attestations multiples cette demande sera refus\u00e9e, comme en 1840 (5 ans apr\u00e8s le rattachement de la commune de Bellay \u00e0 Tilloy) puis en 1880.<\/p>\n<p class=\"style2\" style=\"text-align: left\">Le caract\u00e8re architectural et artistique de l&rsquo;\u00e9glise n&rsquo;a rien de remarquable sauf \u00e0 noter, un petit chapiteau de pilier du ch\u0153ur sculpt\u00e9 de feuilles d&rsquo;acanthes.<\/p>\n<p class=\"style2\" style=\"text-align: left\">L&rsquo;unique cloche du clocher porte l&rsquo;inscription suivante: <em>\u00ab\u00a0Fondue en ao\u00fbt 1823, avec ma s\u0153ur par les soins de Mr Louis ROLLET, maire de la commune de Tilloy.\u00a0\u00bb<\/em><\/p>\n<p class=\"style2\" style=\"text-align: left\">A noter que la commune de Bellay (aujourd&rsquo;hui: le Vieux Bellay) poss\u00e9dait un \u00e9difice religieux auquel \u00e9tait attach\u00e9 un cimeti\u00e8re. De celui-ci, il subsiste une croix en fer forg\u00e9 \u00e9rig\u00e9e sur la tombe de Ponce Boucault. Bien entendu, tout a disparu \u00e0 l&rsquo;exception\u00a0 de la croix qui est install\u00e9e en bonne place au mus\u00e9e municipal de Ch\u00e2lons en Champagne.<\/p>\n<\/div><div class=\"fusion-text fusion-text-3\"><div align=\"center\">\n<\/div><div class=\"fusion-slider-sc fusion-flexslider-loading flexslider flexslider-hover-type-none\" data-slideshow_autoplay=\"1\" data-slideshow_smooth_height=\"0\" data-slideshow_speed=\"7000\" style=\"max-width:100%;height:100%;\"><ul class=\"slides\"><li class=\"image\"><span class=\"fusion-image-hover-element hover-type-none\"><img  \/><\/span><\/li><\/ul><\/div><div class=\"fusion-text fusion-text-4\"><\/div>\n<\/div><div class=\"fusion-clearfix\"><\/div><\/div><\/div><\/div><\/div>\n","protected":false},"excerpt":{"rendered":"","protected":false},"author":5,"featured_media":1334,"comment_status":"open","ping_status":"open","sticky":false,"template":"","format":"standard","meta":{"xn-wppe-expiration":[],"xn-wppe-expiration-action":[],"xn-wppe-expiration-prefix":[],"footnotes":""},"categories":[23,14],"tags":[],"_links":{"self":[{"href":"https:\/\/chalons.catholique.fr\/eglises\/wp-json\/wp\/v2\/posts\/1333"}],"collection":[{"href":"https:\/\/chalons.catholique.fr\/eglises\/wp-json\/wp\/v2\/posts"}],"about":[{"href":"https:\/\/chalons.catholique.fr\/eglises\/wp-json\/wp\/v2\/types\/post"}],"author":[{"embeddable":true,"href":"https:\/\/chalons.catholique.fr\/eglises\/wp-json\/wp\/v2\/users\/5"}],"replies":[{"embeddable":true,"href":"https:\/\/chalons.catholique.fr\/eglises\/wp-json\/wp\/v2\/comments?post=1333"}],"version-history":[{"count":0,"href":"https:\/\/chalons.catholique.fr\/eglises\/wp-json\/wp\/v2\/posts\/1333\/revisions"}],"wp:featuredmedia":[{"embeddable":true,"href":"https:\/\/chalons.catholique.fr\/eglises\/wp-json\/wp\/v2\/media\/1334"}],"wp:attachment":[{"href":"https:\/\/chalons.catholique.fr\/eglises\/wp-json\/wp\/v2\/media?parent=1333"}],"wp:term":[{"taxonomy":"category","embeddable":true,"href":"https:\/\/chalons.catholique.fr\/eglises\/wp-json\/wp\/v2\/categories?post=1333"},{"taxonomy":"post_tag","embeddable":true,"href":"https:\/\/chalons.catholique.fr\/eglises\/wp-json\/wp\/v2\/tags?post=1333"}],"curies":[{"name":"wp","href":"https:\/\/api.w.org\/{rel}","templated":true}]}}