{"id":1119,"date":"2015-08-03T13:19:52","date_gmt":"2015-08-03T12:19:52","guid":{"rendered":"http:\/\/chalons.catholique.fr\/eglises\/?p=1119"},"modified":"2019-05-04T19:50:09","modified_gmt":"2019-05-04T18:50:09","slug":"la-chaussee-sur-marne-eglise-saint-pierre","status":"publish","type":"post","link":"https:\/\/chalons.catholique.fr\/eglises\/la-chaussee-sur-marne-eglise-saint-pierre\/","title":{"rendered":"La Chauss\u00e9e sur Marne : \u00c9glise Saint-Pierre"},"content":{"rendered":"<div class=\"fusion-fullwidth fullwidth-box fusion-builder-row-1 hundred-percent-fullwidth non-hundred-percent-height-scrolling\" style=\"--awb-border-radius-top-left:0px;--awb-border-radius-top-right:0px;--awb-border-radius-bottom-right:0px;--awb-border-radius-bottom-left:0px;--awb-overflow:visible;--awb-flex-wrap:wrap;\" ><div class=\"fusion-builder-row fusion-row\"><div class=\"fusion-layout-column fusion_builder_column fusion-builder-column-0 fusion_builder_column_1_3 1_3 fusion-one-third fusion-column-first fusion-animated\" style=\"--awb-padding-top:10px;--awb-padding-right:10px;--awb-padding-bottom:10px;--awb-padding-left:10px;--awb-bg-size:cover;--awb-border-color:#969696;--awb-border-top:1px;--awb-border-right:1px;--awb-border-bottom:1px;--awb-border-left:1px;--awb-border-style:solid;width:30.6666%; margin-right: 4%;\" data-animationType=\"fadeInDown\" data-animationDuration=\"0.1\" data-animationOffset=\"top-into-view\"><div class=\"fusion-column-wrapper fusion-flex-column-wrapper-legacy\"><div class=\"fusion-image-element in-legacy-container\" style=\"--awb-caption-title-font-family:var(--h2_typography-font-family);--awb-caption-title-font-weight:var(--h2_typography-font-weight);--awb-caption-title-font-style:var(--h2_typography-font-style);--awb-caption-title-size:var(--h2_typography-font-size);--awb-caption-title-transform:var(--h2_typography-text-transform);--awb-caption-title-line-height:var(--h2_typography-line-height);--awb-caption-title-letter-spacing:var(--h2_typography-letter-spacing);\"><span class=\" fusion-imageframe imageframe-none imageframe-1 hover-type-none\"><img decoding=\"async\" width=\"800\" height=\"600\" title=\"lachaussee_saintpierre\" src=\"https:\/\/chalons.catholique.fr\/eglises\/wp-content\/uploads\/sites\/4\/2015\/08\/lachaussee_saintpierre.jpg\" alt class=\"img-responsive wp-image-1138\"\/><\/span><\/div><div class=\"fusion-text fusion-text-1\"><\/div>\t\t\t\t\t<script type=\"text\/javascript\">\n\t\t\t\t\t\tvar map_fusion_map_69f21d80e9dca;\n\t\t\t\t\t\tvar markers = [];\n\t\t\t\t\t\tvar counter = 0;\n\t\t\t\t\t\t\t\t\t\t\t\t\t\t\t\t\t\t\t\tvar fusionMapNonce = '1cfbadbbcd';\n\t\t\t\t\t\t\t\t\t\t\t\tfunction fusion_run_map_fusion_map_69f21d80e9dca() {\n\t\t\t\t\t\t\tjQuery('#fusion_map_69f21d80e9dca').fusion_maps({\n\t\t\t\t\t\t\t\taddresses: [{\"address\":\"Ruelle de l'Eglise, La Chauss\\u00e9e-sur-Marne\",\"infobox_content\":\"Ruelle de l'Eglise, La Chauss\\u00e9e-sur-Marne\",\"coordinates\":false,\"cache\":true,\"latitude\":\"48.83327730000001\",\"longitude\":\"4.525641299999961\"}],\n\t\t\t\t\t\t\t\tanimations: true,\n\t\t\t\t\t\t\t\tinfobox_background_color: '',\n\t\t\t\t\t\t\t\tinfobox_styling: 'default',\n\t\t\t\t\t\t\t\tinfobox_text_color: '',\n\t\t\t\t\t\t\t\tmap_style: 'default',\n\t\t\t\t\t\t\t\tmap_type: 'roadmap',\n\t\t\t\t\t\t\t\tmarker_icon: '',\n\t\t\t\t\t\t\t\toverlay_color: '',\n\t\t\t\t\t\t\t\toverlay_color_hsl: {\"hue\":0,\"sat\":0,\"lum\":100},\n\t\t\t\t\t\t\t\tpan_control: true,\n\t\t\t\t\t\t\t\tshow_address: false,\n\t\t\t\t\t\t\t\tscale_control: true,\n\t\t\t\t\t\t\t\tscrollwheel: true,\n\t\t\t\t\t\t\t\tzoom: 14,\n\t\t\t\t\t\t\t\tzoom_control: true,\n\t\t\t\t\t\t\t});\n\t\t\t\t\t\t}\n\n\t\t\t\t\t\tgoogle.maps.event.addDomListener(window, 'load', fusion_run_map_fusion_map_69f21d80e9dca);\n\t\t\t\t\t<\/script>\n\t\t\t\t\t<div class=\"shortcode-map fusion-google-map fusion-maps-js-type\" style=\"--awb-height:270px;--awb-width:90%;\" id=\"fusion_map_69f21d80e9dca\"><\/div><div class=\"fusion-clearfix\"><\/div><\/div><\/div><div class=\"fusion-layout-column fusion_builder_column fusion-builder-column-1 fusion_builder_column_2_3 2_3 fusion-two-third fusion-column-last\" style=\"--awb-bg-size:cover;width:65.3333%;\"><div class=\"fusion-column-wrapper fusion-flex-column-wrapper-legacy\"><div class=\"fusion-text fusion-text-2\"><div class=\"page\" title=\"Page 1\">\n<div class=\"layoutArea\">\n<div class=\"column\">\n<p>Eglise Saint Pierre<\/p>\n<p>La plus grande e\u0301glise des deux e\u0301glises du village, datant des XIe\u0301me et XIIe\u0300me sie\u0300cles, classe\u0301e monument historique en 1930.<br \/>\nA l\u2019inte\u0301rieur, le testament de Gilles Porte (1570-1654) et trois vitraux offerts par l\u2019abbe\u0301 Pierre Gillet et par l\u2019abbe\u0301 Lucien Dugois. Tous trois e\u0301taient chausse\u0301ens.<\/p>\n<p>L\u2019\u00e9glise Saint Pierre de Coulmiers est un \u00e9difice roman enti\u00e8rement construit en craie. C\u2019est au milieu du 11\u00e8me si\u00e8cle qu\u2019il est permis de dater les parties les plus anciennes.<\/p>\n<p class=\"spip\">A l\u2019ext\u00e9rieur on aper\u00e7oit, tr\u00e8s lisible, une bande noire peinte sur les murs. C\u2019est une litre fun\u00e9raire qu\u2019on ravivait lors des obs\u00e8ques des membres de la principale famille seigneuriale.<\/p>\n<p class=\"spip\">Un clocher roman domine l\u2019\u00e9glise. \u00e0 la base une souche carr\u00e9e \u00e9merge des combles et passe soudain \u00e0 la forme octogonale, le passage \u00e9tant marqu\u00e9 \u00e0 l\u2019ext\u00e9rieur par quatre pyramides triangulaires. \u00e0 l\u2019int\u00e9rieur, la nef centrale est la partie la plus ancienne de l\u2019\u00e9difice. Plafonn\u00e9e de bois d\u00e8s l\u2019origine, elle comprend quatre trav\u00e9es et est flanqu\u00e9e de deux collat\u00e9raux.<\/p>\n<p class=\"spip\">Le chevet est de beaucoup la partie la plus int\u00e9ressante de l\u2019\u00e9glise, il est polygonal donc d\u2019inspiration rh\u00e9nane.<\/p>\n<p class=\"spip\">La crois\u00e9e des transepts est vo\u00fbt\u00e9e, en craie ar\u00eates comprises. Les arcs doubleaux sont port\u00e9s par des chapiteaux cubiques. Cette \u00e9glise comporte deux chapelles, celle de gauche est d\u00e9di\u00e9e \u00e0 Saint Pierre patron des lieux d\u00e8s l\u2019origine\u00a0; celle de droite est depuis toujours consacr\u00e9e \u00e0 la Sainte Vierge sous le vocable de Notre Dame du Rosaire.<\/p>\n<p class=\"spip\">\u00e0 remarquer \u00e9galement les statues en bois de St Pierre, et celle polychrom\u00e9e de la Vierge tenant l\u2019Enfant datant du 17\u00e8me si\u00e8cle\u00a0; les forts beaux panneaux de l\u2019autel conciliaire ainsi que les stalles provenant de la chapelle de l\u2019ancien \u00e9v\u00each\u00e9 (actuellement pr\u00e9fecture de r\u00e9gion).<\/p>\n<p class=\"spip\">Sous le porche se trouvent deux plaques de marbre. Elles \u00e9voquent la m\u00e9moire, l\u2019une de l\u2019Abb\u00e9 Martin Dupuis originaire de la Chauss\u00e9e et qui fut massacr\u00e9 \u00e0 Tournai pendant la R\u00e9volution\u00a0; l\u2019autre de l\u2019Abb\u00e9 R\u00e9mi Favret cur\u00e9 du lieu sous l\u2019Empire et la Restauration.<\/p>\n<\/div>\n<\/div>\n<\/div>\n<\/div><div class=\"fusion-text fusion-text-3\"><div align=\"center\">\n<\/div><div class=\"fusion-slider-sc fusion-flexslider-loading flexslider flexslider-hover-type-none\" data-slideshow_autoplay=\"1\" data-slideshow_smooth_height=\"0\" data-slideshow_speed=\"7000\" style=\"max-width:50%;height:50%;\"><ul class=\"slides\"><li class=\"image\"><span class=\"fusion-image-hover-element hover-type-none\"><img decoding=\"async\" src=\"https:\/\/chalons.catholique.fr\/eglises\/wp-content\/uploads\/sites\/4\/2015\/08\/Saint-Pierre-de-Coulmier-150x150.jpg\" width=\"150\" height=\"150\" \/><\/span><\/li><li class=\"image\"><span class=\"fusion-image-hover-element hover-type-none\"><img decoding=\"async\" src=\"https:\/\/chalons.catholique.fr\/eglises\/wp-content\/uploads\/sites\/4\/2015\/08\/lachaussee9.jpg\" width=\"427\" height=\"320\" \/><\/span><\/li><li class=\"image\"><span class=\"fusion-image-hover-element hover-type-none\"><img decoding=\"async\" src=\"https:\/\/chalons.catholique.fr\/eglises\/wp-content\/uploads\/sites\/4\/2015\/08\/lachaussee1.jpg\" width=\"427\" height=\"320\" \/><\/span><\/li><li class=\"image\"><span class=\"fusion-image-hover-element hover-type-none\"><img decoding=\"async\" src=\"https:\/\/chalons.catholique.fr\/eglises\/wp-content\/uploads\/sites\/4\/2015\/08\/lachaussee2.jpg\" width=\"427\" height=\"320\" \/><\/span><\/li><li class=\"image\"><span class=\"fusion-image-hover-element hover-type-none\"><img decoding=\"async\" src=\"https:\/\/chalons.catholique.fr\/eglises\/wp-content\/uploads\/sites\/4\/2015\/08\/lachaussee3.jpg\" width=\"427\" height=\"320\" \/><\/span><\/li><li class=\"image\"><span class=\"fusion-image-hover-element hover-type-none\"><img decoding=\"async\" src=\"https:\/\/chalons.catholique.fr\/eglises\/wp-content\/uploads\/sites\/4\/2015\/08\/lachaussee4.jpg\" width=\"427\" height=\"320\" \/><\/span><\/li><li class=\"image\"><span class=\"fusion-image-hover-element hover-type-none\"><img decoding=\"async\" src=\"https:\/\/chalons.catholique.fr\/eglises\/wp-content\/uploads\/sites\/4\/2015\/08\/lachaussee6.jpg\" width=\"333\" height=\"320\" \/><\/span><\/li><li class=\"image\"><span class=\"fusion-image-hover-element hover-type-none\"><img decoding=\"async\" src=\"https:\/\/chalons.catholique.fr\/eglises\/wp-content\/uploads\/sites\/4\/2015\/08\/lachaussee7.jpg\" width=\"427\" height=\"320\" \/><\/span><\/li><li class=\"image\"><span class=\"fusion-image-hover-element hover-type-none\"><img decoding=\"async\" src=\"https:\/\/chalons.catholique.fr\/eglises\/wp-content\/uploads\/sites\/4\/2015\/08\/lachaussee8.jpg\" width=\"324\" height=\"320\" \/><\/span><\/li><\/ul><\/div><div class=\"fusion-text fusion-text-4\"><\/div>\n<\/div><div class=\"fusion-clearfix\"><\/div><\/div><\/div><\/div><\/div>\n","protected":false},"excerpt":{"rendered":"","protected":false},"author":3,"featured_media":1138,"comment_status":"open","ping_status":"open","sticky":false,"template":"","format":"standard","meta":{"xn-wppe-expiration":[],"xn-wppe-expiration-action":[],"xn-wppe-expiration-prefix":[],"footnotes":""},"categories":[24,14],"tags":[],"_links":{"self":[{"href":"https:\/\/chalons.catholique.fr\/eglises\/wp-json\/wp\/v2\/posts\/1119"}],"collection":[{"href":"https:\/\/chalons.catholique.fr\/eglises\/wp-json\/wp\/v2\/posts"}],"about":[{"href":"https:\/\/chalons.catholique.fr\/eglises\/wp-json\/wp\/v2\/types\/post"}],"author":[{"embeddable":true,"href":"https:\/\/chalons.catholique.fr\/eglises\/wp-json\/wp\/v2\/users\/3"}],"replies":[{"embeddable":true,"href":"https:\/\/chalons.catholique.fr\/eglises\/wp-json\/wp\/v2\/comments?post=1119"}],"version-history":[{"count":0,"href":"https:\/\/chalons.catholique.fr\/eglises\/wp-json\/wp\/v2\/posts\/1119\/revisions"}],"wp:featuredmedia":[{"embeddable":true,"href":"https:\/\/chalons.catholique.fr\/eglises\/wp-json\/wp\/v2\/media\/1138"}],"wp:attachment":[{"href":"https:\/\/chalons.catholique.fr\/eglises\/wp-json\/wp\/v2\/media?parent=1119"}],"wp:term":[{"taxonomy":"category","embeddable":true,"href":"https:\/\/chalons.catholique.fr\/eglises\/wp-json\/wp\/v2\/categories?post=1119"},{"taxonomy":"post_tag","embeddable":true,"href":"https:\/\/chalons.catholique.fr\/eglises\/wp-json\/wp\/v2\/tags?post=1119"}],"curies":[{"name":"wp","href":"https:\/\/api.w.org\/{rel}","templated":true}]}}